{"id":9835,"date":"2026-03-30T08:15:48","date_gmt":"2026-03-30T04:15:48","guid":{"rendered":"https:\/\/etab.ac-reunion.fr\/clg-tamarins\/?p=9835"},"modified":"2026-03-31T07:26:01","modified_gmt":"2026-03-31T03:26:01","slug":"webinaire-des-eco-delegues-27-mars-2026","status":"publish","type":"post","link":"https:\/\/etab.ac-reunion.fr\/clg-tamarins\/webinaire-des-eco-delegues-27-mars-2026\/","title":{"rendered":"Webinaire des \u00e9co-d\u00e9l\u00e9gu\u00e9s (27 mars 2026)"},"content":{"rendered":"<p>Comme chaque ann\u00e9e depuis 4 ans, les \u00e9co-d\u00e9l\u00e9gu\u00e9s du coll\u00e8ge ont particip\u00e9 au Webinaire du D\u00e9veloppement Durable, qui r\u00e9unissait plus d\u2019une soixantaine d\u2019\u00e9tablissements autour de la pr\u00e9sentation de 20 projets innovants : lutte contre les esp\u00e8ces envahissantes, r\u00e9utilisation des mat\u00e9riaux, mise en place d\u2019arboretums, boutique solidaire anti-gaspillage\u2026 Les initiatives ont foisonn\u00e9\u2026 et inspir\u00e9 !<\/p>\n<p>Les \u00e9co-d\u00e9l\u00e9gu\u00e9s du coll\u00e8ge avaient choisi, par l\u2019interm\u00e9diaire de leurs cinq porte-parole \u2014 Kendra, Juliette, Lucile, Ilan et Ilyan \u2014 de t\u00e9moigner sur le th\u00e8me : \u00ab \u00catre \u00e9co-d\u00e9l\u00e9gu\u00e9, ce que cela m\u2019a apport\u00e9 \u00bb. Forts d\u2019exp\u00e9riences tr\u00e8s diff\u00e9rentes, certains d\u00e9couvrant ce r\u00f4le tandis que d\u2019autres l\u2019exp\u00e9rimentent depuis plusieurs ann\u00e9es, chacun a pr\u00e9sent\u00e9 l\u2019action qui l\u2019avait le plus marqu\u00e9 et l\u2019influence que cela avait eue dans sa vie.<\/p>\n<p>Ainsi, Juliette aimerait devenir zoologue suite au partenariat avec les TAAF, tandis que Kendra souhaiterait s\u2019engager dans le b\u00e9n\u00e9volat pour lutter contre l\u2019errance animale. Lucile, impliqu\u00e9e dans l\u2019entretien de l\u2019arboretum du coll\u00e8ge, nous a confi\u00e9 \u00eatre d\u00e9sormais bien plus \u00e0 l\u2019aise dans la reconnaissance des plantes end\u00e9miques. Ilan et Ilyan ont, quant \u00e0 eux, expliqu\u00e9 comment cette premi\u00e8re ann\u00e9e en tant qu\u2019\u00e9co-d\u00e9l\u00e9gu\u00e9s les avait sensibilis\u00e9s, pour l\u2019un aux probl\u00e9matiques climatiques, et pour l\u2019autre \u00e0 la question des d\u00e9chets.<\/p>\n<p>Un moment riche de partages et de dynamisme qui a permis \u00e0 chacun d\u2019envisager de nouvelles pistes pour l\u2019ann\u00e9e prochaine.<\/p>\n<p style=\"text-align: right\">Mme FEUILLERAC<\/p>\n<p style=\"text-align: right\">R\u00e9f\u00e9rente EDD<\/p>\n<p><img loading=\"lazy\" decoding=\"async\" class=\"alignnone wp-image-9841 size-full\" src=\"https:\/\/etab.ac-reunion.fr\/clg-tamarins\/wp-content\/uploads\/sites\/56\/2026\/03\/Design-sans-titre.jpg\" alt=\"\" width=\"1024\" height=\"768\" srcset=\"https:\/\/etab.ac-reunion.fr\/clg-tamarins\/wp-content\/uploads\/sites\/56\/2026\/03\/Design-sans-titre.jpg 1024w, https:\/\/etab.ac-reunion.fr\/clg-tamarins\/wp-content\/uploads\/sites\/56\/2026\/03\/Design-sans-titre-300x225.jpg 300w, https:\/\/etab.ac-reunion.fr\/clg-tamarins\/wp-content\/uploads\/sites\/56\/2026\/03\/Design-sans-titre-768x576.jpg 768w, https:\/\/etab.ac-reunion.fr\/clg-tamarins\/wp-content\/uploads\/sites\/56\/2026\/03\/Design-sans-titre-150x113.jpg 150w\" sizes=\"auto, (max-width: 1024px) 100vw, 1024px\" \/><\/p>\n","protected":false},"excerpt":{"rendered":"<p>Comme chaque ann\u00e9e depuis 4 ans, les \u00e9co-d\u00e9l\u00e9gu\u00e9s du coll\u00e8ge ont particip\u00e9 au Webinaire du D\u00e9veloppement Durable, qui r\u00e9unissait plus d\u2019une soixantaine d\u2019\u00e9tablissements autour de la pr\u00e9sentation de 20 projets innovants : lutte contre les esp\u00e8ces envahissantes, r\u00e9utilisation des mat\u00e9riaux, mise en place d\u2019arboretums, boutique solidaire anti-gaspillage\u2026 Les initiatives ont\u2026<\/p>\n<p class=\"continue-reading-button\"> <a class=\"continue-reading-link\" href=\"https:\/\/etab.ac-reunion.fr\/clg-tamarins\/webinaire-des-eco-delegues-27-mars-2026\/\">Continuer \u00e0 lire<i class=\"crycon-right-dir\"><\/i><\/a><\/p>\n","protected":false},"author":30567,"featured_media":9841,"comment_status":"closed","ping_status":"closed","sticky":false,"template":"","format":"quote","meta":{"footnotes":""},"categories":[287,1],"tags":[],"class_list":["post-9835","post","type-post","status-publish","format-quote","has-post-thumbnail","hentry","category-edd","category-non-classe","post_format-post-format-quote"],"_links":{"self":[{"href":"https:\/\/etab.ac-reunion.fr\/clg-tamarins\/wp-json\/wp\/v2\/posts\/9835","targetHints":{"allow":["GET"]}}],"collection":[{"href":"https:\/\/etab.ac-reunion.fr\/clg-tamarins\/wp-json\/wp\/v2\/posts"}],"about":[{"href":"https:\/\/etab.ac-reunion.fr\/clg-tamarins\/wp-json\/wp\/v2\/types\/post"}],"author":[{"embeddable":true,"href":"https:\/\/etab.ac-reunion.fr\/clg-tamarins\/wp-json\/wp\/v2\/users\/30567"}],"replies":[{"embeddable":true,"href":"https:\/\/etab.ac-reunion.fr\/clg-tamarins\/wp-json\/wp\/v2\/comments?post=9835"}],"version-history":[{"count":4,"href":"https:\/\/etab.ac-reunion.fr\/clg-tamarins\/wp-json\/wp\/v2\/posts\/9835\/revisions"}],"predecessor-version":[{"id":9843,"href":"https:\/\/etab.ac-reunion.fr\/clg-tamarins\/wp-json\/wp\/v2\/posts\/9835\/revisions\/9843"}],"wp:featuredmedia":[{"embeddable":true,"href":"https:\/\/etab.ac-reunion.fr\/clg-tamarins\/wp-json\/wp\/v2\/media\/9841"}],"wp:attachment":[{"href":"https:\/\/etab.ac-reunion.fr\/clg-tamarins\/wp-json\/wp\/v2\/media?parent=9835"}],"wp:term":[{"taxonomy":"category","embeddable":true,"href":"https:\/\/etab.ac-reunion.fr\/clg-tamarins\/wp-json\/wp\/v2\/categories?post=9835"},{"taxonomy":"post_tag","embeddable":true,"href":"https:\/\/etab.ac-reunion.fr\/clg-tamarins\/wp-json\/wp\/v2\/tags?post=9835"}],"curies":[{"name":"wp","href":"https:\/\/api.w.org\/{rel}","templated":true}]}}