{"id":7600,"date":"2025-11-24T18:00:01","date_gmt":"2025-11-24T14:00:01","guid":{"rendered":"https:\/\/etab.ac-reunion.fr\/clg-terrain-fayard\/?p=7600"},"modified":"2025-12-02T09:27:48","modified_gmt":"2025-12-02T05:27:48","slug":"enquete-des-3e-prepa-metier-sur-lorange-day","status":"publish","type":"post","link":"https:\/\/etab.ac-reunion.fr\/clg-terrain-fayard\/enquete-des-3e-prepa-metier-sur-lorange-day\/","title":{"rendered":"Enqu\u00eate des 3e Prepa m\u00e9tier sur l&rsquo;Orange Day"},"content":{"rendered":"\n<p>Dans le cadre d\u2019Orange Day, journ\u00e9e internationale de lutte contre les violences faites aux femmes et aux filles, les \u00e9l\u00e8ves de 3\u1d49 PARKS&nbsp;ont men\u00e9 une enqu\u00eate aupr\u00e8s de l\u2019ensemble du coll\u00e8ge.<br>Ce projet a \u00e9t\u00e9 r\u00e9alis\u00e9 en cours de Math\u00e9matiques, en lien avec l\u2019\u00e9ducation au respect et \u00e0 l\u2019\u00e9galit\u00e9.<\/p>\n\n\n\n<p>Les \u00e9l\u00e8ves ont construit un questionnaire, collect\u00e9 plus de 500 r\u00e9ponses, puis appris \u00e0 utiliser un tableur, \u00e0&nbsp;calculer les pourcentages et \u00e0&nbsp;r\u00e9aliser les graphiques.<\/p>\n\n\n\n<h3 class=\"wp-block-heading\"><mark style=\"background-color:#ffffff\" class=\"has-inline-color has-luminous-vivid-orange-color\">Le travail en Math\u00e9matiques<\/mark><\/h3>\n\n\n\n<p>En cours de Math\u00e9matiques, les \u00e9l\u00e8ves ont appris \u00e0 :<\/p>\n\n\n\n<ul class=\"wp-block-list\">\n<li>pr\u00e9parer un questionnaire clair ;<\/li>\n\n\n\n<li>recueillir et organiser les r\u00e9ponses ;<\/li>\n\n\n\n<li>utiliser un tableur&nbsp;;<\/li>\n\n\n\n<li>calculer des pourcentages ;<\/li>\n\n\n\n<li>r\u00e9aliser un diagramme pour repr\u00e9senter les r\u00e9sultats.<\/li>\n<\/ul>\n\n\n\n<p>Vous trouverez l&rsquo;ensemble des r\u00e9sultats de cette enqu\u00eate sur l&rsquo;infographie ci-contre.<\/p>\n\n\n\n<p>Conclusion:&nbsp;Cette enqu\u00eate a permis de donner la parole aux \u00e9l\u00e8ves et de mieux comprendre leurs besoins.<br>Elle montre que la majorit\u00e9 d\u2019entre eux est inform\u00e9e, consciente des probl\u00e8mes et pr\u00eate \u00e0 s\u2019engager.<\/p>\n\n\n\n<p>Les 3\u1d49 Pr\u00e9pa-M\u00e9tiers remercient l\u2019ensemble du coll\u00e8ge pour sa participation.<br>Leurs travaux montrent aussi que les Math\u00e9matiques peuvent aussi servir \u00e0 comprendre la soci\u00e9t\u00e9 et \u00e0 am\u00e9liorer la vie au coll\u00e8ge.<\/p>\n\n\n<div class=\"wp-block-image\">\n<figure class=\"aligncenter size-full is-resized\"><a href=\"https:\/\/etab.ac-reunion.fr\/clg-terrain-fayard\/wp-content\/uploads\/sites\/51\/2025\/11\/enquete-Orange-Day-3PARKS-1.png\"><img loading=\"lazy\" decoding=\"async\" width=\"1414\" height=\"2000\" src=\"https:\/\/etab.ac-reunion.fr\/clg-terrain-fayard\/wp-content\/uploads\/sites\/51\/2025\/11\/enquete-Orange-Day-3PARKS-1.png\" alt=\"\" class=\"wp-image-7602\" style=\"width:534px;height:auto\" srcset=\"https:\/\/etab.ac-reunion.fr\/clg-terrain-fayard\/wp-content\/uploads\/sites\/51\/2025\/11\/enquete-Orange-Day-3PARKS-1.png 1414w, https:\/\/etab.ac-reunion.fr\/clg-terrain-fayard\/wp-content\/uploads\/sites\/51\/2025\/11\/enquete-Orange-Day-3PARKS-1-141x200.png 141w, https:\/\/etab.ac-reunion.fr\/clg-terrain-fayard\/wp-content\/uploads\/sites\/51\/2025\/11\/enquete-Orange-Day-3PARKS-1-283x400.png 283w, https:\/\/etab.ac-reunion.fr\/clg-terrain-fayard\/wp-content\/uploads\/sites\/51\/2025\/11\/enquete-Orange-Day-3PARKS-1-768x1086.png 768w, https:\/\/etab.ac-reunion.fr\/clg-terrain-fayard\/wp-content\/uploads\/sites\/51\/2025\/11\/enquete-Orange-Day-3PARKS-1-1086x1536.png 1086w, https:\/\/etab.ac-reunion.fr\/clg-terrain-fayard\/wp-content\/uploads\/sites\/51\/2025\/11\/enquete-Orange-Day-3PARKS-1-106x150.png 106w\" sizes=\"auto, (max-width: 1414px) 100vw, 1414px\" \/><\/a><\/figure>\n<\/div>","protected":false},"excerpt":{"rendered":"<p>Dans le cadre d\u2019Orange Day, journ\u00e9e internationale de lutte contre les violences faites aux femmes et aux filles, les \u00e9l\u00e8ves de 3\u1d49 PARKS ont men\u00e9 une enqu\u00eate aupr\u00e8s de l\u2019ensemble du coll\u00e8ge.<\/p>\n<p> <a class=\"continue-reading-link\" href=\"https:\/\/etab.ac-reunion.fr\/clg-terrain-fayard\/enquete-des-3e-prepa-metier-sur-lorange-day\/\"><span>Lire plus<\/span><i class=\"crycon-right-dir\"><\/i><\/a> <\/p>\n","protected":false},"author":38667,"featured_media":7601,"comment_status":"closed","ping_status":"open","sticky":false,"template":"","format":"standard","meta":{"footnotes":""},"categories":[111,166,149],"tags":[],"class_list":["post-7600","post","type-post","status-publish","format-standard","has-post-thumbnail","hentry","category-3eme-prepa-metier","category-3eme-prepa-metier-3eme-prepa-metier","category-mathematiques"],"_links":{"self":[{"href":"https:\/\/etab.ac-reunion.fr\/clg-terrain-fayard\/wp-json\/wp\/v2\/posts\/7600","targetHints":{"allow":["GET"]}}],"collection":[{"href":"https:\/\/etab.ac-reunion.fr\/clg-terrain-fayard\/wp-json\/wp\/v2\/posts"}],"about":[{"href":"https:\/\/etab.ac-reunion.fr\/clg-terrain-fayard\/wp-json\/wp\/v2\/types\/post"}],"author":[{"embeddable":true,"href":"https:\/\/etab.ac-reunion.fr\/clg-terrain-fayard\/wp-json\/wp\/v2\/users\/38667"}],"replies":[{"embeddable":true,"href":"https:\/\/etab.ac-reunion.fr\/clg-terrain-fayard\/wp-json\/wp\/v2\/comments?post=7600"}],"version-history":[{"count":3,"href":"https:\/\/etab.ac-reunion.fr\/clg-terrain-fayard\/wp-json\/wp\/v2\/posts\/7600\/revisions"}],"predecessor-version":[{"id":7606,"href":"https:\/\/etab.ac-reunion.fr\/clg-terrain-fayard\/wp-json\/wp\/v2\/posts\/7600\/revisions\/7606"}],"wp:featuredmedia":[{"embeddable":true,"href":"https:\/\/etab.ac-reunion.fr\/clg-terrain-fayard\/wp-json\/wp\/v2\/media\/7601"}],"wp:attachment":[{"href":"https:\/\/etab.ac-reunion.fr\/clg-terrain-fayard\/wp-json\/wp\/v2\/media?parent=7600"}],"wp:term":[{"taxonomy":"category","embeddable":true,"href":"https:\/\/etab.ac-reunion.fr\/clg-terrain-fayard\/wp-json\/wp\/v2\/categories?post=7600"},{"taxonomy":"post_tag","embeddable":true,"href":"https:\/\/etab.ac-reunion.fr\/clg-terrain-fayard\/wp-json\/wp\/v2\/tags?post=7600"}],"curies":[{"name":"wp","href":"https:\/\/api.w.org\/{rel}","templated":true}]}}