{"id":8030,"date":"2026-04-30T09:25:11","date_gmt":"2026-04-30T05:25:11","guid":{"rendered":"https:\/\/etab.ac-reunion.fr\/clg-terrain-fayard\/?p=8030"},"modified":"2026-04-30T13:59:22","modified_gmt":"2026-04-30T09:59:22","slug":"sortie-pedagogique-relacher-de-petrels-de-barau-par-la-4e-verne","status":"publish","type":"post","link":"https:\/\/etab.ac-reunion.fr\/clg-terrain-fayard\/sortie-pedagogique-relacher-de-petrels-de-barau-par-la-4e-verne\/","title":{"rendered":"Sortie p\u00e9dagogique : Rel\u00e2cher de p\u00e9trels de Barau par la 4e Verne"},"content":{"rendered":"\n<hr class=\"wp-block-separator has-alpha-channel-opacity\" \/>\n\n\n\n<h3 class=\"wp-block-heading\"><strong>Un projet interdisciplinaire engag\u00e9<\/strong><\/h3>\n\n\n\n<p>Le vendredi 17 avril 2026, la classe de 4e VERNE de Mme HOARAU a particip\u00e9 \u00e0 une sortie d\u00e9di\u00e9e au rel\u00e2cher de p\u00e9trels de Barau, une esp\u00e8ce d\u2019oiseau marin end\u00e9mique de La R\u00e9union. Cette activit\u00e9 s\u2019inscrivait dans le cadre d\u2019un projet interdisciplinaire men\u00e9 en SVT et au CDI, articul\u00e9 autour de deux axes:<\/p>\n\n\n\n<ul class=\"wp-block-list\">\n<li><strong>La v\u00e9rification de l\u2019information scientifique<\/strong><\/li>\n\n\n\n<li><strong>L\u2019impact des activit\u00e9s humaines sur l\u2019environnement<\/strong><\/li>\n<\/ul>\n\n\n\n<hr class=\"wp-block-separator has-alpha-channel-opacity\" \/>\n\n\n\n<h3 class=\"wp-block-heading\"><strong>Le p\u00e9trel de Barau : un symbole de la biodiversit\u00e9 r\u00e9unionnaise<\/strong><\/h3>\n\n\n\n<p>Chaque ann\u00e9e, plus d\u2019un millier de jeunes p\u00e9trels de Barau s\u2019\u00e9chouent au sol sur l\u2019\u00eele, d\u00e9sorient\u00e9s par la <strong>pollution lumineuse<\/strong> li\u00e9e aux activit\u00e9s humaines. Esp\u00e8ce prot\u00e9g\u00e9e, le p\u00e9trel de Barau incarne \u00e0 la fois la richesse et la fragilit\u00e9 de l\u2019\u00e9cosyst\u00e8me local.<\/p>\n\n\n\n<p>Gr\u00e2ce \u00e0 l\u2019action de la <strong>SEOR<\/strong> (<a href=\"https:\/\/seor.fr\/\" target=\"_blank\" rel=\"noreferrer noopener\">seor.fr<\/a>), environ <strong>85 % de ces oiseaux \u00e9chou\u00e9s<\/strong> sont sauv\u00e9s et soign\u00e9s avant d\u2019\u00eatre rel\u00e2ch\u00e9s.<\/p>\n\n\n\n<hr class=\"wp-block-separator has-alpha-channel-opacity\" \/>\n\n\n\n<h3 class=\"wp-block-heading\"><strong>Une sortie dans le cadre des Nuits sans lumi\u00e8re<\/strong><\/h3>\n\n\n\n<p>Cette sortie s\u2019est d\u00e9roul\u00e9e pendant l\u2019\u00e9v\u00e9nement <strong>Nuits sans lumi\u00e8re<\/strong>, organis\u00e9 chaque ann\u00e9e en avril et mai \u00e0 La R\u00e9union. L\u2019objectif : sensibiliser \u00e0 la pollution lumineuse et prot\u00e9ger les esp\u00e8ces nocturnes, comme le p\u00e9trel de Barau, dont la saison d\u2019envol des jeunes co\u00efncide avec cette p\u00e9riode.<\/p>\n\n\n\n<hr class=\"wp-block-separator has-alpha-channel-opacity\" \/>\n\n\n\n<h3 class=\"wp-block-heading\"><strong>Une exp\u00e9rience concr\u00e8te pour les \u00e9l\u00e8ves<\/strong><\/h3>\n\n\n\n<p>Les \u00e9l\u00e8ves ont pu <strong>comprendre les enjeux de protection<\/strong> de cette esp\u00e8ce et <strong>participer activement<\/strong> \u00e0 sa pr\u00e9servation en assistant au rel\u00e2cher d\u2019oiseaux soign\u00e9s par le centre de soins de la SEOR.<\/p>\n\n\n\n<hr class=\"wp-block-separator has-alpha-channel-opacity\" \/>\n\n\n\n<p><em>Une belle initiative pour allier apprentissage, engagement et d\u00e9couverte de la nature !<\/em><\/p>\n\n\n\n<figure class=\"wp-block-gallery has-nested-images columns-default is-cropped wp-block-gallery-1 is-layout-flex wp-block-gallery-is-layout-flex\">\n<figure class=\"wp-block-image size-large\"><img loading=\"lazy\" decoding=\"async\" width=\"889\" height=\"400\" data-id=\"8056\" src=\"https:\/\/etab.ac-reunion.fr\/clg-terrain-fayard\/wp-content\/uploads\/sites\/51\/2026\/04\/Petrel22-889x400.jpg\" alt=\"\" class=\"wp-image-8056\" srcset=\"https:\/\/etab.ac-reunion.fr\/clg-terrain-fayard\/wp-content\/uploads\/sites\/51\/2026\/04\/Petrel22-889x400.jpg 889w, https:\/\/etab.ac-reunion.fr\/clg-terrain-fayard\/wp-content\/uploads\/sites\/51\/2026\/04\/Petrel22-444x200.jpg 444w, https:\/\/etab.ac-reunion.fr\/clg-terrain-fayard\/wp-content\/uploads\/sites\/51\/2026\/04\/Petrel22-768x346.jpg 768w, https:\/\/etab.ac-reunion.fr\/clg-terrain-fayard\/wp-content\/uploads\/sites\/51\/2026\/04\/Petrel22-1536x691.jpg 1536w, https:\/\/etab.ac-reunion.fr\/clg-terrain-fayard\/wp-content\/uploads\/sites\/51\/2026\/04\/Petrel22-150x68.jpg 150w, https:\/\/etab.ac-reunion.fr\/clg-terrain-fayard\/wp-content\/uploads\/sites\/51\/2026\/04\/Petrel22.jpg 1600w\" sizes=\"auto, (max-width: 889px) 100vw, 889px\" \/><\/figure>\n\n\n\n<figure class=\"wp-block-image size-large\"><img loading=\"lazy\" decoding=\"async\" width=\"300\" height=\"400\" data-id=\"8055\" src=\"https:\/\/etab.ac-reunion.fr\/clg-terrain-fayard\/wp-content\/uploads\/sites\/51\/2026\/04\/Petrel11-300x400.jpg\" alt=\"\" class=\"wp-image-8055\" srcset=\"https:\/\/etab.ac-reunion.fr\/clg-terrain-fayard\/wp-content\/uploads\/sites\/51\/2026\/04\/Petrel11-300x400.jpg 300w, https:\/\/etab.ac-reunion.fr\/clg-terrain-fayard\/wp-content\/uploads\/sites\/51\/2026\/04\/Petrel11-150x200.jpg 150w, https:\/\/etab.ac-reunion.fr\/clg-terrain-fayard\/wp-content\/uploads\/sites\/51\/2026\/04\/Petrel11-768x1024.jpg 768w, https:\/\/etab.ac-reunion.fr\/clg-terrain-fayard\/wp-content\/uploads\/sites\/51\/2026\/04\/Petrel11-113x150.jpg 113w, https:\/\/etab.ac-reunion.fr\/clg-terrain-fayard\/wp-content\/uploads\/sites\/51\/2026\/04\/Petrel11.jpg 960w\" sizes=\"auto, (max-width: 300px) 100vw, 300px\" \/><\/figure>\n\n\n\n<figure class=\"wp-block-image size-large\"><img loading=\"lazy\" decoding=\"async\" width=\"300\" height=\"400\" data-id=\"8054\" src=\"https:\/\/etab.ac-reunion.fr\/clg-terrain-fayard\/wp-content\/uploads\/sites\/51\/2026\/04\/Petrel2-300x400.jpg\" alt=\"\" class=\"wp-image-8054\" srcset=\"https:\/\/etab.ac-reunion.fr\/clg-terrain-fayard\/wp-content\/uploads\/sites\/51\/2026\/04\/Petrel2-300x400.jpg 300w, https:\/\/etab.ac-reunion.fr\/clg-terrain-fayard\/wp-content\/uploads\/sites\/51\/2026\/04\/Petrel2-150x200.jpg 150w, https:\/\/etab.ac-reunion.fr\/clg-terrain-fayard\/wp-content\/uploads\/sites\/51\/2026\/04\/Petrel2-768x1024.jpg 768w, https:\/\/etab.ac-reunion.fr\/clg-terrain-fayard\/wp-content\/uploads\/sites\/51\/2026\/04\/Petrel2-1152x1536.jpg 1152w, https:\/\/etab.ac-reunion.fr\/clg-terrain-fayard\/wp-content\/uploads\/sites\/51\/2026\/04\/Petrel2-113x150.jpg 113w, https:\/\/etab.ac-reunion.fr\/clg-terrain-fayard\/wp-content\/uploads\/sites\/51\/2026\/04\/Petrel2.jpg 1200w\" sizes=\"auto, (max-width: 300px) 100vw, 300px\" \/><\/figure>\n<\/figure>\n\n\n\n<p><\/p>\n","protected":false},"excerpt":{"rendered":"<p>Un projet interdisciplinaire engag\u00e9 Le vendredi 17 avril 2026, la classe de 4e VERNE de Mme HOARAU a particip\u00e9 \u00e0 une sortie d\u00e9di\u00e9e au rel\u00e2cher de p\u00e9trels de Barau, une esp\u00e8ce d\u2019oiseau marin end\u00e9mique de La R\u00e9union. Cette activit\u00e9 s\u2019inscrivait dans le cadre d\u2019un projet interdisciplinaire men\u00e9 en SVT et au CDI, articul\u00e9 autour de deux axes: Le p\u00e9trel de Barau : un symbole de la biodiversit\u00e9 r\u00e9unionnaise Chaque ann\u00e9e, plus d\u2019un millier de jeunes p\u00e9trels de Barau s\u2019\u00e9chouent au sol sur l\u2019\u00eele, d\u00e9sorient\u00e9s par la pollution lumineuse li\u00e9e aux activit\u00e9s humaines. Esp\u00e8ce prot\u00e9g\u00e9e, le p\u00e9trel de Barau incarne \u00e0&#8230;<\/p>\n<p> <a class=\"continue-reading-link\" href=\"https:\/\/etab.ac-reunion.fr\/clg-terrain-fayard\/sortie-pedagogique-relacher-de-petrels-de-barau-par-la-4e-verne\/\"><span>Lire plus<\/span><i class=\"crycon-right-dir\"><\/i><\/a> <\/p>\n","protected":false},"author":38667,"featured_media":8055,"comment_status":"closed","ping_status":"open","sticky":false,"template":"","format":"standard","meta":{"footnotes":""},"categories":[],"tags":[],"class_list":["post-8030","post","type-post","status-publish","format-standard","has-post-thumbnail","hentry"],"_links":{"self":[{"href":"https:\/\/etab.ac-reunion.fr\/clg-terrain-fayard\/wp-json\/wp\/v2\/posts\/8030","targetHints":{"allow":["GET"]}}],"collection":[{"href":"https:\/\/etab.ac-reunion.fr\/clg-terrain-fayard\/wp-json\/wp\/v2\/posts"}],"about":[{"href":"https:\/\/etab.ac-reunion.fr\/clg-terrain-fayard\/wp-json\/wp\/v2\/types\/post"}],"author":[{"embeddable":true,"href":"https:\/\/etab.ac-reunion.fr\/clg-terrain-fayard\/wp-json\/wp\/v2\/users\/38667"}],"replies":[{"embeddable":true,"href":"https:\/\/etab.ac-reunion.fr\/clg-terrain-fayard\/wp-json\/wp\/v2\/comments?post=8030"}],"version-history":[{"count":2,"href":"https:\/\/etab.ac-reunion.fr\/clg-terrain-fayard\/wp-json\/wp\/v2\/posts\/8030\/revisions"}],"predecessor-version":[{"id":8058,"href":"https:\/\/etab.ac-reunion.fr\/clg-terrain-fayard\/wp-json\/wp\/v2\/posts\/8030\/revisions\/8058"}],"wp:featuredmedia":[{"embeddable":true,"href":"https:\/\/etab.ac-reunion.fr\/clg-terrain-fayard\/wp-json\/wp\/v2\/media\/8055"}],"wp:attachment":[{"href":"https:\/\/etab.ac-reunion.fr\/clg-terrain-fayard\/wp-json\/wp\/v2\/media?parent=8030"}],"wp:term":[{"taxonomy":"category","embeddable":true,"href":"https:\/\/etab.ac-reunion.fr\/clg-terrain-fayard\/wp-json\/wp\/v2\/categories?post=8030"},{"taxonomy":"post_tag","embeddable":true,"href":"https:\/\/etab.ac-reunion.fr\/clg-terrain-fayard\/wp-json\/wp\/v2\/tags?post=8030"}],"curies":[{"name":"wp","href":"https:\/\/api.w.org\/{rel}","templated":true}]}}