{"id":1979,"date":"2021-09-17T13:26:35","date_gmt":"2021-09-17T09:26:35","guid":{"rendered":"http:\/\/college-terrain-fleury.ac-reunion.fr\/?p=1979"},"modified":"2021-09-17T13:28:22","modified_gmt":"2021-09-17T09:28:22","slug":"1979-2","status":"publish","type":"post","link":"https:\/\/etab.ac-reunion.fr\/clg-terrain-fleury\/1979-2\/","title":{"rendered":"Information \u00e0 l&rsquo;attention des Parents d&rsquo;El\u00e8ves sur la vaccination au Lyc\u00e9e Roland Garros le 24 septembre 2021"},"content":{"rendered":"\n<p><strong>Un centre de vaccination \u00e9ph\u00e9m\u00e8re, situ\u00e9 au lyc\u00e9e Roland-Garros, propose \u00e0 nouveau le 24 septembre<\/strong> 2021, l\u2019<strong>opportunit\u00e9<\/strong> pour les coll\u00e9giens \u00e0 partir de 12 ans, de pouvoir se faire vacciner<strong> avec votre autorisation. <\/strong>Cette op\u00e9ration se d\u00e9roulera en partenariat et<strong> sous la responsabilit\u00e9 de l&rsquo;ARS<\/strong> et concernera les \u00e9l\u00e8ves qui se feront vacciner pour la 1<sup>\u00e8re<\/sup> fois ou ceux qui recevront leur 2<sup>\u00e8me<\/sup> dose.<\/p>\n\n\n\n<p>Les parents qui sont dans une <strong>d\u00e9marche volontaire<\/strong>, et qui souhaitent que leur enfant puisse en b\u00e9n\u00e9ficier, devront retirer<strong> aupr\u00e8s du secr\u00e9tariat des \u00e9l\u00e8ves <\/strong>du coll\u00e8ge <strong>une autorisation parentale ainsi qu\u2019un questionnaire de sant\u00e9<\/strong>.<\/p>\n\n\n\n<p>Afin que le lyc\u00e9e puisse organiser les passages et g\u00e9rer les flux, la date de retour de ces pi\u00e8ces<strong> <u>aupr\u00e8s du secr\u00e9tariat<\/u> <\/strong>est fix\u00e9e au <strong><u>jeudi 23 septembre \u00e0 midi<\/u><\/strong> <strong>au plus tard.<\/strong><\/p>\n\n\n\n<p>Ces 2 documents pourront aussi \u00eatre remplis sur place au secr\u00e9tariat, le questionnaire \u00e9tant mis sous enveloppe et vis\u00e9 ensuite par l\u2019infirmi\u00e8re de l\u2019\u00e9tablissement.<\/p>\n\n\n\n<p>Si vous choisissez de les remplir chez vous, vous veillerez \u00e0 ce que:<\/p>\n\n\n\n<p><strong>\u009e<\/strong><strong> <\/strong>l\u2019autorisation parentale soit \u00eatre d\u00fbment remplie et sign\u00e9e par le ou les responsables l\u00e9gaux,<\/p>\n\n\n\n<p><strong>\u009e<\/strong><strong> <\/strong>le questionnaire de sant\u00e9 <strong><u>soit retourn\u00e9 sous pli confidentiel<\/u><\/strong>, sur lequel vous ferez figurer le nom de l&rsquo;\u00e9l\u00e8ve et sa classe. Il sera <strong>vis\u00e9 par l\u2019infirmi\u00e8re <\/strong>du coll\u00e8ge qui le transmettra ensuite aux infirmiers du lyc\u00e9e.<\/p>\n\n\n\n<p>Le jour de la vaccination \u2013 le 24 septembre dans la matin\u00e9e &#8211; les \u00e9l\u00e8ves devront se pr\u00e9senter munis de leur <strong>pi\u00e8ce d&rsquo;identit\u00e9 et d&rsquo;une photocopie de la carte vitale des parents<\/strong>.<\/p>\n\n\n\n<p>Le coll\u00e8ge <strong>organisera le d\u00e9placement<\/strong>. Toutefois, si des parents souhaitaient accompagner leur enfant, ils y seraient autoris\u00e9s, dans le respect des r\u00e8gles anti-Covid, mais ils devraient ensuite attendre devant le centre de vaccination pour des raisons sanitaires. Ils assureraient alors eux-m\u00eames le d\u00e9placement de leur enfant.<\/p>\n\n\n\n<p>L\u2019heure de d\u00e9part sera communiqu\u00e9e en temps utile aux \u00e9l\u00e8ves concern\u00e9s.<\/p>\n\n\n\n<p class=\"has-text-align-right\">La Principale, B. CAMPANI, le 17 septembre 2021<\/p>\n","protected":false},"excerpt":{"rendered":"<p>Un centre de vaccination \u00e9ph\u00e9m\u00e8re, situ\u00e9 au lyc\u00e9e Roland-Garros, propose \u00e0 nouveau le 24 septembre 2021, l\u2019opportunit\u00e9 pour les coll\u00e9giens \u00e0 partir de 12 ans, de pouvoir se faire vacciner avec votre autorisation. Cette op\u00e9ration se d\u00e9roulera en partenariat et sous la responsabilit\u00e9 de l&rsquo;ARS et concernera les \u00e9l\u00e8ves qui\u2026<\/p>\n<p class=\"continue-reading-button\"> <a class=\"continue-reading-link\" href=\"https:\/\/etab.ac-reunion.fr\/clg-terrain-fleury\/1979-2\/\">Lire la suite<i class=\"crycon-right-dir\"><\/i><\/a><\/p>\n","protected":false},"author":21090,"featured_media":0,"comment_status":"closed","ping_status":"closed","sticky":false,"template":"","format":"standard","meta":{"footnotes":""},"categories":[1],"tags":[],"class_list":["post-1979","post","type-post","status-publish","format-standard","hentry","category-non-classe"],"_links":{"self":[{"href":"https:\/\/etab.ac-reunion.fr\/clg-terrain-fleury\/wp-json\/wp\/v2\/posts\/1979","targetHints":{"allow":["GET"]}}],"collection":[{"href":"https:\/\/etab.ac-reunion.fr\/clg-terrain-fleury\/wp-json\/wp\/v2\/posts"}],"about":[{"href":"https:\/\/etab.ac-reunion.fr\/clg-terrain-fleury\/wp-json\/wp\/v2\/types\/post"}],"author":[{"embeddable":true,"href":"https:\/\/etab.ac-reunion.fr\/clg-terrain-fleury\/wp-json\/wp\/v2\/users\/21090"}],"replies":[{"embeddable":true,"href":"https:\/\/etab.ac-reunion.fr\/clg-terrain-fleury\/wp-json\/wp\/v2\/comments?post=1979"}],"version-history":[{"count":4,"href":"https:\/\/etab.ac-reunion.fr\/clg-terrain-fleury\/wp-json\/wp\/v2\/posts\/1979\/revisions"}],"predecessor-version":[{"id":1984,"href":"https:\/\/etab.ac-reunion.fr\/clg-terrain-fleury\/wp-json\/wp\/v2\/posts\/1979\/revisions\/1984"}],"wp:attachment":[{"href":"https:\/\/etab.ac-reunion.fr\/clg-terrain-fleury\/wp-json\/wp\/v2\/media?parent=1979"}],"wp:term":[{"taxonomy":"category","embeddable":true,"href":"https:\/\/etab.ac-reunion.fr\/clg-terrain-fleury\/wp-json\/wp\/v2\/categories?post=1979"},{"taxonomy":"post_tag","embeddable":true,"href":"https:\/\/etab.ac-reunion.fr\/clg-terrain-fleury\/wp-json\/wp\/v2\/tags?post=1979"}],"curies":[{"name":"wp","href":"https:\/\/api.w.org\/{rel}","templated":true}]}}