{"id":2108,"date":"2022-05-09T07:59:49","date_gmt":"2022-05-09T03:59:49","guid":{"rendered":"http:\/\/college-terrain-fleury.ac-reunion.fr\/?p=2108"},"modified":"2022-05-09T08:02:27","modified_gmt":"2022-05-09T04:02:27","slug":"deuxieme-prix-de-leducation-citoyenne","status":"publish","type":"post","link":"https:\/\/etab.ac-reunion.fr\/clg-terrain-fleury\/deuxieme-prix-de-leducation-citoyenne\/","title":{"rendered":"Deuxi\u00e8me Prix de l\u2019\u00c9ducation Citoyenne"},"content":{"rendered":"\n<div class=\"wp-block-image\"><figure class=\"aligncenter size-large is-resized\"><img loading=\"lazy\" decoding=\"async\" src=\"https:\/\/etab.ac-reunion.fr\/clg-terrain-fleury\/wp-content\/uploads\/sites\/104\/2022\/05\/diplome-prix-1024x741.jpg\" alt=\"\" class=\"wp-image-2109\" width=\"386\" height=\"278\" srcset=\"https:\/\/etab.ac-reunion.fr\/clg-terrain-fleury\/wp-content\/uploads\/sites\/104\/2022\/05\/diplome-prix-1024x741.jpg 1024w, https:\/\/etab.ac-reunion.fr\/clg-terrain-fleury\/wp-content\/uploads\/sites\/104\/2022\/05\/diplome-prix-300x217.jpg 300w, https:\/\/etab.ac-reunion.fr\/clg-terrain-fleury\/wp-content\/uploads\/sites\/104\/2022\/05\/diplome-prix-768x556.jpg 768w, https:\/\/etab.ac-reunion.fr\/clg-terrain-fleury\/wp-content\/uploads\/sites\/104\/2022\/05\/diplome-prix-150x109.jpg 150w, https:\/\/etab.ac-reunion.fr\/clg-terrain-fleury\/wp-content\/uploads\/sites\/104\/2022\/05\/diplome-prix.jpg 1349w\" sizes=\"auto, (max-width: 386px) 100vw, 386px\" \/><\/figure><\/div>\n\n\n\n<p>Le samedi 30 avril 2022 a eu lieu la remise des Prix de l&rsquo;\u00c9ducation Citoyenne \u00e0 la Mairie de Saint Joseph. Sept \u00e9tablissements ont \u00e9t\u00e9 r\u00e9compens\u00e9s en reconnaissance de leur engagement citoyen.<\/p>\n\n\n\n<p>Le coll\u00e8ge, repr\u00e9sent\u00e9 par deux \u00e9l\u00e8ves de la\u00a03<sup>\u00e8me<\/sup>\u00a0<strong>Pr\u00e9pa-M\u00e9tiers<\/strong>\u00a0et du\u00a0<strong>Dispositif ULIS<\/strong>, accompagn\u00e9s par deux professeurs, M VINGUEDASSALOM et M. NATIVEL, a re\u00e7u le\u00a0<strong>deuxi\u00e8me Prix<\/strong>\u00a0pour une action sur la S\u00e9curit\u00e9 Routi\u00e8re avec la r\u00e9alisation de deux spots publicitaires sur la sensibilisation aux \u00e9quipements et aux distracteurs.<\/p>\n\n\n\n<p>Cette matin\u00e9e s&rsquo;est cl\u00f4tur\u00e9e par une c\u00e9r\u00e9monie de d\u00e9p\u00f4ts de gerbe au monument aux morts de la ville de Saint Joseph et un excellent repas tr\u00e8s appr\u00e9ci\u00e9 de tous.<\/p>\n\n\n\n<div class=\"wp-block-image\"><figure class=\"aligncenter size-large is-resized\"><a href=\"https:\/\/tube-outremer.beta.education.fr\/videos\/watch\/410cc223-f27c-4242-a5ee-3eb700380d2f\"><img decoding=\"async\" src=\"https:\/\/etab.ac-reunion.fr\/clg-terrain-fleury\/wp-content\/uploads\/sites\/104\/2022\/05\/film-prix-1024x517.jpg\" alt=\"\" class=\"wp-image-2110\" width=\"-284\" height=\"-143\" srcset=\"https:\/\/etab.ac-reunion.fr\/clg-terrain-fleury\/wp-content\/uploads\/sites\/104\/2022\/05\/film-prix-1024x517.jpg 1024w, https:\/\/etab.ac-reunion.fr\/clg-terrain-fleury\/wp-content\/uploads\/sites\/104\/2022\/05\/film-prix-300x152.jpg 300w, https:\/\/etab.ac-reunion.fr\/clg-terrain-fleury\/wp-content\/uploads\/sites\/104\/2022\/05\/film-prix-768x388.jpg 768w, https:\/\/etab.ac-reunion.fr\/clg-terrain-fleury\/wp-content\/uploads\/sites\/104\/2022\/05\/film-prix-150x76.jpg 150w, https:\/\/etab.ac-reunion.fr\/clg-terrain-fleury\/wp-content\/uploads\/sites\/104\/2022\/05\/film-prix.jpg 1352w\" sizes=\"(max-width: 1024px) 100vw, 1024px\" \/><\/a><\/figure><\/div>\n\n\n\n<div class=\"wp-block-image\"><figure class=\"aligncenter size-full is-resized\"><img loading=\"lazy\" decoding=\"async\" src=\"https:\/\/etab.ac-reunion.fr\/clg-terrain-fleury\/wp-content\/uploads\/sites\/104\/2022\/05\/affiche-prix-education-citoyenne.png\" alt=\"\" class=\"wp-image-2094\" width=\"209\" height=\"259\" srcset=\"https:\/\/etab.ac-reunion.fr\/clg-terrain-fleury\/wp-content\/uploads\/sites\/104\/2022\/05\/affiche-prix-education-citoyenne.png 380w, https:\/\/etab.ac-reunion.fr\/clg-terrain-fleury\/wp-content\/uploads\/sites\/104\/2022\/05\/affiche-prix-education-citoyenne-243x300.png 243w, https:\/\/etab.ac-reunion.fr\/clg-terrain-fleury\/wp-content\/uploads\/sites\/104\/2022\/05\/affiche-prix-education-citoyenne-121x150.png 121w\" sizes=\"auto, (max-width: 209px) 100vw, 209px\" \/><\/figure><\/div>\n\n\n\n<figure class=\"wp-block-image size-large\"><img loading=\"lazy\" decoding=\"async\" width=\"1024\" height=\"769\" src=\"https:\/\/etab.ac-reunion.fr\/clg-terrain-fleury\/wp-content\/uploads\/sites\/104\/2022\/05\/IMG_9803-1024x769.jpg\" alt=\"\" class=\"wp-image-2095\" srcset=\"https:\/\/etab.ac-reunion.fr\/clg-terrain-fleury\/wp-content\/uploads\/sites\/104\/2022\/05\/IMG_9803-1024x769.jpg 1024w, https:\/\/etab.ac-reunion.fr\/clg-terrain-fleury\/wp-content\/uploads\/sites\/104\/2022\/05\/IMG_9803-300x225.jpg 300w, https:\/\/etab.ac-reunion.fr\/clg-terrain-fleury\/wp-content\/uploads\/sites\/104\/2022\/05\/IMG_9803-768x577.jpg 768w, https:\/\/etab.ac-reunion.fr\/clg-terrain-fleury\/wp-content\/uploads\/sites\/104\/2022\/05\/IMG_9803-1536x1153.jpg 1536w, https:\/\/etab.ac-reunion.fr\/clg-terrain-fleury\/wp-content\/uploads\/sites\/104\/2022\/05\/IMG_9803-2048x1538.jpg 2048w, https:\/\/etab.ac-reunion.fr\/clg-terrain-fleury\/wp-content\/uploads\/sites\/104\/2022\/05\/IMG_9803-150x113.jpg 150w\" sizes=\"auto, (max-width: 1024px) 100vw, 1024px\" \/><\/figure>\n\n\n\n<figure class=\"wp-block-image size-large\"><img loading=\"lazy\" decoding=\"async\" width=\"1024\" height=\"769\" src=\"https:\/\/etab.ac-reunion.fr\/clg-terrain-fleury\/wp-content\/uploads\/sites\/104\/2022\/05\/IMG_9818-1024x769.jpg\" alt=\"2\u00e8me Prix Education Citoyenne\" class=\"wp-image-2097\" srcset=\"https:\/\/etab.ac-reunion.fr\/clg-terrain-fleury\/wp-content\/uploads\/sites\/104\/2022\/05\/IMG_9818-1024x769.jpg 1024w, https:\/\/etab.ac-reunion.fr\/clg-terrain-fleury\/wp-content\/uploads\/sites\/104\/2022\/05\/IMG_9818-300x225.jpg 300w, https:\/\/etab.ac-reunion.fr\/clg-terrain-fleury\/wp-content\/uploads\/sites\/104\/2022\/05\/IMG_9818-768x577.jpg 768w, https:\/\/etab.ac-reunion.fr\/clg-terrain-fleury\/wp-content\/uploads\/sites\/104\/2022\/05\/IMG_9818-1536x1153.jpg 1536w, https:\/\/etab.ac-reunion.fr\/clg-terrain-fleury\/wp-content\/uploads\/sites\/104\/2022\/05\/IMG_9818-2048x1538.jpg 2048w, https:\/\/etab.ac-reunion.fr\/clg-terrain-fleury\/wp-content\/uploads\/sites\/104\/2022\/05\/IMG_9818-150x113.jpg 150w\" sizes=\"auto, (max-width: 1024px) 100vw, 1024px\" \/><figcaption>3\u00e8me Pr\u00e9pa M\u00e9tiers \/ Dispositif ULIS<\/figcaption><\/figure>\n\n\n\n<div class=\"wp-block-image\"><figure class=\"aligncenter size-large\"><img loading=\"lazy\" decoding=\"async\" width=\"769\" height=\"1024\" src=\"https:\/\/etab.ac-reunion.fr\/clg-terrain-fleury\/wp-content\/uploads\/sites\/104\/2022\/05\/IMG_9816-769x1024.jpg\" alt=\"\" class=\"wp-image-2096\" srcset=\"https:\/\/etab.ac-reunion.fr\/clg-terrain-fleury\/wp-content\/uploads\/sites\/104\/2022\/05\/IMG_9816-769x1024.jpg 769w, https:\/\/etab.ac-reunion.fr\/clg-terrain-fleury\/wp-content\/uploads\/sites\/104\/2022\/05\/IMG_9816-225x300.jpg 225w, https:\/\/etab.ac-reunion.fr\/clg-terrain-fleury\/wp-content\/uploads\/sites\/104\/2022\/05\/IMG_9816-768x1023.jpg 768w, https:\/\/etab.ac-reunion.fr\/clg-terrain-fleury\/wp-content\/uploads\/sites\/104\/2022\/05\/IMG_9816-1153x1536.jpg 1153w, https:\/\/etab.ac-reunion.fr\/clg-terrain-fleury\/wp-content\/uploads\/sites\/104\/2022\/05\/IMG_9816-1538x2048.jpg 1538w, https:\/\/etab.ac-reunion.fr\/clg-terrain-fleury\/wp-content\/uploads\/sites\/104\/2022\/05\/IMG_9816-113x150.jpg 113w, https:\/\/etab.ac-reunion.fr\/clg-terrain-fleury\/wp-content\/uploads\/sites\/104\/2022\/05\/IMG_9816-scaled.jpg 1922w\" sizes=\"auto, (max-width: 769px) 100vw, 769px\" \/><\/figure><\/div>\n","protected":false},"excerpt":{"rendered":"<p>Le samedi 30 avril 2022 a eu lieu la remise des Prix de l&rsquo;\u00c9ducation Citoyenne \u00e0 la Mairie de Saint Joseph. Sept \u00e9tablissements ont \u00e9t\u00e9 r\u00e9compens\u00e9s en reconnaissance de leur engagement citoyen. Le coll\u00e8ge, repr\u00e9sent\u00e9 par deux \u00e9l\u00e8ves de la\u00a03\u00e8me\u00a0Pr\u00e9pa-M\u00e9tiers\u00a0et du\u00a0Dispositif ULIS, accompagn\u00e9s par deux professeurs, M VINGUEDASSALOM et M.\u2026<\/p>\n<p class=\"continue-reading-button\"> <a class=\"continue-reading-link\" href=\"https:\/\/etab.ac-reunion.fr\/clg-terrain-fleury\/deuxieme-prix-de-leducation-citoyenne\/\">Lire la suite<i class=\"crycon-right-dir\"><\/i><\/a><\/p>\n","protected":false},"author":21090,"featured_media":0,"comment_status":"closed","ping_status":"closed","sticky":false,"template":"","format":"standard","meta":{"footnotes":""},"categories":[1],"tags":[],"class_list":["post-2108","post","type-post","status-publish","format-standard","hentry","category-non-classe"],"_links":{"self":[{"href":"https:\/\/etab.ac-reunion.fr\/clg-terrain-fleury\/wp-json\/wp\/v2\/posts\/2108","targetHints":{"allow":["GET"]}}],"collection":[{"href":"https:\/\/etab.ac-reunion.fr\/clg-terrain-fleury\/wp-json\/wp\/v2\/posts"}],"about":[{"href":"https:\/\/etab.ac-reunion.fr\/clg-terrain-fleury\/wp-json\/wp\/v2\/types\/post"}],"author":[{"embeddable":true,"href":"https:\/\/etab.ac-reunion.fr\/clg-terrain-fleury\/wp-json\/wp\/v2\/users\/21090"}],"replies":[{"embeddable":true,"href":"https:\/\/etab.ac-reunion.fr\/clg-terrain-fleury\/wp-json\/wp\/v2\/comments?post=2108"}],"version-history":[{"count":4,"href":"https:\/\/etab.ac-reunion.fr\/clg-terrain-fleury\/wp-json\/wp\/v2\/posts\/2108\/revisions"}],"predecessor-version":[{"id":2115,"href":"https:\/\/etab.ac-reunion.fr\/clg-terrain-fleury\/wp-json\/wp\/v2\/posts\/2108\/revisions\/2115"}],"wp:attachment":[{"href":"https:\/\/etab.ac-reunion.fr\/clg-terrain-fleury\/wp-json\/wp\/v2\/media?parent=2108"}],"wp:term":[{"taxonomy":"category","embeddable":true,"href":"https:\/\/etab.ac-reunion.fr\/clg-terrain-fleury\/wp-json\/wp\/v2\/categories?post=2108"},{"taxonomy":"post_tag","embeddable":true,"href":"https:\/\/etab.ac-reunion.fr\/clg-terrain-fleury\/wp-json\/wp\/v2\/tags?post=2108"}],"curies":[{"name":"wp","href":"https:\/\/api.w.org\/{rel}","templated":true}]}}