{"id":2117,"date":"2022-05-13T10:53:33","date_gmt":"2022-05-13T06:53:33","guid":{"rendered":"http:\/\/college-terrain-fleury.ac-reunion.fr\/?p=2117"},"modified":"2022-05-13T10:53:34","modified_gmt":"2022-05-13T06:53:34","slug":"la-savonnerie-fleury","status":"publish","type":"post","link":"https:\/\/etab.ac-reunion.fr\/clg-terrain-fleury\/la-savonnerie-fleury\/","title":{"rendered":"La Savonnerie Fleury"},"content":{"rendered":"\n<div class=\"wp-block-image\"><figure class=\"aligncenter size-large is-resized\"><img loading=\"lazy\" decoding=\"async\" src=\"https:\/\/etab.ac-reunion.fr\/clg-terrain-fleury\/wp-content\/uploads\/sites\/104\/2022\/05\/Capture-JIR-EPA-2-1024x541.jpg\" alt=\"\" class=\"wp-image-2118\" width=\"493\" height=\"260\" srcset=\"https:\/\/etab.ac-reunion.fr\/clg-terrain-fleury\/wp-content\/uploads\/sites\/104\/2022\/05\/Capture-JIR-EPA-2-1024x541.jpg 1024w, https:\/\/etab.ac-reunion.fr\/clg-terrain-fleury\/wp-content\/uploads\/sites\/104\/2022\/05\/Capture-JIR-EPA-2-300x158.jpg 300w, https:\/\/etab.ac-reunion.fr\/clg-terrain-fleury\/wp-content\/uploads\/sites\/104\/2022\/05\/Capture-JIR-EPA-2-768x406.jpg 768w, https:\/\/etab.ac-reunion.fr\/clg-terrain-fleury\/wp-content\/uploads\/sites\/104\/2022\/05\/Capture-JIR-EPA-2-150x79.jpg 150w, https:\/\/etab.ac-reunion.fr\/clg-terrain-fleury\/wp-content\/uploads\/sites\/104\/2022\/05\/Capture-JIR-EPA-2.jpg 1291w\" sizes=\"auto, (max-width: 493px) 100vw, 493px\" \/><\/figure><\/div>\n\n\n\n<p>Pour la 2\u00e8me ann\u00e9e cons\u00e9cutive des \u00e9l\u00e8ves de 4\u00e8 SEGPA se lancent dans l\u2019aventure de la cr\u00e9ation d\u2019une entreprise grandeur nature avec l\u2019association Entreprendre pour Apprendre. Encadr\u00e9s par leur enseignante Sophie PAYET, ils donnent vie \u00e0 leur entreprise, \u00e0 leur id\u00e9e, avec pour but la conception, la mise en \u0153uvre puis la commercialisation r\u00e9elle d\u2019un produit.<\/p>\n\n\n\n<p>Cette ann\u00e9e c\u2019est la mini entreprise \u00ab La Savonnerie Fleury \u00bb qui voit le jour avec la commercialisation d\u2019un distributeur \u00e0 savon \u00ab&nbsp;la fontaine \u00e0 bulles&nbsp;\u00bb. L\u2019artisan savonnier Fran\u00e7ois ROSSOLIN est notre partenaire.<\/p>\n\n\n\n<p><br>Mme RISSO et M. HOARAU-GRUCHET nos mentors, s\u2019engagent pour accompagner nos jeunes dans la r\u00e9alisation de leur projet et les guident dans cette exp\u00e9rience concr\u00e8te et dynamisante.<\/p>\n\n\n\n<p>En effet, c\u2019est le jeudi 5 mai 2022 que <em>La Savonnerie Fleury<\/em> a pu participer au Festival r\u00e9gional des mini entreprises au MOCA \u00e0 ST DENIS. Une journ\u00e9e riche en \u00e9motions&nbsp;que nous vous faisons partager gr\u00e2ce \u00e0 cette vid\u00e9o&nbsp;!<\/p>\n\n\n\n<div class=\"wp-block-image\"><figure class=\"aligncenter size-large is-resized\"><a href=\"https:\/\/tube-outremer.beta.education.fr\/videos\/watch\/1c9c7c69-4a8a-42f4-814b-136eb0288bb4\"><img loading=\"lazy\" decoding=\"async\" src=\"https:\/\/etab.ac-reunion.fr\/clg-terrain-fleury\/wp-content\/uploads\/sites\/104\/2022\/05\/img-film-1024x938.jpg\" alt=\"\" class=\"wp-image-2121\" width=\"256\" height=\"234\" srcset=\"https:\/\/etab.ac-reunion.fr\/clg-terrain-fleury\/wp-content\/uploads\/sites\/104\/2022\/05\/img-film-1024x938.jpg 1024w, https:\/\/etab.ac-reunion.fr\/clg-terrain-fleury\/wp-content\/uploads\/sites\/104\/2022\/05\/img-film-300x275.jpg 300w, https:\/\/etab.ac-reunion.fr\/clg-terrain-fleury\/wp-content\/uploads\/sites\/104\/2022\/05\/img-film-768x703.jpg 768w, https:\/\/etab.ac-reunion.fr\/clg-terrain-fleury\/wp-content\/uploads\/sites\/104\/2022\/05\/img-film-150x137.jpg 150w, https:\/\/etab.ac-reunion.fr\/clg-terrain-fleury\/wp-content\/uploads\/sites\/104\/2022\/05\/img-film.jpg 1092w\" sizes=\"auto, (max-width: 256px) 100vw, 256px\" \/><\/a><figcaption>Le film<\/figcaption><\/figure><\/div>\n\n\n\n<p>La vente de nos distributeurs se fera au coll\u00e8ge le mardi 7 juin 2022 \u00e0 la r\u00e9cr\u00e9ation de l\u2019apr\u00e8s-midi.<\/p>\n\n\n\n<p>Bravo \u00e0 cette belle \u00e9quipe&nbsp;!<\/p>\n\n\n\n<p class=\"has-text-align-right\">Mme BARDOT, directrice SEGPA<\/p>\n\n\n\n<figure class=\"wp-block-image size-large\"><img loading=\"lazy\" decoding=\"async\" width=\"1024\" height=\"1024\" src=\"https:\/\/etab.ac-reunion.fr\/clg-terrain-fleury\/wp-content\/uploads\/sites\/104\/2022\/05\/AFFICHE-ANNONCE-VENTE-7-06-2022-1024x1024.jpg\" alt=\"\" class=\"wp-image-2119\" srcset=\"https:\/\/etab.ac-reunion.fr\/clg-terrain-fleury\/wp-content\/uploads\/sites\/104\/2022\/05\/AFFICHE-ANNONCE-VENTE-7-06-2022-1024x1024.jpg 1024w, https:\/\/etab.ac-reunion.fr\/clg-terrain-fleury\/wp-content\/uploads\/sites\/104\/2022\/05\/AFFICHE-ANNONCE-VENTE-7-06-2022-300x300.jpg 300w, https:\/\/etab.ac-reunion.fr\/clg-terrain-fleury\/wp-content\/uploads\/sites\/104\/2022\/05\/AFFICHE-ANNONCE-VENTE-7-06-2022-150x150.jpg 150w, https:\/\/etab.ac-reunion.fr\/clg-terrain-fleury\/wp-content\/uploads\/sites\/104\/2022\/05\/AFFICHE-ANNONCE-VENTE-7-06-2022-768x768.jpg 768w, https:\/\/etab.ac-reunion.fr\/clg-terrain-fleury\/wp-content\/uploads\/sites\/104\/2022\/05\/AFFICHE-ANNONCE-VENTE-7-06-2022-1536x1536.jpg 1536w, https:\/\/etab.ac-reunion.fr\/clg-terrain-fleury\/wp-content\/uploads\/sites\/104\/2022\/05\/AFFICHE-ANNONCE-VENTE-7-06-2022.jpg 1998w\" sizes=\"auto, (max-width: 1024px) 100vw, 1024px\" \/><\/figure>\n\n\n\n<figure class=\"wp-block-image size-large\"><img loading=\"lazy\" decoding=\"async\" width=\"1024\" height=\"1024\" src=\"https:\/\/etab.ac-reunion.fr\/clg-terrain-fleury\/wp-content\/uploads\/sites\/104\/2022\/05\/AFFICHE-VENTE-PRIX-1024x1024.jpg\" alt=\"\" class=\"wp-image-2120\" srcset=\"https:\/\/etab.ac-reunion.fr\/clg-terrain-fleury\/wp-content\/uploads\/sites\/104\/2022\/05\/AFFICHE-VENTE-PRIX-1024x1024.jpg 1024w, https:\/\/etab.ac-reunion.fr\/clg-terrain-fleury\/wp-content\/uploads\/sites\/104\/2022\/05\/AFFICHE-VENTE-PRIX-300x300.jpg 300w, https:\/\/etab.ac-reunion.fr\/clg-terrain-fleury\/wp-content\/uploads\/sites\/104\/2022\/05\/AFFICHE-VENTE-PRIX-150x150.jpg 150w, https:\/\/etab.ac-reunion.fr\/clg-terrain-fleury\/wp-content\/uploads\/sites\/104\/2022\/05\/AFFICHE-VENTE-PRIX-768x768.jpg 768w, https:\/\/etab.ac-reunion.fr\/clg-terrain-fleury\/wp-content\/uploads\/sites\/104\/2022\/05\/AFFICHE-VENTE-PRIX-1536x1536.jpg 1536w, https:\/\/etab.ac-reunion.fr\/clg-terrain-fleury\/wp-content\/uploads\/sites\/104\/2022\/05\/AFFICHE-VENTE-PRIX.jpg 2048w\" sizes=\"auto, (max-width: 1024px) 100vw, 1024px\" \/><\/figure>\n","protected":false},"excerpt":{"rendered":"<p>Pour la 2\u00e8me ann\u00e9e cons\u00e9cutive des \u00e9l\u00e8ves de 4\u00e8 SEGPA se lancent dans l\u2019aventure de la cr\u00e9ation d\u2019une entreprise grandeur nature avec l\u2019association Entreprendre pour Apprendre. Encadr\u00e9s par leur enseignante Sophie PAYET, ils donnent vie \u00e0 leur entreprise, \u00e0 leur id\u00e9e, avec pour but la conception, la mise en \u0153uvre\u2026<\/p>\n<p class=\"continue-reading-button\"> <a class=\"continue-reading-link\" href=\"https:\/\/etab.ac-reunion.fr\/clg-terrain-fleury\/la-savonnerie-fleury\/\">Lire la suite<i class=\"crycon-right-dir\"><\/i><\/a><\/p>\n","protected":false},"author":21090,"featured_media":0,"comment_status":"closed","ping_status":"closed","sticky":false,"template":"","format":"standard","meta":{"footnotes":""},"categories":[28],"tags":[],"class_list":["post-2117","post","type-post","status-publish","format-standard","hentry","category-actions-sepga-2021-22"],"_links":{"self":[{"href":"https:\/\/etab.ac-reunion.fr\/clg-terrain-fleury\/wp-json\/wp\/v2\/posts\/2117","targetHints":{"allow":["GET"]}}],"collection":[{"href":"https:\/\/etab.ac-reunion.fr\/clg-terrain-fleury\/wp-json\/wp\/v2\/posts"}],"about":[{"href":"https:\/\/etab.ac-reunion.fr\/clg-terrain-fleury\/wp-json\/wp\/v2\/types\/post"}],"author":[{"embeddable":true,"href":"https:\/\/etab.ac-reunion.fr\/clg-terrain-fleury\/wp-json\/wp\/v2\/users\/21090"}],"replies":[{"embeddable":true,"href":"https:\/\/etab.ac-reunion.fr\/clg-terrain-fleury\/wp-json\/wp\/v2\/comments?post=2117"}],"version-history":[{"count":4,"href":"https:\/\/etab.ac-reunion.fr\/clg-terrain-fleury\/wp-json\/wp\/v2\/posts\/2117\/revisions"}],"predecessor-version":[{"id":2125,"href":"https:\/\/etab.ac-reunion.fr\/clg-terrain-fleury\/wp-json\/wp\/v2\/posts\/2117\/revisions\/2125"}],"wp:attachment":[{"href":"https:\/\/etab.ac-reunion.fr\/clg-terrain-fleury\/wp-json\/wp\/v2\/media?parent=2117"}],"wp:term":[{"taxonomy":"category","embeddable":true,"href":"https:\/\/etab.ac-reunion.fr\/clg-terrain-fleury\/wp-json\/wp\/v2\/categories?post=2117"},{"taxonomy":"post_tag","embeddable":true,"href":"https:\/\/etab.ac-reunion.fr\/clg-terrain-fleury\/wp-json\/wp\/v2\/tags?post=2117"}],"curies":[{"name":"wp","href":"https:\/\/api.w.org\/{rel}","templated":true}]}}