{"id":2594,"date":"2023-10-19T22:14:44","date_gmt":"2023-10-19T18:14:44","guid":{"rendered":"https:\/\/etab.ac-reunion.fr\/clg-terrain-fleury\/?p=2594"},"modified":"2023-10-27T13:24:30","modified_gmt":"2023-10-27T09:24:30","slug":"rencontre-intergenerationnelle","status":"publish","type":"post","link":"https:\/\/etab.ac-reunion.fr\/clg-terrain-fleury\/rencontre-intergenerationnelle\/","title":{"rendered":"Rencontre interg\u00e9n\u00e9rationnelle"},"content":{"rendered":"\n<figure class=\"wp-block-image size-full\"><img loading=\"lazy\" decoding=\"async\" width=\"877\" height=\"157\" src=\"https:\/\/etab.ac-reunion.fr\/clg-terrain-fleury\/wp-content\/uploads\/sites\/104\/2023\/10\/image.png\" alt=\"\" class=\"wp-image-2595\" srcset=\"https:\/\/etab.ac-reunion.fr\/clg-terrain-fleury\/wp-content\/uploads\/sites\/104\/2023\/10\/image.png 877w, https:\/\/etab.ac-reunion.fr\/clg-terrain-fleury\/wp-content\/uploads\/sites\/104\/2023\/10\/image-300x54.png 300w, https:\/\/etab.ac-reunion.fr\/clg-terrain-fleury\/wp-content\/uploads\/sites\/104\/2023\/10\/image-768x137.png 768w, https:\/\/etab.ac-reunion.fr\/clg-terrain-fleury\/wp-content\/uploads\/sites\/104\/2023\/10\/image-150x27.png 150w\" sizes=\"auto, (max-width: 877px) 100vw, 877px\" \/><\/figure>\n\n\n\n<p>Pour conclure cette&nbsp;Semaine&nbsp;Bleue&nbsp;le coll\u00e8ge Terrain Fleury s\u2019est rendu au P\u00f4le G\u00e9rontologique Roger Andr\u00e9 \u2013 Villas Terrain Fleury (EHPAD).<\/p>\n\n\n\n<p>Les \u00e9l\u00e8ves de la&nbsp;3<sup>\u00e8me<\/sup>&nbsp;Pr\u00e9pa M\u00e9tiers et ceux&nbsp;d\u2019ULIS ont tout d\u2019abord visit\u00e9 l\u2019\u00e9tablissement et pos\u00e9 des questions aux&nbsp;personnels&nbsp;et aux r\u00e9sidents. Puis&nbsp;certains&nbsp;ont&nbsp;aid\u00e9 \u00e0 la mise en place du terrain de p\u00e9tanque, pendant&nbsp;que&nbsp;d\u2019autres mettaient en place les ateliers pour l\u2019apr\u00e8s-midi r\u00e9cr\u00e9ative de ce vendredi 6 octobre 2023.<\/p>\n\n\n\n<p>Nous retiendrons l\u2019accueil des r\u00e9sidents envers nos \u00e9l\u00e8ves.&nbsp;Ce moment a donn\u00e9 lieu \u00e0 de nombreux \u00e9changes et partages de la part des uns et des autres\u2026 notamment \u00e0 travers quelques pas de danse interg\u00e9n\u00e9rationnels.<\/p>\n\n\n\n<p>Cette journ\u00e9e&nbsp;s\u2019est termin\u00e9e,&nbsp;pour le&nbsp;plus grand bonheur de tous, par la venue de Raynaud&nbsp;SADON, le gagnant de The Voice Kids, qui a&nbsp;gracieusement&nbsp;interpr\u00e9t\u00e9 plusieurs titres.<\/p>\n\n\n\n<p>Les photos t\u00e9moignent&nbsp;d\u2019elles-m\u00eames de ce moment&nbsp;convivial et g\u00e9n\u00e9reux.&nbsp;C\u2019est une journ\u00e9e qui laissera son empreinte aupr\u00e8s de nos \u00e9l\u00e8ves et qui sera sans doute \u00e0 renouveler,&nbsp;en esp\u00e9rant qu\u2019elle marquera&nbsp;le d\u00e9but d\u2019une collaboration entre nos deux \u00e9tablissements.<\/p>\n\n\n\n<p>Merci \u00e0 ceux qui ont rendu cette mobilisation possible.<\/p>\n\n\n\n<p>Cette journ\u00e9e a \u00e9t\u00e9 \u00e0 tous points de vue une r\u00e9ussite.<\/p>\n\n\n\n<div class=\"wp-block-group\"><div class=\"wp-block-group__inner-container is-layout-constrained wp-block-group-is-layout-constrained\">\n<figure class=\"wp-block-gallery has-nested-images columns-default is-cropped wp-block-gallery-1 is-layout-flex wp-block-gallery-is-layout-flex\"><\/figure>\n<\/div><\/div>\n","protected":false},"excerpt":{"rendered":"<p>Pour conclure cette&nbsp;Semaine&nbsp;Bleue&nbsp;le coll\u00e8ge Terrain Fleury s\u2019est rendu au P\u00f4le G\u00e9rontologique Roger Andr\u00e9 \u2013 Villas Terrain Fleury (EHPAD). Les \u00e9l\u00e8ves de la&nbsp;3\u00e8me&nbsp;Pr\u00e9pa M\u00e9tiers et ceux&nbsp;d\u2019ULIS ont tout d\u2019abord visit\u00e9 l\u2019\u00e9tablissement et pos\u00e9 des questions aux&nbsp;personnels&nbsp;et aux r\u00e9sidents. Puis&nbsp;certains&nbsp;ont&nbsp;aid\u00e9 \u00e0 la mise en place du terrain de p\u00e9tanque, pendant&nbsp;que&nbsp;d\u2019autres mettaient en\u2026<\/p>\n<p class=\"continue-reading-button\"> <a class=\"continue-reading-link\" href=\"https:\/\/etab.ac-reunion.fr\/clg-terrain-fleury\/rencontre-intergenerationnelle\/\">Lire la suite<i class=\"crycon-right-dir\"><\/i><\/a><\/p>\n","protected":false},"author":21090,"featured_media":0,"comment_status":"closed","ping_status":"closed","sticky":false,"template":"","format":"image","meta":{"footnotes":""},"categories":[1],"tags":[],"class_list":["post-2594","post","type-post","status-publish","format-image","hentry","category-non-classe","post_format-post-format-image"],"_links":{"self":[{"href":"https:\/\/etab.ac-reunion.fr\/clg-terrain-fleury\/wp-json\/wp\/v2\/posts\/2594","targetHints":{"allow":["GET"]}}],"collection":[{"href":"https:\/\/etab.ac-reunion.fr\/clg-terrain-fleury\/wp-json\/wp\/v2\/posts"}],"about":[{"href":"https:\/\/etab.ac-reunion.fr\/clg-terrain-fleury\/wp-json\/wp\/v2\/types\/post"}],"author":[{"embeddable":true,"href":"https:\/\/etab.ac-reunion.fr\/clg-terrain-fleury\/wp-json\/wp\/v2\/users\/21090"}],"replies":[{"embeddable":true,"href":"https:\/\/etab.ac-reunion.fr\/clg-terrain-fleury\/wp-json\/wp\/v2\/comments?post=2594"}],"version-history":[{"count":4,"href":"https:\/\/etab.ac-reunion.fr\/clg-terrain-fleury\/wp-json\/wp\/v2\/posts\/2594\/revisions"}],"predecessor-version":[{"id":2676,"href":"https:\/\/etab.ac-reunion.fr\/clg-terrain-fleury\/wp-json\/wp\/v2\/posts\/2594\/revisions\/2676"}],"wp:attachment":[{"href":"https:\/\/etab.ac-reunion.fr\/clg-terrain-fleury\/wp-json\/wp\/v2\/media?parent=2594"}],"wp:term":[{"taxonomy":"category","embeddable":true,"href":"https:\/\/etab.ac-reunion.fr\/clg-terrain-fleury\/wp-json\/wp\/v2\/categories?post=2594"},{"taxonomy":"post_tag","embeddable":true,"href":"https:\/\/etab.ac-reunion.fr\/clg-terrain-fleury\/wp-json\/wp\/v2\/tags?post=2594"}],"curies":[{"name":"wp","href":"https:\/\/api.w.org\/{rel}","templated":true}]}}