{"id":2681,"date":"2023-12-07T10:01:24","date_gmt":"2023-12-07T06:01:24","guid":{"rendered":"https:\/\/etab.ac-reunion.fr\/clg-terrain-fleury\/?p=2681"},"modified":"2023-12-07T10:09:58","modified_gmt":"2023-12-07T06:09:58","slug":"lancement-du-projet-epa-entreprendre-pour-apprendre-2023-2024","status":"publish","type":"post","link":"https:\/\/etab.ac-reunion.fr\/clg-terrain-fleury\/lancement-du-projet-epa-entreprendre-pour-apprendre-2023-2024\/","title":{"rendered":"Lancement du projet EPA \u2013ENTREPRENDRE POUR APPRENDRE-2023-2024"},"content":{"rendered":"\n<p>Cette ann\u00e9e 12 \u00e9l\u00e8ves de 4\u00e8me AMBRE et de 4\u00e8me QUARTZ participeront au projet \u00ab\u00a0entreprendre pour apprendre\u00a0\u00bb sur le th\u00e8me des <strong>Jeux Olympiques<\/strong>.&nbsp;<\/p>\n\n\n\n<p>Pour initier ce projet, ils ont rencontr\u00e9 en visioconf\u00e9rence, Emmanuelle PAYET, anciennement sportive de haut niveau \u00e0 l&rsquo;INSEP et judokate en \u00e9quipe de France durant 11 ans.&nbsp;<\/p>\n\n\n\n<p>Cette rencontre virtuelle depuis les Etats-Unis leur a permis de d\u00e9couvrir le monde du sport de haut niveau et un parcours de vie atypique, jalonn\u00e9 de nombreuses difficult\u00e9s mais aussi de grandes joies.&nbsp;<\/p>\n\n\n\n<p>Prochaine \u00e9tape ?&nbsp;<\/p>\n\n\n\n<p><strong>R\u00e9pondre \u00e0 une probl\u00e9matique (pos\u00e9e par un athl\u00e8te paralympique) en rapport avec l&rsquo;insertion des personnes en situation de handicap dans le sport.<\/strong><\/p>\n\n\n\n<p class=\"has-text-align-right\">Sophie PAYET, PES<\/p>\n\n\n\n<figure class=\"wp-block-image size-large\"><img loading=\"lazy\" decoding=\"async\" width=\"1024\" height=\"768\" src=\"https:\/\/etab.ac-reunion.fr\/clg-terrain-fleury\/wp-content\/uploads\/sites\/104\/2023\/12\/EPA-JO-visio-du-24-11-23-1024x768.jpg\" alt=\"\" class=\"wp-image-2682\" srcset=\"https:\/\/etab.ac-reunion.fr\/clg-terrain-fleury\/wp-content\/uploads\/sites\/104\/2023\/12\/EPA-JO-visio-du-24-11-23-1024x768.jpg 1024w, https:\/\/etab.ac-reunion.fr\/clg-terrain-fleury\/wp-content\/uploads\/sites\/104\/2023\/12\/EPA-JO-visio-du-24-11-23-300x225.jpg 300w, https:\/\/etab.ac-reunion.fr\/clg-terrain-fleury\/wp-content\/uploads\/sites\/104\/2023\/12\/EPA-JO-visio-du-24-11-23-768x576.jpg 768w, https:\/\/etab.ac-reunion.fr\/clg-terrain-fleury\/wp-content\/uploads\/sites\/104\/2023\/12\/EPA-JO-visio-du-24-11-23-1536x1152.jpg 1536w, https:\/\/etab.ac-reunion.fr\/clg-terrain-fleury\/wp-content\/uploads\/sites\/104\/2023\/12\/EPA-JO-visio-du-24-11-23-2048x1536.jpg 2048w, https:\/\/etab.ac-reunion.fr\/clg-terrain-fleury\/wp-content\/uploads\/sites\/104\/2023\/12\/EPA-JO-visio-du-24-11-23-150x113.jpg 150w\" sizes=\"auto, (max-width: 1024px) 100vw, 1024px\" \/><\/figure>\n","protected":false},"excerpt":{"rendered":"<p>Cette ann\u00e9e 12 \u00e9l\u00e8ves de 4\u00e8me AMBRE et de 4\u00e8me QUARTZ participeront au projet \u00ab\u00a0entreprendre pour apprendre\u00a0\u00bb sur le th\u00e8me des Jeux Olympiques.&nbsp; Pour initier ce projet, ils ont rencontr\u00e9 en visioconf\u00e9rence, Emmanuelle PAYET, anciennement sportive de haut niveau \u00e0 l&rsquo;INSEP et judokate en \u00e9quipe de France durant 11 ans.&nbsp;\u2026<\/p>\n<p class=\"continue-reading-button\"> <a class=\"continue-reading-link\" href=\"https:\/\/etab.ac-reunion.fr\/clg-terrain-fleury\/lancement-du-projet-epa-entreprendre-pour-apprendre-2023-2024\/\">Lire la suite<i class=\"crycon-right-dir\"><\/i><\/a><\/p>\n","protected":false},"author":21090,"featured_media":0,"comment_status":"closed","ping_status":"closed","sticky":false,"template":"","format":"standard","meta":{"footnotes":""},"categories":[38],"tags":[],"class_list":["post-2681","post","type-post","status-publish","format-standard","hentry","category-actions-segpa-2023-24"],"_links":{"self":[{"href":"https:\/\/etab.ac-reunion.fr\/clg-terrain-fleury\/wp-json\/wp\/v2\/posts\/2681","targetHints":{"allow":["GET"]}}],"collection":[{"href":"https:\/\/etab.ac-reunion.fr\/clg-terrain-fleury\/wp-json\/wp\/v2\/posts"}],"about":[{"href":"https:\/\/etab.ac-reunion.fr\/clg-terrain-fleury\/wp-json\/wp\/v2\/types\/post"}],"author":[{"embeddable":true,"href":"https:\/\/etab.ac-reunion.fr\/clg-terrain-fleury\/wp-json\/wp\/v2\/users\/21090"}],"replies":[{"embeddable":true,"href":"https:\/\/etab.ac-reunion.fr\/clg-terrain-fleury\/wp-json\/wp\/v2\/comments?post=2681"}],"version-history":[{"count":1,"href":"https:\/\/etab.ac-reunion.fr\/clg-terrain-fleury\/wp-json\/wp\/v2\/posts\/2681\/revisions"}],"predecessor-version":[{"id":2683,"href":"https:\/\/etab.ac-reunion.fr\/clg-terrain-fleury\/wp-json\/wp\/v2\/posts\/2681\/revisions\/2683"}],"wp:attachment":[{"href":"https:\/\/etab.ac-reunion.fr\/clg-terrain-fleury\/wp-json\/wp\/v2\/media?parent=2681"}],"wp:term":[{"taxonomy":"category","embeddable":true,"href":"https:\/\/etab.ac-reunion.fr\/clg-terrain-fleury\/wp-json\/wp\/v2\/categories?post=2681"},{"taxonomy":"post_tag","embeddable":true,"href":"https:\/\/etab.ac-reunion.fr\/clg-terrain-fleury\/wp-json\/wp\/v2\/tags?post=2681"}],"curies":[{"name":"wp","href":"https:\/\/api.w.org\/{rel}","templated":true}]}}