{"id":3165,"date":"2026-04-24T09:38:44","date_gmt":"2026-04-24T05:38:44","guid":{"rendered":"https:\/\/etab.ac-reunion.fr\/clg-terrain-fleury\/?p=3165"},"modified":"2026-04-24T09:38:44","modified_gmt":"2026-04-24T05:38:44","slug":"orientation-phase-definitive-et-affectation-en-lycee","status":"publish","type":"post","link":"https:\/\/etab.ac-reunion.fr\/clg-terrain-fleury\/orientation-phase-definitive-et-affectation-en-lycee\/","title":{"rendered":"Orientation : phase d\u00e9finitive et affectation en lyc\u00e9e"},"content":{"rendered":"\n<p>Le lundi 20 avril 2026 les parents d&rsquo;\u00e9l\u00e8ves scolaris\u00e9s en classe de 3\u00e8me ont \u00e9t\u00e9 re\u00e7u au coll\u00e8ge \u00e0 l&rsquo;occasion d&rsquo;une pr\u00e9sentation des fili\u00e8res d&rsquo;orientation et des plateformes en ligne de saisie et d&rsquo;aide \u00e0 l&rsquo;orientation et \u00e0 l&rsquo;affectation. En voici <a href=\"https:\/\/portail.college-terrainfleury.ac-reunion.fr\/nextcloud\/index.php\/s\/rzkZ3QWbyoPnNF9\">le diaporama<\/a>. <\/p>\n\n\n\n<p>Acc\u00e8s direct n\u00b01 : <a href=\"https:\/\/data.education.gouv.fr\/futur-pro\/accueil\/\">Futur Pro<\/a>.<\/p>\n\n\n\n<p>Acc\u00e8s direct n\u00b02 : <a href=\"https:\/\/affectation3e.phm.education.gouv.fr\/pna-public\/accueil\">D\u00e9couvrez les offres de formation apr\u00e8s le coll\u00e8ge<\/a>. <\/p>\n\n\n\n<p><\/p>\n\n\n\n<p><\/p>\n\n\n\n<p><\/p>\n","protected":false},"excerpt":{"rendered":"<p>Le lundi 20 avril 2026 les parents d&rsquo;\u00e9l\u00e8ves scolaris\u00e9s en classe de 3\u00e8me ont \u00e9t\u00e9 re\u00e7u au coll\u00e8ge \u00e0 l&rsquo;occasion d&rsquo;une pr\u00e9sentation des fili\u00e8res d&rsquo;orientation et des plateformes en ligne de saisie et d&rsquo;aide \u00e0 l&rsquo;orientation et \u00e0 l&rsquo;affectation. En voici le diaporama. Acc\u00e8s direct n\u00b01 : Futur Pro. Acc\u00e8s\u2026<\/p>\n<p class=\"continue-reading-button\"> <a class=\"continue-reading-link\" href=\"https:\/\/etab.ac-reunion.fr\/clg-terrain-fleury\/orientation-phase-definitive-et-affectation-en-lycee\/\">Lire la suite<i class=\"crycon-right-dir\"><\/i><\/a><\/p>\n","protected":false},"author":12918,"featured_media":0,"comment_status":"closed","ping_status":"closed","sticky":false,"template":"","format":"standard","meta":{"footnotes":""},"categories":[1],"tags":[],"class_list":["post-3165","post","type-post","status-publish","format-standard","hentry","category-non-classe"],"_links":{"self":[{"href":"https:\/\/etab.ac-reunion.fr\/clg-terrain-fleury\/wp-json\/wp\/v2\/posts\/3165","targetHints":{"allow":["GET"]}}],"collection":[{"href":"https:\/\/etab.ac-reunion.fr\/clg-terrain-fleury\/wp-json\/wp\/v2\/posts"}],"about":[{"href":"https:\/\/etab.ac-reunion.fr\/clg-terrain-fleury\/wp-json\/wp\/v2\/types\/post"}],"author":[{"embeddable":true,"href":"https:\/\/etab.ac-reunion.fr\/clg-terrain-fleury\/wp-json\/wp\/v2\/users\/12918"}],"replies":[{"embeddable":true,"href":"https:\/\/etab.ac-reunion.fr\/clg-terrain-fleury\/wp-json\/wp\/v2\/comments?post=3165"}],"version-history":[{"count":1,"href":"https:\/\/etab.ac-reunion.fr\/clg-terrain-fleury\/wp-json\/wp\/v2\/posts\/3165\/revisions"}],"predecessor-version":[{"id":3166,"href":"https:\/\/etab.ac-reunion.fr\/clg-terrain-fleury\/wp-json\/wp\/v2\/posts\/3165\/revisions\/3166"}],"wp:attachment":[{"href":"https:\/\/etab.ac-reunion.fr\/clg-terrain-fleury\/wp-json\/wp\/v2\/media?parent=3165"}],"wp:term":[{"taxonomy":"category","embeddable":true,"href":"https:\/\/etab.ac-reunion.fr\/clg-terrain-fleury\/wp-json\/wp\/v2\/categories?post=3165"},{"taxonomy":"post_tag","embeddable":true,"href":"https:\/\/etab.ac-reunion.fr\/clg-terrain-fleury\/wp-json\/wp\/v2\/tags?post=3165"}],"curies":[{"name":"wp","href":"https:\/\/api.w.org\/{rel}","templated":true}]}}