{"id":3677,"date":"2023-12-06T11:01:24","date_gmt":"2023-12-06T07:01:24","guid":{"rendered":"https:\/\/etab.ac-reunion.fr\/clg-texeira-da-motta\/?p=3677"},"modified":"2023-12-06T11:01:24","modified_gmt":"2023-12-06T07:01:24","slug":"journee-de-lutte-contre-le-harcelement","status":"publish","type":"post","link":"https:\/\/etab.ac-reunion.fr\/clg-texeira-da-motta\/journee-de-lutte-contre-le-harcelement\/","title":{"rendered":"Journ\u00e9e de lutte contre le harc\u00e8lement"},"content":{"rendered":"\n<p>Dans le cadre de la journ\u00e9e de lutte contre le harc\u00e8lement (12\/11\/2023), les \u00e9l\u00e8ves de 6e Mozart et 6e Bach ont pr\u00e9par\u00e9 des affiches pour sensibiliser au harc\u00e8lement. Celles-ci sont visibles au niveau des escaliers principal \u00e0 l&rsquo;entr\u00e9e du coll\u00e8ge. Elles resteront jusqu&rsquo;aux vacances de No\u00ebl, et seront ensuite affich\u00e9es dans des salles d&rsquo;histoire g\u00e9ographie.<\/p>\n\n\n\n<figure class=\"wp-block-gallery has-nested-images columns-default is-cropped wp-block-gallery-1 is-layout-flex wp-block-gallery-is-layout-flex\">\n<figure class=\"wp-block-image size-large\"><img loading=\"lazy\" decoding=\"async\" width=\"1024\" height=\"768\" data-id=\"3679\" src=\"https:\/\/etab.ac-reunion.fr\/clg-texeira-da-motta\/wp-content\/uploads\/sites\/24\/2023\/12\/6e_Mozart1-1024x768.jpg\" alt=\"\" class=\"wp-image-3679\" srcset=\"https:\/\/etab.ac-reunion.fr\/clg-texeira-da-motta\/wp-content\/uploads\/sites\/24\/2023\/12\/6e_Mozart1-1024x768.jpg 1024w, https:\/\/etab.ac-reunion.fr\/clg-texeira-da-motta\/wp-content\/uploads\/sites\/24\/2023\/12\/6e_Mozart1-300x225.jpg 300w, https:\/\/etab.ac-reunion.fr\/clg-texeira-da-motta\/wp-content\/uploads\/sites\/24\/2023\/12\/6e_Mozart1-768x576.jpg 768w, https:\/\/etab.ac-reunion.fr\/clg-texeira-da-motta\/wp-content\/uploads\/sites\/24\/2023\/12\/6e_Mozart1-1536x1152.jpg 1536w, https:\/\/etab.ac-reunion.fr\/clg-texeira-da-motta\/wp-content\/uploads\/sites\/24\/2023\/12\/6e_Mozart1-2048x1536.jpg 2048w, https:\/\/etab.ac-reunion.fr\/clg-texeira-da-motta\/wp-content\/uploads\/sites\/24\/2023\/12\/6e_Mozart1-267x200.jpg 267w\" sizes=\"auto, (max-width: 1024px) 100vw, 1024px\" \/><\/figure>\n\n\n\n<figure class=\"wp-block-image size-large\"><img loading=\"lazy\" decoding=\"async\" width=\"1024\" height=\"768\" data-id=\"3678\" src=\"https:\/\/etab.ac-reunion.fr\/clg-texeira-da-motta\/wp-content\/uploads\/sites\/24\/2023\/12\/6e_Bach1-1024x768.jpg\" alt=\"\" class=\"wp-image-3678\" srcset=\"https:\/\/etab.ac-reunion.fr\/clg-texeira-da-motta\/wp-content\/uploads\/sites\/24\/2023\/12\/6e_Bach1-1024x768.jpg 1024w, https:\/\/etab.ac-reunion.fr\/clg-texeira-da-motta\/wp-content\/uploads\/sites\/24\/2023\/12\/6e_Bach1-300x225.jpg 300w, https:\/\/etab.ac-reunion.fr\/clg-texeira-da-motta\/wp-content\/uploads\/sites\/24\/2023\/12\/6e_Bach1-768x576.jpg 768w, https:\/\/etab.ac-reunion.fr\/clg-texeira-da-motta\/wp-content\/uploads\/sites\/24\/2023\/12\/6e_Bach1-1536x1152.jpg 1536w, https:\/\/etab.ac-reunion.fr\/clg-texeira-da-motta\/wp-content\/uploads\/sites\/24\/2023\/12\/6e_Bach1-2048x1536.jpg 2048w, https:\/\/etab.ac-reunion.fr\/clg-texeira-da-motta\/wp-content\/uploads\/sites\/24\/2023\/12\/6e_Bach1-267x200.jpg 267w\" sizes=\"auto, (max-width: 1024px) 100vw, 1024px\" \/><\/figure>\n<\/figure>\n<!-- AddThis Advanced Settings generic via filter on the_content --><!-- AddThis Share Buttons generic via filter on the_content -->","protected":false},"excerpt":{"rendered":"<p>Dans le cadre de la journ\u00e9e de lutte contre le harc\u00e8lement (12\/11\/2023), les \u00e9l\u00e8ves de 6e Mozart et 6e Bach ont pr\u00e9par\u00e9 des affiches pour sensibiliser au harc\u00e8lement. Celles-ci sont visibles au niveau des escaliers principal \u00e0 l&rsquo;entr\u00e9e du coll\u00e8ge. Elles resteront jusqu&rsquo;aux vacances de No\u00ebl, et seront ensuite affich\u00e9es &hellip;<!-- AddThis Advanced Settings generic via filter on get_the_excerpt --><!-- AddThis Share Buttons generic via filter on get_the_excerpt --><\/p>\n","protected":false},"author":35833,"featured_media":0,"comment_status":"closed","ping_status":"closed","sticky":false,"template":"","format":"standard","meta":{"footnotes":""},"categories":[1],"tags":[],"class_list":["post-3677","post","type-post","status-publish","format-standard","hentry","category-accueil-actu"],"_links":{"self":[{"href":"https:\/\/etab.ac-reunion.fr\/clg-texeira-da-motta\/wp-json\/wp\/v2\/posts\/3677","targetHints":{"allow":["GET"]}}],"collection":[{"href":"https:\/\/etab.ac-reunion.fr\/clg-texeira-da-motta\/wp-json\/wp\/v2\/posts"}],"about":[{"href":"https:\/\/etab.ac-reunion.fr\/clg-texeira-da-motta\/wp-json\/wp\/v2\/types\/post"}],"author":[{"embeddable":true,"href":"https:\/\/etab.ac-reunion.fr\/clg-texeira-da-motta\/wp-json\/wp\/v2\/users\/35833"}],"replies":[{"embeddable":true,"href":"https:\/\/etab.ac-reunion.fr\/clg-texeira-da-motta\/wp-json\/wp\/v2\/comments?post=3677"}],"version-history":[{"count":1,"href":"https:\/\/etab.ac-reunion.fr\/clg-texeira-da-motta\/wp-json\/wp\/v2\/posts\/3677\/revisions"}],"predecessor-version":[{"id":3680,"href":"https:\/\/etab.ac-reunion.fr\/clg-texeira-da-motta\/wp-json\/wp\/v2\/posts\/3677\/revisions\/3680"}],"wp:attachment":[{"href":"https:\/\/etab.ac-reunion.fr\/clg-texeira-da-motta\/wp-json\/wp\/v2\/media?parent=3677"}],"wp:term":[{"taxonomy":"category","embeddable":true,"href":"https:\/\/etab.ac-reunion.fr\/clg-texeira-da-motta\/wp-json\/wp\/v2\/categories?post=3677"},{"taxonomy":"post_tag","embeddable":true,"href":"https:\/\/etab.ac-reunion.fr\/clg-texeira-da-motta\/wp-json\/wp\/v2\/tags?post=3677"}],"curies":[{"name":"wp","href":"https:\/\/api.w.org\/{rel}","templated":true}]}}