{"id":4221,"date":"2025-04-17T10:26:34","date_gmt":"2025-04-17T06:26:34","guid":{"rendered":"https:\/\/etab.ac-reunion.fr\/clg-texeira-da-motta\/?p=4221"},"modified":"2025-04-27T07:48:16","modified_gmt":"2025-04-27T03:48:16","slug":"rallye-citoyen","status":"publish","type":"post","link":"https:\/\/etab.ac-reunion.fr\/clg-texeira-da-motta\/rallye-citoyen\/","title":{"rendered":"Rallye citoyen"},"content":{"rendered":"\n<p>Lundi 14\/04\/2025, un groupe d\u2019\u00e9co-d\u00e9l\u00e9gu\u00e9s du coll\u00e8ge, accompagn\u00e9s de M. BRENAC et de Mme MAILLOT, a particip\u00e9 au 9e Rallye Citoyen de la Base Navale de la Pointe des Galets (Le Port). Apr\u00e8s un bon petit d\u00e9jeuner, ils ont affront\u00e9 d\u2019autres coll\u00e9giens et lyc\u00e9ens sur des th\u00e9matiques vari\u00e9es: engagement citoyen, missions de la D\u00e9fense nationale, connaissance des Terres Australes et Antarctiques Fran\u00e7aises (TAAF), \u00e9preuve de force, cybers\u00e9curit\u00e9\u2026 Ils ont re\u00e7u plusieurs prix et peuvent \u00eatre fiers de leur journ\u00e9e. Mention sp\u00e9ciale pour avoir surv\u00e9cu aux rations de combat\u2026<\/p>\n\n\n\n<figure class=\"wp-block-gallery has-nested-images columns-default is-cropped wp-block-gallery-1 is-layout-flex wp-block-gallery-is-layout-flex\">\n<figure class=\"wp-block-image size-large\"><img loading=\"lazy\" decoding=\"async\" width=\"768\" height=\"1024\" data-id=\"4224\" src=\"https:\/\/etab.ac-reunion.fr\/clg-texeira-da-motta\/wp-content\/uploads\/sites\/24\/2025\/04\/IMG_4446-768x1024.jpeg\" alt=\"\" class=\"wp-image-4224\" srcset=\"https:\/\/etab.ac-reunion.fr\/clg-texeira-da-motta\/wp-content\/uploads\/sites\/24\/2025\/04\/IMG_4446-768x1024.jpeg 768w, https:\/\/etab.ac-reunion.fr\/clg-texeira-da-motta\/wp-content\/uploads\/sites\/24\/2025\/04\/IMG_4446-225x300.jpeg 225w, https:\/\/etab.ac-reunion.fr\/clg-texeira-da-motta\/wp-content\/uploads\/sites\/24\/2025\/04\/IMG_4446-150x200.jpeg 150w, https:\/\/etab.ac-reunion.fr\/clg-texeira-da-motta\/wp-content\/uploads\/sites\/24\/2025\/04\/IMG_4446-rotated.jpeg 960w\" sizes=\"auto, (max-width: 768px) 100vw, 768px\" \/><\/figure>\n\n\n\n<figure class=\"wp-block-image size-large\"><img loading=\"lazy\" decoding=\"async\" width=\"1024\" height=\"768\" data-id=\"4222\" src=\"https:\/\/etab.ac-reunion.fr\/clg-texeira-da-motta\/wp-content\/uploads\/sites\/24\/2025\/04\/IMG_4454-1024x768.jpeg\" alt=\"\" class=\"wp-image-4222\" srcset=\"https:\/\/etab.ac-reunion.fr\/clg-texeira-da-motta\/wp-content\/uploads\/sites\/24\/2025\/04\/IMG_4454-1024x768.jpeg 1024w, https:\/\/etab.ac-reunion.fr\/clg-texeira-da-motta\/wp-content\/uploads\/sites\/24\/2025\/04\/IMG_4454-300x225.jpeg 300w, https:\/\/etab.ac-reunion.fr\/clg-texeira-da-motta\/wp-content\/uploads\/sites\/24\/2025\/04\/IMG_4454-768x576.jpeg 768w, https:\/\/etab.ac-reunion.fr\/clg-texeira-da-motta\/wp-content\/uploads\/sites\/24\/2025\/04\/IMG_4454-267x200.jpeg 267w, https:\/\/etab.ac-reunion.fr\/clg-texeira-da-motta\/wp-content\/uploads\/sites\/24\/2025\/04\/IMG_4454.jpeg 1280w\" sizes=\"auto, (max-width: 1024px) 100vw, 1024px\" \/><\/figure>\n\n\n\n<figure class=\"wp-block-image size-large\"><img loading=\"lazy\" decoding=\"async\" width=\"768\" height=\"1024\" data-id=\"4223\" src=\"https:\/\/etab.ac-reunion.fr\/clg-texeira-da-motta\/wp-content\/uploads\/sites\/24\/2025\/04\/IMG_4451-768x1024.jpeg\" alt=\"\" class=\"wp-image-4223\" srcset=\"https:\/\/etab.ac-reunion.fr\/clg-texeira-da-motta\/wp-content\/uploads\/sites\/24\/2025\/04\/IMG_4451-768x1024.jpeg 768w, https:\/\/etab.ac-reunion.fr\/clg-texeira-da-motta\/wp-content\/uploads\/sites\/24\/2025\/04\/IMG_4451-225x300.jpeg 225w, https:\/\/etab.ac-reunion.fr\/clg-texeira-da-motta\/wp-content\/uploads\/sites\/24\/2025\/04\/IMG_4451-150x200.jpeg 150w, https:\/\/etab.ac-reunion.fr\/clg-texeira-da-motta\/wp-content\/uploads\/sites\/24\/2025\/04\/IMG_4451-rotated.jpeg 960w\" sizes=\"auto, (max-width: 768px) 100vw, 768px\" \/><\/figure>\n\n\n\n<figure class=\"wp-block-image size-large\"><img loading=\"lazy\" decoding=\"async\" width=\"1024\" height=\"768\" data-id=\"4225\" src=\"https:\/\/etab.ac-reunion.fr\/clg-texeira-da-motta\/wp-content\/uploads\/sites\/24\/2025\/04\/IMG_4428-1024x768.jpeg\" alt=\"\" class=\"wp-image-4225\" srcset=\"https:\/\/etab.ac-reunion.fr\/clg-texeira-da-motta\/wp-content\/uploads\/sites\/24\/2025\/04\/IMG_4428-1024x768.jpeg 1024w, https:\/\/etab.ac-reunion.fr\/clg-texeira-da-motta\/wp-content\/uploads\/sites\/24\/2025\/04\/IMG_4428-300x225.jpeg 300w, https:\/\/etab.ac-reunion.fr\/clg-texeira-da-motta\/wp-content\/uploads\/sites\/24\/2025\/04\/IMG_4428-768x576.jpeg 768w, https:\/\/etab.ac-reunion.fr\/clg-texeira-da-motta\/wp-content\/uploads\/sites\/24\/2025\/04\/IMG_4428-267x200.jpeg 267w, https:\/\/etab.ac-reunion.fr\/clg-texeira-da-motta\/wp-content\/uploads\/sites\/24\/2025\/04\/IMG_4428.jpeg 1280w\" sizes=\"auto, (max-width: 1024px) 100vw, 1024px\" \/><\/figure>\n\n\n\n<figure class=\"wp-block-image size-large\"><img loading=\"lazy\" decoding=\"async\" width=\"1024\" height=\"768\" data-id=\"4227\" src=\"https:\/\/etab.ac-reunion.fr\/clg-texeira-da-motta\/wp-content\/uploads\/sites\/24\/2025\/04\/IMG_4414-1024x768.jpeg\" alt=\"\" class=\"wp-image-4227\" srcset=\"https:\/\/etab.ac-reunion.fr\/clg-texeira-da-motta\/wp-content\/uploads\/sites\/24\/2025\/04\/IMG_4414-1024x768.jpeg 1024w, https:\/\/etab.ac-reunion.fr\/clg-texeira-da-motta\/wp-content\/uploads\/sites\/24\/2025\/04\/IMG_4414-300x225.jpeg 300w, https:\/\/etab.ac-reunion.fr\/clg-texeira-da-motta\/wp-content\/uploads\/sites\/24\/2025\/04\/IMG_4414-768x576.jpeg 768w, https:\/\/etab.ac-reunion.fr\/clg-texeira-da-motta\/wp-content\/uploads\/sites\/24\/2025\/04\/IMG_4414-267x200.jpeg 267w, https:\/\/etab.ac-reunion.fr\/clg-texeira-da-motta\/wp-content\/uploads\/sites\/24\/2025\/04\/IMG_4414.jpeg 1280w\" sizes=\"auto, (max-width: 1024px) 100vw, 1024px\" \/><\/figure>\n\n\n\n<figure class=\"wp-block-image size-large\"><img loading=\"lazy\" decoding=\"async\" width=\"768\" height=\"1024\" data-id=\"4228\" src=\"https:\/\/etab.ac-reunion.fr\/clg-texeira-da-motta\/wp-content\/uploads\/sites\/24\/2025\/04\/IMG_4412-768x1024.jpeg\" alt=\"\" class=\"wp-image-4228\" srcset=\"https:\/\/etab.ac-reunion.fr\/clg-texeira-da-motta\/wp-content\/uploads\/sites\/24\/2025\/04\/IMG_4412-768x1024.jpeg 768w, https:\/\/etab.ac-reunion.fr\/clg-texeira-da-motta\/wp-content\/uploads\/sites\/24\/2025\/04\/IMG_4412-225x300.jpeg 225w, https:\/\/etab.ac-reunion.fr\/clg-texeira-da-motta\/wp-content\/uploads\/sites\/24\/2025\/04\/IMG_4412-150x200.jpeg 150w, https:\/\/etab.ac-reunion.fr\/clg-texeira-da-motta\/wp-content\/uploads\/sites\/24\/2025\/04\/IMG_4412-rotated.jpeg 960w\" sizes=\"auto, (max-width: 768px) 100vw, 768px\" \/><\/figure>\n\n\n\n<figure class=\"wp-block-image size-large\"><img loading=\"lazy\" decoding=\"async\" width=\"768\" height=\"1024\" data-id=\"4226\" src=\"https:\/\/etab.ac-reunion.fr\/clg-texeira-da-motta\/wp-content\/uploads\/sites\/24\/2025\/04\/IMG_4435-768x1024.jpeg\" alt=\"\" class=\"wp-image-4226\" srcset=\"https:\/\/etab.ac-reunion.fr\/clg-texeira-da-motta\/wp-content\/uploads\/sites\/24\/2025\/04\/IMG_4435-768x1024.jpeg 768w, https:\/\/etab.ac-reunion.fr\/clg-texeira-da-motta\/wp-content\/uploads\/sites\/24\/2025\/04\/IMG_4435-225x300.jpeg 225w, https:\/\/etab.ac-reunion.fr\/clg-texeira-da-motta\/wp-content\/uploads\/sites\/24\/2025\/04\/IMG_4435-150x200.jpeg 150w, https:\/\/etab.ac-reunion.fr\/clg-texeira-da-motta\/wp-content\/uploads\/sites\/24\/2025\/04\/IMG_4435-rotated.jpeg 960w\" sizes=\"auto, (max-width: 768px) 100vw, 768px\" \/><\/figure>\n<\/figure>\n\n\n\n<p>Pour voir la vid\u00e9o de la journ\u00e9e, <a href=\"https:\/\/podeduc.apps.education.fr\/trinome-academique-de-la-reunion\/rallye-citoyen-2025\/video\/89938-college-texeira-da-motta\/\">cliquez ici!<\/a><\/p>\n\n\n\n<p><\/p>\n<!-- AddThis Advanced Settings generic via filter on the_content --><!-- AddThis Share Buttons generic via filter on the_content -->","protected":false},"excerpt":{"rendered":"<p>Lundi 14\/04\/2025, un groupe d\u2019\u00e9co-d\u00e9l\u00e9gu\u00e9s du coll\u00e8ge, accompagn\u00e9s de M. BRENAC et de Mme MAILLOT, a particip\u00e9 au 9e Rallye Citoyen de la Base Navale de la Pointe des Galets (Le Port). Apr\u00e8s un bon petit d\u00e9jeuner, ils ont affront\u00e9 d\u2019autres coll\u00e9giens et lyc\u00e9ens sur des th\u00e9matiques vari\u00e9es: engagement citoyen, &hellip;<!-- AddThis Advanced Settings generic via filter on get_the_excerpt --><!-- AddThis Share Buttons generic via filter on get_the_excerpt --><\/p>\n","protected":false},"author":35833,"featured_media":0,"comment_status":"closed","ping_status":"closed","sticky":false,"template":"","format":"standard","meta":{"footnotes":""},"categories":[1],"tags":[],"class_list":["post-4221","post","type-post","status-publish","format-standard","hentry","category-accueil-actu"],"_links":{"self":[{"href":"https:\/\/etab.ac-reunion.fr\/clg-texeira-da-motta\/wp-json\/wp\/v2\/posts\/4221","targetHints":{"allow":["GET"]}}],"collection":[{"href":"https:\/\/etab.ac-reunion.fr\/clg-texeira-da-motta\/wp-json\/wp\/v2\/posts"}],"about":[{"href":"https:\/\/etab.ac-reunion.fr\/clg-texeira-da-motta\/wp-json\/wp\/v2\/types\/post"}],"author":[{"embeddable":true,"href":"https:\/\/etab.ac-reunion.fr\/clg-texeira-da-motta\/wp-json\/wp\/v2\/users\/35833"}],"replies":[{"embeddable":true,"href":"https:\/\/etab.ac-reunion.fr\/clg-texeira-da-motta\/wp-json\/wp\/v2\/comments?post=4221"}],"version-history":[{"count":3,"href":"https:\/\/etab.ac-reunion.fr\/clg-texeira-da-motta\/wp-json\/wp\/v2\/posts\/4221\/revisions"}],"predecessor-version":[{"id":4237,"href":"https:\/\/etab.ac-reunion.fr\/clg-texeira-da-motta\/wp-json\/wp\/v2\/posts\/4221\/revisions\/4237"}],"wp:attachment":[{"href":"https:\/\/etab.ac-reunion.fr\/clg-texeira-da-motta\/wp-json\/wp\/v2\/media?parent=4221"}],"wp:term":[{"taxonomy":"category","embeddable":true,"href":"https:\/\/etab.ac-reunion.fr\/clg-texeira-da-motta\/wp-json\/wp\/v2\/categories?post=4221"},{"taxonomy":"post_tag","embeddable":true,"href":"https:\/\/etab.ac-reunion.fr\/clg-texeira-da-motta\/wp-json\/wp\/v2\/tags?post=4221"}],"curies":[{"name":"wp","href":"https:\/\/api.w.org\/{rel}","templated":true}]}}