{"id":4484,"date":"2026-03-18T22:47:31","date_gmt":"2026-03-18T18:47:31","guid":{"rendered":"https:\/\/etab.ac-reunion.fr\/clg-texeira-da-motta\/?p=4484"},"modified":"2026-03-18T22:47:32","modified_gmt":"2026-03-18T18:47:32","slug":"deux-rencontres-inspirantes-au-museum-dhistoire-naturelle-pour-les-eleves-de-latelier-aerospatial","status":"publish","type":"post","link":"https:\/\/etab.ac-reunion.fr\/clg-texeira-da-motta\/deux-rencontres-inspirantes-au-museum-dhistoire-naturelle-pour-les-eleves-de-latelier-aerospatial\/","title":{"rendered":"DEUX RENCONTRES INSPIRANTES AU MUSEUM D&rsquo;HISTOIRE NATURELLE POUR LES ELEVES DE L&rsquo;ATELIER AEROSPATIAL"},"content":{"rendered":"\n<p><a><\/a><a><\/a> Le&nbsp;mardi&nbsp;10 f\u00e9vrier, les \u00e9l\u00e8ves de l&rsquo;Atelier A\u00e9rospatial avaient rendez-vous avec V\u00e9nus, un voyage entre Science et M\u00e9moire.<\/p>\n\n\n\n<p>Cette exposition, en partenariat avec les Terres australes et antarctiques fran\u00e7aises,&nbsp;relate le transit de V\u00e9nus, passage rare de la plan\u00e8te devant le Soleil, essentiel pour mesurer les distances dans le syst\u00e8me solaire.<\/p>\n\n\n\n<p>Ce ph\u00e9nom\u00e8ne, qui survient tous les 243 ans, a suscit\u00e9 un fort engouement scientifique en 1874. La France a organis\u00e9 six exp\u00e9ditions dont l&rsquo;une fit escale \u00e0 la R\u00e9union avant de rejoindre l&rsquo;\u00eele Saint Paul avec \u00e0 son bord Auguste LANTZ, premier conservateur du Mus\u00e9um d&rsquo;Histoire Naturelle.<\/p>\n\n\n\n<figure class=\"wp-block-gallery has-nested-images columns-default is-cropped wp-block-gallery-1 is-layout-flex wp-block-gallery-is-layout-flex\">\n<figure class=\"wp-block-image size-large\"><img loading=\"lazy\" decoding=\"async\" width=\"1024\" height=\"768\" data-id=\"4486\" src=\"https:\/\/etab.ac-reunion.fr\/clg-texeira-da-motta\/wp-content\/uploads\/sites\/24\/2026\/03\/WhatsApp-Image-2026-03-16-at-17.28.13-1-1024x768.jpeg\" alt=\"\" class=\"wp-image-4486\" srcset=\"https:\/\/etab.ac-reunion.fr\/clg-texeira-da-motta\/wp-content\/uploads\/sites\/24\/2026\/03\/WhatsApp-Image-2026-03-16-at-17.28.13-1-1024x768.jpeg 1024w, https:\/\/etab.ac-reunion.fr\/clg-texeira-da-motta\/wp-content\/uploads\/sites\/24\/2026\/03\/WhatsApp-Image-2026-03-16-at-17.28.13-1-300x225.jpeg 300w, https:\/\/etab.ac-reunion.fr\/clg-texeira-da-motta\/wp-content\/uploads\/sites\/24\/2026\/03\/WhatsApp-Image-2026-03-16-at-17.28.13-1-768x576.jpeg 768w, https:\/\/etab.ac-reunion.fr\/clg-texeira-da-motta\/wp-content\/uploads\/sites\/24\/2026\/03\/WhatsApp-Image-2026-03-16-at-17.28.13-1-267x200.jpeg 267w, https:\/\/etab.ac-reunion.fr\/clg-texeira-da-motta\/wp-content\/uploads\/sites\/24\/2026\/03\/WhatsApp-Image-2026-03-16-at-17.28.13-1.jpeg 1280w\" sizes=\"auto, (max-width: 1024px) 100vw, 1024px\" \/><\/figure>\n\n\n\n<figure class=\"wp-block-image size-large\"><img loading=\"lazy\" decoding=\"async\" width=\"1024\" height=\"768\" data-id=\"4487\" src=\"https:\/\/etab.ac-reunion.fr\/clg-texeira-da-motta\/wp-content\/uploads\/sites\/24\/2026\/03\/WhatsApp-Image-2026-03-16-at-17.28.12-1-1024x768.jpeg\" alt=\"\" class=\"wp-image-4487\" srcset=\"https:\/\/etab.ac-reunion.fr\/clg-texeira-da-motta\/wp-content\/uploads\/sites\/24\/2026\/03\/WhatsApp-Image-2026-03-16-at-17.28.12-1-1024x768.jpeg 1024w, https:\/\/etab.ac-reunion.fr\/clg-texeira-da-motta\/wp-content\/uploads\/sites\/24\/2026\/03\/WhatsApp-Image-2026-03-16-at-17.28.12-1-300x225.jpeg 300w, https:\/\/etab.ac-reunion.fr\/clg-texeira-da-motta\/wp-content\/uploads\/sites\/24\/2026\/03\/WhatsApp-Image-2026-03-16-at-17.28.12-1-768x576.jpeg 768w, https:\/\/etab.ac-reunion.fr\/clg-texeira-da-motta\/wp-content\/uploads\/sites\/24\/2026\/03\/WhatsApp-Image-2026-03-16-at-17.28.12-1-267x200.jpeg 267w, https:\/\/etab.ac-reunion.fr\/clg-texeira-da-motta\/wp-content\/uploads\/sites\/24\/2026\/03\/WhatsApp-Image-2026-03-16-at-17.28.12-1.jpeg 1280w\" sizes=\"auto, (max-width: 1024px) 100vw, 1024px\" \/><\/figure>\n<\/figure>\n\n\n\n<p>Ga\u00ebl POTHIN, directeur du Mus\u00e9um, a fait d\u00e9couvrir la riche exposition aux \u00e9l\u00e8ves de l&rsquo;Atelier A\u00e9rospatial. Tous les \u00e9l\u00e8ves ont \u00e9t\u00e9 captiv\u00e9s par sa pr\u00e9sentation et ont eu l&rsquo;opportunit\u00e9 d&rsquo;\u00e9changer avec ce v\u00e9ritable ambassadeur passionn\u00e9.<\/p>\n\n\n\n<p>Une rencontre improbable s&rsquo;est ajout\u00e9e \u00e0 cette visite : la rencontre avec M. Salim ISSAC, l&rsquo;unique taxidermiste de l&rsquo;\u00eele. Il a expliqu\u00e9 son m\u00e9tier fascinant, celui de redonner une seconde vie aux animaux du Mus\u00e9um d&rsquo;Histoire Naturelle depuis plus de 25 ans.&nbsp;<\/p>\n\n\n\n<p>Voil\u00e0 donc une journ\u00e9e riche, non seulement sur le plan scientifique, historique, mais \u00e9galement professionnel avec des personnes passionn\u00e9es par leur m\u00e9tier. Ces rencontres pourraient susciter des vocations&#8230;<\/p>\n\n\n\n<figure class=\"wp-block-gallery has-nested-images columns-default is-cropped wp-block-gallery-2 is-layout-flex wp-block-gallery-is-layout-flex\">\n<figure class=\"wp-block-image size-large\"><img loading=\"lazy\" decoding=\"async\" width=\"768\" height=\"1024\" data-id=\"4490\" src=\"https:\/\/etab.ac-reunion.fr\/clg-texeira-da-motta\/wp-content\/uploads\/sites\/24\/2026\/03\/WhatsApp-Image-2026-03-16-at-17.30.46-768x1024.jpeg\" alt=\"\" class=\"wp-image-4490\" srcset=\"https:\/\/etab.ac-reunion.fr\/clg-texeira-da-motta\/wp-content\/uploads\/sites\/24\/2026\/03\/WhatsApp-Image-2026-03-16-at-17.30.46-768x1024.jpeg 768w, https:\/\/etab.ac-reunion.fr\/clg-texeira-da-motta\/wp-content\/uploads\/sites\/24\/2026\/03\/WhatsApp-Image-2026-03-16-at-17.30.46-225x300.jpeg 225w, https:\/\/etab.ac-reunion.fr\/clg-texeira-da-motta\/wp-content\/uploads\/sites\/24\/2026\/03\/WhatsApp-Image-2026-03-16-at-17.30.46-150x200.jpeg 150w, https:\/\/etab.ac-reunion.fr\/clg-texeira-da-motta\/wp-content\/uploads\/sites\/24\/2026\/03\/WhatsApp-Image-2026-03-16-at-17.30.46.jpeg 960w\" sizes=\"auto, (max-width: 768px) 100vw, 768px\" \/><\/figure>\n\n\n\n<figure class=\"wp-block-image size-large\"><img loading=\"lazy\" decoding=\"async\" width=\"1024\" height=\"768\" data-id=\"4489\" src=\"https:\/\/etab.ac-reunion.fr\/clg-texeira-da-motta\/wp-content\/uploads\/sites\/24\/2026\/03\/WhatsApp-Image-2026-03-16-at-17.28.13-2-1024x768.jpeg\" alt=\"\" class=\"wp-image-4489\" srcset=\"https:\/\/etab.ac-reunion.fr\/clg-texeira-da-motta\/wp-content\/uploads\/sites\/24\/2026\/03\/WhatsApp-Image-2026-03-16-at-17.28.13-2-1024x768.jpeg 1024w, https:\/\/etab.ac-reunion.fr\/clg-texeira-da-motta\/wp-content\/uploads\/sites\/24\/2026\/03\/WhatsApp-Image-2026-03-16-at-17.28.13-2-300x225.jpeg 300w, https:\/\/etab.ac-reunion.fr\/clg-texeira-da-motta\/wp-content\/uploads\/sites\/24\/2026\/03\/WhatsApp-Image-2026-03-16-at-17.28.13-2-768x576.jpeg 768w, https:\/\/etab.ac-reunion.fr\/clg-texeira-da-motta\/wp-content\/uploads\/sites\/24\/2026\/03\/WhatsApp-Image-2026-03-16-at-17.28.13-2-267x200.jpeg 267w, https:\/\/etab.ac-reunion.fr\/clg-texeira-da-motta\/wp-content\/uploads\/sites\/24\/2026\/03\/WhatsApp-Image-2026-03-16-at-17.28.13-2.jpeg 1280w\" sizes=\"auto, (max-width: 1024px) 100vw, 1024px\" \/><\/figure>\n\n\n\n<figure class=\"wp-block-image size-large\"><img loading=\"lazy\" decoding=\"async\" width=\"768\" height=\"1024\" data-id=\"4491\" src=\"https:\/\/etab.ac-reunion.fr\/clg-texeira-da-motta\/wp-content\/uploads\/sites\/24\/2026\/03\/WhatsApp-Image-2026-03-16-at-17.28.13-768x1024.jpeg\" alt=\"\" class=\"wp-image-4491\" srcset=\"https:\/\/etab.ac-reunion.fr\/clg-texeira-da-motta\/wp-content\/uploads\/sites\/24\/2026\/03\/WhatsApp-Image-2026-03-16-at-17.28.13-768x1024.jpeg 768w, https:\/\/etab.ac-reunion.fr\/clg-texeira-da-motta\/wp-content\/uploads\/sites\/24\/2026\/03\/WhatsApp-Image-2026-03-16-at-17.28.13-225x300.jpeg 225w, https:\/\/etab.ac-reunion.fr\/clg-texeira-da-motta\/wp-content\/uploads\/sites\/24\/2026\/03\/WhatsApp-Image-2026-03-16-at-17.28.13-150x200.jpeg 150w, https:\/\/etab.ac-reunion.fr\/clg-texeira-da-motta\/wp-content\/uploads\/sites\/24\/2026\/03\/WhatsApp-Image-2026-03-16-at-17.28.13.jpeg 960w\" sizes=\"auto, (max-width: 768px) 100vw, 768px\" \/><\/figure>\n\n\n\n<figure class=\"wp-block-image size-large\"><img loading=\"lazy\" decoding=\"async\" width=\"1024\" height=\"768\" data-id=\"4488\" src=\"https:\/\/etab.ac-reunion.fr\/clg-texeira-da-motta\/wp-content\/uploads\/sites\/24\/2026\/03\/WhatsApp-Image-2026-03-16-at-17.30.46-1-1024x768.jpeg\" alt=\"\" class=\"wp-image-4488\" srcset=\"https:\/\/etab.ac-reunion.fr\/clg-texeira-da-motta\/wp-content\/uploads\/sites\/24\/2026\/03\/WhatsApp-Image-2026-03-16-at-17.30.46-1-1024x768.jpeg 1024w, https:\/\/etab.ac-reunion.fr\/clg-texeira-da-motta\/wp-content\/uploads\/sites\/24\/2026\/03\/WhatsApp-Image-2026-03-16-at-17.30.46-1-300x225.jpeg 300w, https:\/\/etab.ac-reunion.fr\/clg-texeira-da-motta\/wp-content\/uploads\/sites\/24\/2026\/03\/WhatsApp-Image-2026-03-16-at-17.30.46-1-768x576.jpeg 768w, https:\/\/etab.ac-reunion.fr\/clg-texeira-da-motta\/wp-content\/uploads\/sites\/24\/2026\/03\/WhatsApp-Image-2026-03-16-at-17.30.46-1-267x200.jpeg 267w, https:\/\/etab.ac-reunion.fr\/clg-texeira-da-motta\/wp-content\/uploads\/sites\/24\/2026\/03\/WhatsApp-Image-2026-03-16-at-17.30.46-1.jpeg 1280w\" sizes=\"auto, (max-width: 1024px) 100vw, 1024px\" \/><\/figure>\n<\/figure>\n\n\n\n<p><\/p>\n<!-- AddThis Advanced Settings generic via filter on the_content --><!-- AddThis Share Buttons generic via filter on the_content -->","protected":false},"excerpt":{"rendered":"<p>Le&nbsp;mardi&nbsp;10 f\u00e9vrier, les \u00e9l\u00e8ves de l&rsquo;Atelier A\u00e9rospatial avaient rendez-vous avec V\u00e9nus, un voyage entre Science et M\u00e9moire. Cette exposition, en partenariat avec les Terres australes et antarctiques fran\u00e7aises,&nbsp;relate le transit de V\u00e9nus, passage rare de la plan\u00e8te devant le Soleil, essentiel pour mesurer les distances dans le syst\u00e8me solaire. Ce &hellip;<!-- AddThis Advanced Settings generic via filter on get_the_excerpt --><!-- AddThis Share Buttons generic via filter on get_the_excerpt --><\/p>\n","protected":false},"author":35833,"featured_media":0,"comment_status":"closed","ping_status":"closed","sticky":false,"template":"","format":"standard","meta":{"footnotes":""},"categories":[1],"tags":[],"class_list":["post-4484","post","type-post","status-publish","format-standard","hentry","category-accueil-actu"],"_links":{"self":[{"href":"https:\/\/etab.ac-reunion.fr\/clg-texeira-da-motta\/wp-json\/wp\/v2\/posts\/4484","targetHints":{"allow":["GET"]}}],"collection":[{"href":"https:\/\/etab.ac-reunion.fr\/clg-texeira-da-motta\/wp-json\/wp\/v2\/posts"}],"about":[{"href":"https:\/\/etab.ac-reunion.fr\/clg-texeira-da-motta\/wp-json\/wp\/v2\/types\/post"}],"author":[{"embeddable":true,"href":"https:\/\/etab.ac-reunion.fr\/clg-texeira-da-motta\/wp-json\/wp\/v2\/users\/35833"}],"replies":[{"embeddable":true,"href":"https:\/\/etab.ac-reunion.fr\/clg-texeira-da-motta\/wp-json\/wp\/v2\/comments?post=4484"}],"version-history":[{"count":1,"href":"https:\/\/etab.ac-reunion.fr\/clg-texeira-da-motta\/wp-json\/wp\/v2\/posts\/4484\/revisions"}],"predecessor-version":[{"id":4492,"href":"https:\/\/etab.ac-reunion.fr\/clg-texeira-da-motta\/wp-json\/wp\/v2\/posts\/4484\/revisions\/4492"}],"wp:attachment":[{"href":"https:\/\/etab.ac-reunion.fr\/clg-texeira-da-motta\/wp-json\/wp\/v2\/media?parent=4484"}],"wp:term":[{"taxonomy":"category","embeddable":true,"href":"https:\/\/etab.ac-reunion.fr\/clg-texeira-da-motta\/wp-json\/wp\/v2\/categories?post=4484"},{"taxonomy":"post_tag","embeddable":true,"href":"https:\/\/etab.ac-reunion.fr\/clg-texeira-da-motta\/wp-json\/wp\/v2\/tags?post=4484"}],"curies":[{"name":"wp","href":"https:\/\/api.w.org\/{rel}","templated":true}]}}