{"id":4493,"date":"2026-03-18T22:56:09","date_gmt":"2026-03-18T18:56:09","guid":{"rendered":"https:\/\/etab.ac-reunion.fr\/clg-texeira-da-motta\/?p=4493"},"modified":"2026-03-18T22:56:10","modified_gmt":"2026-03-18T18:56:10","slug":"une-nuit-etoilee-pour-la-deuxieme-edition-de-texeira-sous-les-etoiles","status":"publish","type":"post","link":"https:\/\/etab.ac-reunion.fr\/clg-texeira-da-motta\/une-nuit-etoilee-pour-la-deuxieme-edition-de-texeira-sous-les-etoiles\/","title":{"rendered":"UNE NUIT ETOILEE POUR LA DEUXIEME EDITION DE TEXEIRA SOUS LES ETOILES"},"content":{"rendered":"\n<p><a><\/a><a><\/a> Le&nbsp;vendredi&nbsp;20 f\u00e9vrier, les \u00e9l\u00e8ves de l&rsquo;Atelier A\u00e9rospatial, en collaboration avec ceux de l&rsquo;Atelier Maloya ont eu le plaisir d&rsquo;inviter leurs familles et la communaut\u00e9 \u00e9ducative, \u00e0 leur soir\u00e9e d&rsquo;exploration du ciel depuis le coll\u00e8ge, en partenariat avec l&rsquo;Association Astronomique de la R\u00e9union.<\/p>\n\n\n\n<p>En effet, plusieurs ateliers ont ponctu\u00e9 ce temps fort : pr\u00e9sentation de leurs travaux, projection de films, notamment celui du d\u00e9collage de Sophie ADENOT, astronaute fran\u00e7aise en route pour l&rsquo;ISS, observation des \u00e9toiles gr\u00e2ce aux instruments de Mme PERIGAULT (directrice de l&rsquo;AAR) et de 2 membres de son association, et un moment ludique avec des ateliers cr\u00e9atifs.<\/p>\n\n\n\n<figure class=\"wp-block-gallery has-nested-images columns-default is-cropped wp-block-gallery-1 is-layout-flex wp-block-gallery-is-layout-flex\">\n<figure class=\"wp-block-image size-large\"><img loading=\"lazy\" decoding=\"async\" width=\"1024\" height=\"768\" data-id=\"4494\" src=\"https:\/\/etab.ac-reunion.fr\/clg-texeira-da-motta\/wp-content\/uploads\/sites\/24\/2026\/03\/WhatsApp-Image-2026-03-16-at-17.37.12-2-1024x768.jpeg\" alt=\"\" class=\"wp-image-4494\" srcset=\"https:\/\/etab.ac-reunion.fr\/clg-texeira-da-motta\/wp-content\/uploads\/sites\/24\/2026\/03\/WhatsApp-Image-2026-03-16-at-17.37.12-2-1024x768.jpeg 1024w, https:\/\/etab.ac-reunion.fr\/clg-texeira-da-motta\/wp-content\/uploads\/sites\/24\/2026\/03\/WhatsApp-Image-2026-03-16-at-17.37.12-2-300x225.jpeg 300w, https:\/\/etab.ac-reunion.fr\/clg-texeira-da-motta\/wp-content\/uploads\/sites\/24\/2026\/03\/WhatsApp-Image-2026-03-16-at-17.37.12-2-768x576.jpeg 768w, https:\/\/etab.ac-reunion.fr\/clg-texeira-da-motta\/wp-content\/uploads\/sites\/24\/2026\/03\/WhatsApp-Image-2026-03-16-at-17.37.12-2-267x200.jpeg 267w, https:\/\/etab.ac-reunion.fr\/clg-texeira-da-motta\/wp-content\/uploads\/sites\/24\/2026\/03\/WhatsApp-Image-2026-03-16-at-17.37.12-2.jpeg 1280w\" sizes=\"auto, (max-width: 1024px) 100vw, 1024px\" \/><\/figure>\n\n\n\n<figure class=\"wp-block-image size-large\"><img loading=\"lazy\" decoding=\"async\" width=\"503\" height=\"1024\" data-id=\"4496\" src=\"https:\/\/etab.ac-reunion.fr\/clg-texeira-da-motta\/wp-content\/uploads\/sites\/24\/2026\/03\/WhatsApp-Image-2026-03-16-at-17.40.40-503x1024.jpeg\" alt=\"\" class=\"wp-image-4496\" srcset=\"https:\/\/etab.ac-reunion.fr\/clg-texeira-da-motta\/wp-content\/uploads\/sites\/24\/2026\/03\/WhatsApp-Image-2026-03-16-at-17.40.40-503x1024.jpeg 503w, https:\/\/etab.ac-reunion.fr\/clg-texeira-da-motta\/wp-content\/uploads\/sites\/24\/2026\/03\/WhatsApp-Image-2026-03-16-at-17.40.40-147x300.jpeg 147w, https:\/\/etab.ac-reunion.fr\/clg-texeira-da-motta\/wp-content\/uploads\/sites\/24\/2026\/03\/WhatsApp-Image-2026-03-16-at-17.40.40-768x1562.jpeg 768w, https:\/\/etab.ac-reunion.fr\/clg-texeira-da-motta\/wp-content\/uploads\/sites\/24\/2026\/03\/WhatsApp-Image-2026-03-16-at-17.40.40-755x1536.jpeg 755w, https:\/\/etab.ac-reunion.fr\/clg-texeira-da-motta\/wp-content\/uploads\/sites\/24\/2026\/03\/WhatsApp-Image-2026-03-16-at-17.40.40-98x200.jpeg 98w, https:\/\/etab.ac-reunion.fr\/clg-texeira-da-motta\/wp-content\/uploads\/sites\/24\/2026\/03\/WhatsApp-Image-2026-03-16-at-17.40.40.jpeg 786w\" sizes=\"auto, (max-width: 503px) 100vw, 503px\" \/><\/figure>\n\n\n\n<figure class=\"wp-block-image size-large\"><img loading=\"lazy\" decoding=\"async\" width=\"768\" height=\"1024\" data-id=\"4495\" src=\"https:\/\/etab.ac-reunion.fr\/clg-texeira-da-motta\/wp-content\/uploads\/sites\/24\/2026\/03\/WhatsApp-Image-2026-03-16-at-17.55.18-768x1024.jpeg\" alt=\"\" class=\"wp-image-4495\" srcset=\"https:\/\/etab.ac-reunion.fr\/clg-texeira-da-motta\/wp-content\/uploads\/sites\/24\/2026\/03\/WhatsApp-Image-2026-03-16-at-17.55.18-768x1024.jpeg 768w, https:\/\/etab.ac-reunion.fr\/clg-texeira-da-motta\/wp-content\/uploads\/sites\/24\/2026\/03\/WhatsApp-Image-2026-03-16-at-17.55.18-225x300.jpeg 225w, https:\/\/etab.ac-reunion.fr\/clg-texeira-da-motta\/wp-content\/uploads\/sites\/24\/2026\/03\/WhatsApp-Image-2026-03-16-at-17.55.18-1152x1536.jpeg 1152w, https:\/\/etab.ac-reunion.fr\/clg-texeira-da-motta\/wp-content\/uploads\/sites\/24\/2026\/03\/WhatsApp-Image-2026-03-16-at-17.55.18-150x200.jpeg 150w, https:\/\/etab.ac-reunion.fr\/clg-texeira-da-motta\/wp-content\/uploads\/sites\/24\/2026\/03\/WhatsApp-Image-2026-03-16-at-17.55.18.jpeg 1200w\" sizes=\"auto, (max-width: 768px) 100vw, 768px\" \/><\/figure>\n\n\n\n<figure class=\"wp-block-image size-large\"><img loading=\"lazy\" decoding=\"async\" width=\"1024\" height=\"768\" data-id=\"4497\" src=\"https:\/\/etab.ac-reunion.fr\/clg-texeira-da-motta\/wp-content\/uploads\/sites\/24\/2026\/03\/WhatsApp-Image-2026-03-16-at-17.37.11-1024x768.jpeg\" alt=\"\" class=\"wp-image-4497\" srcset=\"https:\/\/etab.ac-reunion.fr\/clg-texeira-da-motta\/wp-content\/uploads\/sites\/24\/2026\/03\/WhatsApp-Image-2026-03-16-at-17.37.11-1024x768.jpeg 1024w, https:\/\/etab.ac-reunion.fr\/clg-texeira-da-motta\/wp-content\/uploads\/sites\/24\/2026\/03\/WhatsApp-Image-2026-03-16-at-17.37.11-300x225.jpeg 300w, https:\/\/etab.ac-reunion.fr\/clg-texeira-da-motta\/wp-content\/uploads\/sites\/24\/2026\/03\/WhatsApp-Image-2026-03-16-at-17.37.11-768x576.jpeg 768w, https:\/\/etab.ac-reunion.fr\/clg-texeira-da-motta\/wp-content\/uploads\/sites\/24\/2026\/03\/WhatsApp-Image-2026-03-16-at-17.37.11-1536x1152.jpeg 1536w, https:\/\/etab.ac-reunion.fr\/clg-texeira-da-motta\/wp-content\/uploads\/sites\/24\/2026\/03\/WhatsApp-Image-2026-03-16-at-17.37.11-267x200.jpeg 267w, https:\/\/etab.ac-reunion.fr\/clg-texeira-da-motta\/wp-content\/uploads\/sites\/24\/2026\/03\/WhatsApp-Image-2026-03-16-at-17.37.11.jpeg 1600w\" sizes=\"auto, (max-width: 1024px) 100vw, 1024px\" \/><\/figure>\n<\/figure>\n\n\n\n<p><br>Guid\u00e9s par les m\u00e9diateurs de l&rsquo;observatoire des Makes, le public a pu observer le ciel \u00e0 l&rsquo;oeil nu et aux diff\u00e9rents instruments. La vo\u00fbte c\u00e9leste a livr\u00e9 ses beaut\u00e9s et ses merveilles dans toutes leurs splendeurs : la Lune et ses crat\u00e8res, Jupiter et ses anneaux, plusieurs \u00e9toiles filantes, les Pl\u00e9iades&#8230;<\/p>\n\n\n\n<figure class=\"wp-block-gallery has-nested-images columns-default is-cropped wp-block-gallery-2 is-layout-flex wp-block-gallery-is-layout-flex\">\n<figure class=\"wp-block-image size-large\"><img loading=\"lazy\" decoding=\"async\" width=\"1024\" height=\"768\" data-id=\"4499\" src=\"https:\/\/etab.ac-reunion.fr\/clg-texeira-da-motta\/wp-content\/uploads\/sites\/24\/2026\/03\/WhatsApp-Image-2026-03-16-at-17.37.12-1-1024x768.jpeg\" alt=\"\" class=\"wp-image-4499\" srcset=\"https:\/\/etab.ac-reunion.fr\/clg-texeira-da-motta\/wp-content\/uploads\/sites\/24\/2026\/03\/WhatsApp-Image-2026-03-16-at-17.37.12-1-1024x768.jpeg 1024w, https:\/\/etab.ac-reunion.fr\/clg-texeira-da-motta\/wp-content\/uploads\/sites\/24\/2026\/03\/WhatsApp-Image-2026-03-16-at-17.37.12-1-300x225.jpeg 300w, https:\/\/etab.ac-reunion.fr\/clg-texeira-da-motta\/wp-content\/uploads\/sites\/24\/2026\/03\/WhatsApp-Image-2026-03-16-at-17.37.12-1-768x576.jpeg 768w, https:\/\/etab.ac-reunion.fr\/clg-texeira-da-motta\/wp-content\/uploads\/sites\/24\/2026\/03\/WhatsApp-Image-2026-03-16-at-17.37.12-1-267x200.jpeg 267w, https:\/\/etab.ac-reunion.fr\/clg-texeira-da-motta\/wp-content\/uploads\/sites\/24\/2026\/03\/WhatsApp-Image-2026-03-16-at-17.37.12-1.jpeg 1280w\" sizes=\"auto, (max-width: 1024px) 100vw, 1024px\" \/><\/figure>\n\n\n\n<figure class=\"wp-block-image size-large\"><img loading=\"lazy\" decoding=\"async\" width=\"1024\" height=\"768\" data-id=\"4500\" src=\"https:\/\/etab.ac-reunion.fr\/clg-texeira-da-motta\/wp-content\/uploads\/sites\/24\/2026\/03\/WhatsApp-Image-2026-03-16-at-17.37.12-1024x768.jpeg\" alt=\"\" class=\"wp-image-4500\" srcset=\"https:\/\/etab.ac-reunion.fr\/clg-texeira-da-motta\/wp-content\/uploads\/sites\/24\/2026\/03\/WhatsApp-Image-2026-03-16-at-17.37.12-1024x768.jpeg 1024w, https:\/\/etab.ac-reunion.fr\/clg-texeira-da-motta\/wp-content\/uploads\/sites\/24\/2026\/03\/WhatsApp-Image-2026-03-16-at-17.37.12-300x225.jpeg 300w, https:\/\/etab.ac-reunion.fr\/clg-texeira-da-motta\/wp-content\/uploads\/sites\/24\/2026\/03\/WhatsApp-Image-2026-03-16-at-17.37.12-768x576.jpeg 768w, https:\/\/etab.ac-reunion.fr\/clg-texeira-da-motta\/wp-content\/uploads\/sites\/24\/2026\/03\/WhatsApp-Image-2026-03-16-at-17.37.12-1536x1152.jpeg 1536w, https:\/\/etab.ac-reunion.fr\/clg-texeira-da-motta\/wp-content\/uploads\/sites\/24\/2026\/03\/WhatsApp-Image-2026-03-16-at-17.37.12-267x200.jpeg 267w, https:\/\/etab.ac-reunion.fr\/clg-texeira-da-motta\/wp-content\/uploads\/sites\/24\/2026\/03\/WhatsApp-Image-2026-03-16-at-17.37.12.jpeg 1600w\" sizes=\"auto, (max-width: 1024px) 100vw, 1024px\" \/><\/figure>\n\n\n\n<figure class=\"wp-block-image size-large\"><img loading=\"lazy\" decoding=\"async\" width=\"960\" height=\"720\" data-id=\"4498\" src=\"https:\/\/etab.ac-reunion.fr\/clg-texeira-da-motta\/wp-content\/uploads\/sites\/24\/2026\/03\/WhatsApp-Image-2026-03-16-at-17.37.11-1.jpeg\" alt=\"\" class=\"wp-image-4498\" srcset=\"https:\/\/etab.ac-reunion.fr\/clg-texeira-da-motta\/wp-content\/uploads\/sites\/24\/2026\/03\/WhatsApp-Image-2026-03-16-at-17.37.11-1.jpeg 960w, https:\/\/etab.ac-reunion.fr\/clg-texeira-da-motta\/wp-content\/uploads\/sites\/24\/2026\/03\/WhatsApp-Image-2026-03-16-at-17.37.11-1-300x225.jpeg 300w, https:\/\/etab.ac-reunion.fr\/clg-texeira-da-motta\/wp-content\/uploads\/sites\/24\/2026\/03\/WhatsApp-Image-2026-03-16-at-17.37.11-1-768x576.jpeg 768w, https:\/\/etab.ac-reunion.fr\/clg-texeira-da-motta\/wp-content\/uploads\/sites\/24\/2026\/03\/WhatsApp-Image-2026-03-16-at-17.37.11-1-267x200.jpeg 267w\" sizes=\"auto, (max-width: 960px) 100vw, 960px\" \/><\/figure>\n<\/figure>\n\n\n\n<figure class=\"wp-block-video\"><video height=\"850\" style=\"aspect-ratio: 478 \/ 850;\" width=\"478\" controls src=\"https:\/\/etab.ac-reunion.fr\/clg-texeira-da-motta\/wp-content\/uploads\/sites\/24\/2026\/03\/WhatsApp-Video-2026-03-16-at-17.55.17.mp4\"><\/video><\/figure>\n\n\n\n<p><br>Nous remercions chaleureusement le personnel de Direction, tous les \u00e9l\u00e8ves et leurs parents, les membres de la communaut\u00e9 \u00e9ducative pr\u00e9sents d&rsquo;avoir r\u00e9pondu \u00e0 cette invitation et d&rsquo;avoir contribu\u00e9 \u00e0 la r\u00e9ussite de cette soir\u00e9e m\u00e9morable.<\/p>\n\n\n\n<figure class=\"wp-block-image size-large\"><img loading=\"lazy\" decoding=\"async\" width=\"1024\" height=\"768\" src=\"https:\/\/etab.ac-reunion.fr\/clg-texeira-da-motta\/wp-content\/uploads\/sites\/24\/2026\/03\/WhatsApp-Image-2026-03-16-at-17.40.40-1-1024x768.jpeg\" alt=\"\" class=\"wp-image-4501\" srcset=\"https:\/\/etab.ac-reunion.fr\/clg-texeira-da-motta\/wp-content\/uploads\/sites\/24\/2026\/03\/WhatsApp-Image-2026-03-16-at-17.40.40-1-1024x768.jpeg 1024w, https:\/\/etab.ac-reunion.fr\/clg-texeira-da-motta\/wp-content\/uploads\/sites\/24\/2026\/03\/WhatsApp-Image-2026-03-16-at-17.40.40-1-300x225.jpeg 300w, https:\/\/etab.ac-reunion.fr\/clg-texeira-da-motta\/wp-content\/uploads\/sites\/24\/2026\/03\/WhatsApp-Image-2026-03-16-at-17.40.40-1-768x576.jpeg 768w, https:\/\/etab.ac-reunion.fr\/clg-texeira-da-motta\/wp-content\/uploads\/sites\/24\/2026\/03\/WhatsApp-Image-2026-03-16-at-17.40.40-1-267x200.jpeg 267w, https:\/\/etab.ac-reunion.fr\/clg-texeira-da-motta\/wp-content\/uploads\/sites\/24\/2026\/03\/WhatsApp-Image-2026-03-16-at-17.40.40-1.jpeg 1280w\" sizes=\"auto, (max-width: 1024px) 100vw, 1024px\" \/><\/figure>\n<!-- AddThis Advanced Settings generic via filter on the_content --><!-- AddThis Share Buttons generic via filter on the_content -->","protected":false},"excerpt":{"rendered":"<p>Le&nbsp;vendredi&nbsp;20 f\u00e9vrier, les \u00e9l\u00e8ves de l&rsquo;Atelier A\u00e9rospatial, en collaboration avec ceux de l&rsquo;Atelier Maloya ont eu le plaisir d&rsquo;inviter leurs familles et la communaut\u00e9 \u00e9ducative, \u00e0 leur soir\u00e9e d&rsquo;exploration du ciel depuis le coll\u00e8ge, en partenariat avec l&rsquo;Association Astronomique de la R\u00e9union. En effet, plusieurs ateliers ont ponctu\u00e9 ce temps &hellip;<!-- AddThis Advanced Settings generic via filter on get_the_excerpt --><!-- AddThis Share Buttons generic via filter on get_the_excerpt --><\/p>\n","protected":false},"author":35833,"featured_media":0,"comment_status":"closed","ping_status":"closed","sticky":false,"template":"","format":"standard","meta":{"footnotes":""},"categories":[1],"tags":[],"class_list":["post-4493","post","type-post","status-publish","format-standard","hentry","category-accueil-actu"],"_links":{"self":[{"href":"https:\/\/etab.ac-reunion.fr\/clg-texeira-da-motta\/wp-json\/wp\/v2\/posts\/4493","targetHints":{"allow":["GET"]}}],"collection":[{"href":"https:\/\/etab.ac-reunion.fr\/clg-texeira-da-motta\/wp-json\/wp\/v2\/posts"}],"about":[{"href":"https:\/\/etab.ac-reunion.fr\/clg-texeira-da-motta\/wp-json\/wp\/v2\/types\/post"}],"author":[{"embeddable":true,"href":"https:\/\/etab.ac-reunion.fr\/clg-texeira-da-motta\/wp-json\/wp\/v2\/users\/35833"}],"replies":[{"embeddable":true,"href":"https:\/\/etab.ac-reunion.fr\/clg-texeira-da-motta\/wp-json\/wp\/v2\/comments?post=4493"}],"version-history":[{"count":1,"href":"https:\/\/etab.ac-reunion.fr\/clg-texeira-da-motta\/wp-json\/wp\/v2\/posts\/4493\/revisions"}],"predecessor-version":[{"id":4503,"href":"https:\/\/etab.ac-reunion.fr\/clg-texeira-da-motta\/wp-json\/wp\/v2\/posts\/4493\/revisions\/4503"}],"wp:attachment":[{"href":"https:\/\/etab.ac-reunion.fr\/clg-texeira-da-motta\/wp-json\/wp\/v2\/media?parent=4493"}],"wp:term":[{"taxonomy":"category","embeddable":true,"href":"https:\/\/etab.ac-reunion.fr\/clg-texeira-da-motta\/wp-json\/wp\/v2\/categories?post=4493"},{"taxonomy":"post_tag","embeddable":true,"href":"https:\/\/etab.ac-reunion.fr\/clg-texeira-da-motta\/wp-json\/wp\/v2\/tags?post=4493"}],"curies":[{"name":"wp","href":"https:\/\/api.w.org\/{rel}","templated":true}]}}