{"id":4548,"date":"2026-04-17T08:09:18","date_gmt":"2026-04-17T04:09:18","guid":{"rendered":"https:\/\/etab.ac-reunion.fr\/clg-texeira-da-motta\/?p=4548"},"modified":"2026-04-17T08:09:18","modified_gmt":"2026-04-17T04:09:18","slug":"resultats-du-concours-de-dessin-photo-le-ciel-curiosites-et-merveilles","status":"publish","type":"post","link":"https:\/\/etab.ac-reunion.fr\/clg-texeira-da-motta\/resultats-du-concours-de-dessin-photo-le-ciel-curiosites-et-merveilles\/","title":{"rendered":"RESULTATS DU CONCOURS DE DESSIN \/ PHOTO : \u00a0\u00bb Le ciel, curiosit\u00e9s et merveilles&#8230;\u00a0\u00bb"},"content":{"rendered":"\n<p>Pour la 2\u00e8me \u00e9dition de Texeira sous les \u00e9toiles, c&rsquo;\u00e9tait l&rsquo;occasion de proposer la f\u00eate de l&rsquo;espace.<\/p>\n\n\n\n<p>L&rsquo;atelier A\u00e9rospatial a donc mis en place un concours de dessin et photo \u00e0 destination de TOUS.<\/p>\n\n\n\n<p>D\u00e9couvrez tous les dessins s\u00e9lectionn\u00e9s:\u00a0<\/p>\n\n\n\n<figure class=\"wp-block-gallery has-nested-images columns-default is-cropped wp-block-gallery-1 is-layout-flex wp-block-gallery-is-layout-flex\">\n<figure class=\"wp-block-image size-large\"><img loading=\"lazy\" decoding=\"async\" width=\"1024\" height=\"461\" data-id=\"4550\" src=\"https:\/\/etab.ac-reunion.fr\/clg-texeira-da-motta\/wp-content\/uploads\/sites\/24\/2026\/04\/IMG-20260402-WA0047-1024x461.jpg\" alt=\"\" class=\"wp-image-4550\" srcset=\"https:\/\/etab.ac-reunion.fr\/clg-texeira-da-motta\/wp-content\/uploads\/sites\/24\/2026\/04\/IMG-20260402-WA0047-1024x461.jpg 1024w, https:\/\/etab.ac-reunion.fr\/clg-texeira-da-motta\/wp-content\/uploads\/sites\/24\/2026\/04\/IMG-20260402-WA0047-300x135.jpg 300w, https:\/\/etab.ac-reunion.fr\/clg-texeira-da-motta\/wp-content\/uploads\/sites\/24\/2026\/04\/IMG-20260402-WA0047-768x346.jpg 768w, https:\/\/etab.ac-reunion.fr\/clg-texeira-da-motta\/wp-content\/uploads\/sites\/24\/2026\/04\/IMG-20260402-WA0047-1536x691.jpg 1536w, https:\/\/etab.ac-reunion.fr\/clg-texeira-da-motta\/wp-content\/uploads\/sites\/24\/2026\/04\/IMG-20260402-WA0047-444x200.jpg 444w, https:\/\/etab.ac-reunion.fr\/clg-texeira-da-motta\/wp-content\/uploads\/sites\/24\/2026\/04\/IMG-20260402-WA0047.jpg 1600w\" sizes=\"auto, (max-width: 1024px) 100vw, 1024px\" \/><\/figure>\n\n\n\n<figure class=\"wp-block-image size-large\"><img loading=\"lazy\" decoding=\"async\" width=\"1024\" height=\"461\" data-id=\"4549\" src=\"https:\/\/etab.ac-reunion.fr\/clg-texeira-da-motta\/wp-content\/uploads\/sites\/24\/2026\/04\/IMG-20260402-WA0048-1024x461.jpg\" alt=\"\" class=\"wp-image-4549\" srcset=\"https:\/\/etab.ac-reunion.fr\/clg-texeira-da-motta\/wp-content\/uploads\/sites\/24\/2026\/04\/IMG-20260402-WA0048-1024x461.jpg 1024w, https:\/\/etab.ac-reunion.fr\/clg-texeira-da-motta\/wp-content\/uploads\/sites\/24\/2026\/04\/IMG-20260402-WA0048-300x135.jpg 300w, https:\/\/etab.ac-reunion.fr\/clg-texeira-da-motta\/wp-content\/uploads\/sites\/24\/2026\/04\/IMG-20260402-WA0048-768x346.jpg 768w, https:\/\/etab.ac-reunion.fr\/clg-texeira-da-motta\/wp-content\/uploads\/sites\/24\/2026\/04\/IMG-20260402-WA0048-1536x691.jpg 1536w, https:\/\/etab.ac-reunion.fr\/clg-texeira-da-motta\/wp-content\/uploads\/sites\/24\/2026\/04\/IMG-20260402-WA0048-444x200.jpg 444w, https:\/\/etab.ac-reunion.fr\/clg-texeira-da-motta\/wp-content\/uploads\/sites\/24\/2026\/04\/IMG-20260402-WA0048.jpg 1600w\" sizes=\"auto, (max-width: 1024px) 100vw, 1024px\" \/><\/figure>\n<\/figure>\n\n\n\n<p>&#8211; ADAYA Cassandre et Ga\u00ebtan<\/p>\n\n\n\n<p>&#8211; HOAREAU Layanah<\/p>\n\n\n\n<p>&#8211; SAINT ALME Liam<\/p>\n\n\n\n<p>&#8211; JOUAO Camilla<\/p>\n\n\n\n<p>&#8211; KASSIM Aymard<\/p>\n\n\n\n<p>&#8211; TIMON Kayla<\/p>\n\n\n\n<p>&#8211; BOURDEL Noah<\/p>\n\n\n\n<p>&#8211; ANDOCHE Alyson<\/p>\n\n\n\n<p>&#8211; VIRASSAMY Amalia<\/p>\n\n\n\n<p>&#8211;&nbsp;SAM&nbsp;SHING FONG ROLO Ma\u00eblle<\/p>\n\n\n\n<p>&#8211; NOEL Lauryne<\/p>\n\n\n\n<p>&#8211; TURQUOIS Corentin<\/p>\n\n\n\n<p>&#8211; LEGROS LAUP Nolan<\/p>\n\n\n\n<figure class=\"wp-block-gallery has-nested-images columns-default is-cropped wp-block-gallery-2 is-layout-flex wp-block-gallery-is-layout-flex\">\n<figure class=\"wp-block-image size-large\"><img loading=\"lazy\" decoding=\"async\" width=\"643\" height=\"712\" data-id=\"4552\" src=\"https:\/\/etab.ac-reunion.fr\/clg-texeira-da-motta\/wp-content\/uploads\/sites\/24\/2026\/04\/IMG-20260402-WA0065.jpg\" alt=\"\" class=\"wp-image-4552\" srcset=\"https:\/\/etab.ac-reunion.fr\/clg-texeira-da-motta\/wp-content\/uploads\/sites\/24\/2026\/04\/IMG-20260402-WA0065.jpg 643w, https:\/\/etab.ac-reunion.fr\/clg-texeira-da-motta\/wp-content\/uploads\/sites\/24\/2026\/04\/IMG-20260402-WA0065-271x300.jpg 271w, https:\/\/etab.ac-reunion.fr\/clg-texeira-da-motta\/wp-content\/uploads\/sites\/24\/2026\/04\/IMG-20260402-WA0065-181x200.jpg 181w\" sizes=\"auto, (max-width: 643px) 100vw, 643px\" \/><\/figure>\n\n\n\n<figure class=\"wp-block-image size-large\"><img loading=\"lazy\" decoding=\"async\" width=\"1001\" height=\"656\" data-id=\"4554\" src=\"https:\/\/etab.ac-reunion.fr\/clg-texeira-da-motta\/wp-content\/uploads\/sites\/24\/2026\/04\/IMG-20260402-WA0060.jpg\" alt=\"\" class=\"wp-image-4554\" srcset=\"https:\/\/etab.ac-reunion.fr\/clg-texeira-da-motta\/wp-content\/uploads\/sites\/24\/2026\/04\/IMG-20260402-WA0060.jpg 1001w, https:\/\/etab.ac-reunion.fr\/clg-texeira-da-motta\/wp-content\/uploads\/sites\/24\/2026\/04\/IMG-20260402-WA0060-300x197.jpg 300w, https:\/\/etab.ac-reunion.fr\/clg-texeira-da-motta\/wp-content\/uploads\/sites\/24\/2026\/04\/IMG-20260402-WA0060-768x503.jpg 768w, https:\/\/etab.ac-reunion.fr\/clg-texeira-da-motta\/wp-content\/uploads\/sites\/24\/2026\/04\/IMG-20260402-WA0060-305x200.jpg 305w\" sizes=\"auto, (max-width: 1001px) 100vw, 1001px\" \/><\/figure>\n\n\n\n<figure class=\"wp-block-image size-large\"><img loading=\"lazy\" decoding=\"async\" width=\"660\" height=\"882\" data-id=\"4556\" src=\"https:\/\/etab.ac-reunion.fr\/clg-texeira-da-motta\/wp-content\/uploads\/sites\/24\/2026\/04\/IMG-20260402-WA0067.jpg\" alt=\"\" class=\"wp-image-4556\" srcset=\"https:\/\/etab.ac-reunion.fr\/clg-texeira-da-motta\/wp-content\/uploads\/sites\/24\/2026\/04\/IMG-20260402-WA0067.jpg 660w, https:\/\/etab.ac-reunion.fr\/clg-texeira-da-motta\/wp-content\/uploads\/sites\/24\/2026\/04\/IMG-20260402-WA0067-224x300.jpg 224w, https:\/\/etab.ac-reunion.fr\/clg-texeira-da-motta\/wp-content\/uploads\/sites\/24\/2026\/04\/IMG-20260402-WA0067-150x200.jpg 150w\" sizes=\"auto, (max-width: 660px) 100vw, 660px\" \/><\/figure>\n\n\n\n<figure class=\"wp-block-image size-large\"><img loading=\"lazy\" decoding=\"async\" width=\"649\" height=\"887\" data-id=\"4553\" src=\"https:\/\/etab.ac-reunion.fr\/clg-texeira-da-motta\/wp-content\/uploads\/sites\/24\/2026\/04\/IMG-20260402-WA0068.jpg\" alt=\"\" class=\"wp-image-4553\" srcset=\"https:\/\/etab.ac-reunion.fr\/clg-texeira-da-motta\/wp-content\/uploads\/sites\/24\/2026\/04\/IMG-20260402-WA0068.jpg 649w, https:\/\/etab.ac-reunion.fr\/clg-texeira-da-motta\/wp-content\/uploads\/sites\/24\/2026\/04\/IMG-20260402-WA0068-220x300.jpg 220w, https:\/\/etab.ac-reunion.fr\/clg-texeira-da-motta\/wp-content\/uploads\/sites\/24\/2026\/04\/IMG-20260402-WA0068-146x200.jpg 146w\" sizes=\"auto, (max-width: 649px) 100vw, 649px\" \/><\/figure>\n\n\n\n<figure class=\"wp-block-image size-large\"><img loading=\"lazy\" decoding=\"async\" width=\"591\" height=\"803\" data-id=\"4555\" src=\"https:\/\/etab.ac-reunion.fr\/clg-texeira-da-motta\/wp-content\/uploads\/sites\/24\/2026\/04\/IMG-20260402-WA0066.jpg\" alt=\"\" class=\"wp-image-4555\" srcset=\"https:\/\/etab.ac-reunion.fr\/clg-texeira-da-motta\/wp-content\/uploads\/sites\/24\/2026\/04\/IMG-20260402-WA0066.jpg 591w, https:\/\/etab.ac-reunion.fr\/clg-texeira-da-motta\/wp-content\/uploads\/sites\/24\/2026\/04\/IMG-20260402-WA0066-221x300.jpg 221w, https:\/\/etab.ac-reunion.fr\/clg-texeira-da-motta\/wp-content\/uploads\/sites\/24\/2026\/04\/IMG-20260402-WA0066-147x200.jpg 147w\" sizes=\"auto, (max-width: 591px) 100vw, 591px\" \/><\/figure>\n\n\n\n<figure class=\"wp-block-image size-large\"><img loading=\"lazy\" decoding=\"async\" width=\"653\" height=\"937\" data-id=\"4557\" src=\"https:\/\/etab.ac-reunion.fr\/clg-texeira-da-motta\/wp-content\/uploads\/sites\/24\/2026\/04\/IMG-20260402-WA0070.jpg\" alt=\"\" class=\"wp-image-4557\" srcset=\"https:\/\/etab.ac-reunion.fr\/clg-texeira-da-motta\/wp-content\/uploads\/sites\/24\/2026\/04\/IMG-20260402-WA0070.jpg 653w, https:\/\/etab.ac-reunion.fr\/clg-texeira-da-motta\/wp-content\/uploads\/sites\/24\/2026\/04\/IMG-20260402-WA0070-209x300.jpg 209w, https:\/\/etab.ac-reunion.fr\/clg-texeira-da-motta\/wp-content\/uploads\/sites\/24\/2026\/04\/IMG-20260402-WA0070-139x200.jpg 139w\" sizes=\"auto, (max-width: 653px) 100vw, 653px\" \/><\/figure>\n\n\n\n<figure class=\"wp-block-image size-large\"><img loading=\"lazy\" decoding=\"async\" width=\"632\" height=\"910\" data-id=\"4551\" src=\"https:\/\/etab.ac-reunion.fr\/clg-texeira-da-motta\/wp-content\/uploads\/sites\/24\/2026\/04\/IMG-20260402-WA0069.jpg\" alt=\"\" class=\"wp-image-4551\" srcset=\"https:\/\/etab.ac-reunion.fr\/clg-texeira-da-motta\/wp-content\/uploads\/sites\/24\/2026\/04\/IMG-20260402-WA0069.jpg 632w, https:\/\/etab.ac-reunion.fr\/clg-texeira-da-motta\/wp-content\/uploads\/sites\/24\/2026\/04\/IMG-20260402-WA0069-208x300.jpg 208w, https:\/\/etab.ac-reunion.fr\/clg-texeira-da-motta\/wp-content\/uploads\/sites\/24\/2026\/04\/IMG-20260402-WA0069-139x200.jpg 139w\" sizes=\"auto, (max-width: 632px) 100vw, 632px\" \/><\/figure>\n<\/figure>\n\n\n\n<p>Ainsi, notre concours de dessin a inspir\u00e9 un certain nombres de participants dont 13 ont \u00e9t\u00e9 s\u00e9lectionn\u00e9s.<\/p>\n\n\n\n<p>Leurs dessins et leurs explications seront expos\u00e9s dans le hall d&rsquo;entr\u00e9e.<\/p>\n\n\n\n<p>Un jury diversifi\u00e9 compos\u00e9 d&rsquo;enseignant, de personnel de direction et personnel agent, a eu beaucoup de difficult\u00e9s \u00e0 statuer, tant les dessins \u00e9taient plus jolis les uns que les autres.<\/p>\n\n\n\n<p>Les crit\u00e8res du jugement ont port\u00e9 sur la qualit\u00e9 technique, l&rsquo;originalit\u00e9, l&rsquo;ad\u00e9quation avec le th\u00e8me et le texte d&rsquo;explication fourni par les participants.<\/p>\n\n\n\n<p>Voici le r\u00e9sultat des votes du jury: les 3 premiers laur\u00e9ats et une mention sp\u00e9ciale, coup de c\u0153ur.<\/p>\n\n\n\n<p class=\"has-text-align-center\"><strong>Nous avons le plaisir de vous annoncer les r\u00e9sultats du concours !!!<\/strong><\/p>\n\n\n\n<p class=\"has-text-align-center\"><strong>LES 3 GAGNANTS SONT<\/strong><\/p>\n\n\n\n<p class=\"has-text-align-center\"><strong>1\/ SAINT- ALME&nbsp;<\/strong>Liam\/ 3\u00e8me Jade<\/p>\n\n\n\n<p class=\"has-text-align-center\"><strong>\u00ab\u00a0Le gar\u00e7on qui r\u00eavait du ciel\u00a0\u00bb<\/strong><\/p>\n\n\n\n<p class=\"has-text-align-center\"><strong>2\/&nbsp;SAM&nbsp;SHING FONG ROLO&nbsp;<\/strong>Ma\u00eblle\/ 4\u00e8me pluton<\/p>\n\n\n\n<p class=\"has-text-align-center\"><strong>\u00ab\u00a0Au c\u0153ur de la galaxie\u00a0\u00bb<\/strong><\/p>\n\n\n\n<p class=\"has-text-align-center\"><strong>3\/ KASSIM&nbsp;<\/strong>Aymard\/ 6\u00e8me Beethoven<\/p>\n\n\n\n<p class=\"has-text-align-center\"><strong>\u00ab\u00a0Lumi\u00e8res du ciel nocturne\u00a0\u00bb<\/strong><\/p>\n\n\n\n<p class=\"has-text-align-center\"><strong>4\/ EXCEPTIONNEL: COUP DE COEUR<\/strong><\/p>\n\n\n\n<p class=\"has-text-align-center\"><strong>TURQUOIS&nbsp;<\/strong>Corentin\/ 4\u00e8me Neptune<\/p>\n\n\n\n<figure class=\"wp-block-gallery has-nested-images columns-default is-cropped wp-block-gallery-3 is-layout-flex wp-block-gallery-is-layout-flex\">\n<figure class=\"wp-block-image size-large\"><img loading=\"lazy\" decoding=\"async\" width=\"596\" height=\"841\" data-id=\"4558\" src=\"https:\/\/etab.ac-reunion.fr\/clg-texeira-da-motta\/wp-content\/uploads\/sites\/24\/2026\/04\/IMG-20260402-WA0078.jpg\" alt=\"\" class=\"wp-image-4558\" srcset=\"https:\/\/etab.ac-reunion.fr\/clg-texeira-da-motta\/wp-content\/uploads\/sites\/24\/2026\/04\/IMG-20260402-WA0078.jpg 596w, https:\/\/etab.ac-reunion.fr\/clg-texeira-da-motta\/wp-content\/uploads\/sites\/24\/2026\/04\/IMG-20260402-WA0078-213x300.jpg 213w, https:\/\/etab.ac-reunion.fr\/clg-texeira-da-motta\/wp-content\/uploads\/sites\/24\/2026\/04\/IMG-20260402-WA0078-142x200.jpg 142w\" sizes=\"auto, (max-width: 596px) 100vw, 596px\" \/><\/figure>\n\n\n\n<figure class=\"wp-block-image size-large\"><img loading=\"lazy\" decoding=\"async\" width=\"949\" height=\"638\" data-id=\"4559\" src=\"https:\/\/etab.ac-reunion.fr\/clg-texeira-da-motta\/wp-content\/uploads\/sites\/24\/2026\/04\/IMG-20260402-WA0077.jpg\" alt=\"\" class=\"wp-image-4559\" srcset=\"https:\/\/etab.ac-reunion.fr\/clg-texeira-da-motta\/wp-content\/uploads\/sites\/24\/2026\/04\/IMG-20260402-WA0077.jpg 949w, https:\/\/etab.ac-reunion.fr\/clg-texeira-da-motta\/wp-content\/uploads\/sites\/24\/2026\/04\/IMG-20260402-WA0077-300x202.jpg 300w, https:\/\/etab.ac-reunion.fr\/clg-texeira-da-motta\/wp-content\/uploads\/sites\/24\/2026\/04\/IMG-20260402-WA0077-768x516.jpg 768w, https:\/\/etab.ac-reunion.fr\/clg-texeira-da-motta\/wp-content\/uploads\/sites\/24\/2026\/04\/IMG-20260402-WA0077-297x200.jpg 297w\" sizes=\"auto, (max-width: 949px) 100vw, 949px\" \/><\/figure>\n\n\n\n<figure class=\"wp-block-image size-large\"><img loading=\"lazy\" decoding=\"async\" width=\"623\" height=\"913\" data-id=\"4561\" src=\"https:\/\/etab.ac-reunion.fr\/clg-texeira-da-motta\/wp-content\/uploads\/sites\/24\/2026\/04\/IMG-20260402-WA0076.jpg\" alt=\"\" class=\"wp-image-4561\" srcset=\"https:\/\/etab.ac-reunion.fr\/clg-texeira-da-motta\/wp-content\/uploads\/sites\/24\/2026\/04\/IMG-20260402-WA0076.jpg 623w, https:\/\/etab.ac-reunion.fr\/clg-texeira-da-motta\/wp-content\/uploads\/sites\/24\/2026\/04\/IMG-20260402-WA0076-205x300.jpg 205w, https:\/\/etab.ac-reunion.fr\/clg-texeira-da-motta\/wp-content\/uploads\/sites\/24\/2026\/04\/IMG-20260402-WA0076-136x200.jpg 136w\" sizes=\"auto, (max-width: 623px) 100vw, 623px\" \/><\/figure>\n\n\n\n<figure class=\"wp-block-image size-large\"><img loading=\"lazy\" decoding=\"async\" width=\"884\" height=\"605\" data-id=\"4562\" src=\"https:\/\/etab.ac-reunion.fr\/clg-texeira-da-motta\/wp-content\/uploads\/sites\/24\/2026\/04\/IMG-20260402-WA0075-edited.jpg\" alt=\"\" class=\"wp-image-4562\" srcset=\"https:\/\/etab.ac-reunion.fr\/clg-texeira-da-motta\/wp-content\/uploads\/sites\/24\/2026\/04\/IMG-20260402-WA0075-edited.jpg 884w, https:\/\/etab.ac-reunion.fr\/clg-texeira-da-motta\/wp-content\/uploads\/sites\/24\/2026\/04\/IMG-20260402-WA0075-edited-300x205.jpg 300w, https:\/\/etab.ac-reunion.fr\/clg-texeira-da-motta\/wp-content\/uploads\/sites\/24\/2026\/04\/IMG-20260402-WA0075-edited-768x526.jpg 768w, https:\/\/etab.ac-reunion.fr\/clg-texeira-da-motta\/wp-content\/uploads\/sites\/24\/2026\/04\/IMG-20260402-WA0075-edited-292x200.jpg 292w\" sizes=\"auto, (max-width: 884px) 100vw, 884px\" \/><\/figure>\n<\/figure>\n\n\n\n<p><strong><strong>L&rsquo;Atelier A\u00e9rospatial remercie chaleureusement l&rsquo;ensemble des participants pour leur enthousiasme et leur cr\u00e9ativit\u00e9 !\u00a0<\/strong><\/strong><\/p>\n\n\n\n<p><\/p>\n<!-- AddThis Advanced Settings generic via filter on the_content --><!-- AddThis Share Buttons generic via filter on the_content -->","protected":false},"excerpt":{"rendered":"<p>Pour la 2\u00e8me \u00e9dition de Texeira sous les \u00e9toiles, c&rsquo;\u00e9tait l&rsquo;occasion de proposer la f\u00eate de l&rsquo;espace. L&rsquo;atelier A\u00e9rospatial a donc mis en place un concours de dessin et photo \u00e0 destination de TOUS. D\u00e9couvrez tous les dessins s\u00e9lectionn\u00e9s:\u00a0 &#8211; ADAYA Cassandre et Ga\u00ebtan &#8211; HOAREAU Layanah &#8211; SAINT ALME &hellip;<!-- AddThis Advanced Settings generic via filter on get_the_excerpt --><!-- AddThis Share Buttons generic via filter on get_the_excerpt --><\/p>\n","protected":false},"author":35833,"featured_media":0,"comment_status":"closed","ping_status":"closed","sticky":false,"template":"","format":"standard","meta":{"footnotes":""},"categories":[1],"tags":[],"class_list":["post-4548","post","type-post","status-publish","format-standard","hentry","category-accueil-actu"],"_links":{"self":[{"href":"https:\/\/etab.ac-reunion.fr\/clg-texeira-da-motta\/wp-json\/wp\/v2\/posts\/4548","targetHints":{"allow":["GET"]}}],"collection":[{"href":"https:\/\/etab.ac-reunion.fr\/clg-texeira-da-motta\/wp-json\/wp\/v2\/posts"}],"about":[{"href":"https:\/\/etab.ac-reunion.fr\/clg-texeira-da-motta\/wp-json\/wp\/v2\/types\/post"}],"author":[{"embeddable":true,"href":"https:\/\/etab.ac-reunion.fr\/clg-texeira-da-motta\/wp-json\/wp\/v2\/users\/35833"}],"replies":[{"embeddable":true,"href":"https:\/\/etab.ac-reunion.fr\/clg-texeira-da-motta\/wp-json\/wp\/v2\/comments?post=4548"}],"version-history":[{"count":1,"href":"https:\/\/etab.ac-reunion.fr\/clg-texeira-da-motta\/wp-json\/wp\/v2\/posts\/4548\/revisions"}],"predecessor-version":[{"id":4563,"href":"https:\/\/etab.ac-reunion.fr\/clg-texeira-da-motta\/wp-json\/wp\/v2\/posts\/4548\/revisions\/4563"}],"wp:attachment":[{"href":"https:\/\/etab.ac-reunion.fr\/clg-texeira-da-motta\/wp-json\/wp\/v2\/media?parent=4548"}],"wp:term":[{"taxonomy":"category","embeddable":true,"href":"https:\/\/etab.ac-reunion.fr\/clg-texeira-da-motta\/wp-json\/wp\/v2\/categories?post=4548"},{"taxonomy":"post_tag","embeddable":true,"href":"https:\/\/etab.ac-reunion.fr\/clg-texeira-da-motta\/wp-json\/wp\/v2\/tags?post=4548"}],"curies":[{"name":"wp","href":"https:\/\/api.w.org\/{rel}","templated":true}]}}