{"id":2428,"date":"2019-03-10T12:05:31","date_gmt":"2019-03-10T08:05:31","guid":{"rendered":"http:\/\/college-trois-bassins.ac-reunion.fr\/?p=2428"},"modified":"2019-03-10T12:05:31","modified_gmt":"2019-03-10T08:05:31","slug":"hawai-sur-les-pentes-du-mauna-loa-4170m","status":"publish","type":"post","link":"https:\/\/etab.ac-reunion.fr\/clg-trois-bassins\/hawai-sur-les-pentes-du-mauna-loa-4170m\/","title":{"rendered":"Hawa\u00ef: sur les pentes du Mauna Loa (4170m)"},"content":{"rendered":"<p><a href=\"http:\/\/www.lequotidiendesjeunes.re\/slider-accueil\/hawai-pentes-mauna-loa-4170m\/\">http:\/\/www.lequotidiendesjeunes.re\/slider-accueil\/hawai-pentes-mauna-loa-4170m\/<\/a><\/p>\n<h1>Hawa\u00ef: sur les pentes du Mauna Loa (4170m)<\/h1>\n<div class=\"row mo-time-and-shares\">\n<div class=\"col mo-time col-lg-7 col-md-7 col-sm-12 col-sx-12\">dimanche 10 mars 2019<\/div>\n<div class=\"col mo-shares col-lg-5 col-md-5 col-sm-12 col-sx-12\">\n<div><a class=\"synved-social-button synved-social-button-share synved-social-size-24 synved-social-resolution-single synved-social-provider-facebook nolightbox\" title=\"Share on Facebook\" href=\"http:\/\/www.facebook.com\/sharer.php?u=http%3A%2F%2Fwww.lequotidiendesjeunes.re%2Fslider-accueil%2Fhawai-pentes-mauna-loa-4170m%2F&amp;t=Hawa%C3%AF%3A%20sur%20les%20pentes%20du%20Mauna%20Loa%20%284170m%29&amp;s=100&amp;p[url]=http%3A%2F%2Fwww.lequotidiendesjeunes.re%2Fslider-accueil%2Fhawai-pentes-mauna-loa-4170m%2F&amp;p[images][0]=http%3A%2F%2Fwww.lequotidiendesjeunes.re%2Fwp-content%2Fuploads%2F2019%2F03%2Fcollege-41.jpg&amp;p[title]=Hawa%C3%AF%3A%20sur%20les%20pentes%20du%20Mauna%20Loa%20%284170m%29\" target=\"_blank\" rel=\"nofollow noopener\"><img loading=\"lazy\" decoding=\"async\" class=\"synved-share-image synved-social-image synved-social-image-share\" title=\"Share on Facebook\" src=\"http:\/\/www.lequotidiendesjeunes.re\/wp-content\/plugins\/social-media-feather\/synved-social\/image\/social\/regular\/48x48\/facebook.png\" alt=\"facebook\" width=\"24\" height=\"24\" \/><\/a><a class=\"synved-social-button synved-social-button-share synved-social-size-24 synved-social-resolution-single synved-social-provider-twitter nolightbox\" title=\"Share on Twitter\" href=\"http:\/\/twitter.com\/share?url=http%3A%2F%2Fwww.lequotidiendesjeunes.re%2Fslider-accueil%2Fhawai-pentes-mauna-loa-4170m%2F&amp;text=Un%20article%20int%C3%A9ressant%20du%20quotidien%20des%20jeunes\" target=\"_blank\" rel=\"nofollow noopener\"><img loading=\"lazy\" decoding=\"async\" class=\"synved-share-image synved-social-image synved-social-image-share\" title=\"Share on Twitter\" src=\"http:\/\/www.lequotidiendesjeunes.re\/wp-content\/plugins\/social-media-feather\/synved-social\/image\/social\/regular\/48x48\/twitter.png\" alt=\"twitter\" width=\"24\" height=\"24\" \/><\/a><a class=\"synved-social-button synved-social-button-share synved-social-size-24 synved-social-resolution-single synved-social-provider-google_plus nolightbox\" title=\"Share on Google+\" href=\"https:\/\/plus.google.com\/share?url=http%3A%2F%2Fwww.lequotidiendesjeunes.re%2Fslider-accueil%2Fhawai-pentes-mauna-loa-4170m%2F\" target=\"_blank\" rel=\"nofollow noopener\"><img loading=\"lazy\" decoding=\"async\" class=\"synved-share-image synved-social-image synved-social-image-share\" title=\"Share on Google+\" src=\"http:\/\/www.lequotidiendesjeunes.re\/wp-content\/plugins\/social-media-feather\/synved-social\/image\/social\/regular\/48x48\/google_plus.png\" alt=\"google_plus\" width=\"24\" height=\"24\" \/><\/a><a class=\"synved-social-button synved-social-button-share synved-social-size-24 synved-social-resolution-single synved-social-provider-mail nolightbox\" title=\"Share by email\" href=\"mailto:?subject=Hawa%C3%AF%3A%20sur%20les%20pentes%20du%20Mauna%20Loa%20%284170m%29&amp;body=Un%20article%20int%C3%A9ressant%20du%20quotidien%20des%20jeunes:%20http%3A%2F%2Fwww.lequotidiendesjeunes.re%2Fslider-accueil%2Fhawai-pentes-mauna-loa-4170m%2F\" rel=\"nofollow\"><img loading=\"lazy\" decoding=\"async\" class=\"synved-share-image synved-social-image synved-social-image-share\" title=\"Share by email\" src=\"http:\/\/www.lequotidiendesjeunes.re\/wp-content\/plugins\/social-media-feather\/synved-social\/image\/social\/regular\/48x48\/mail.png\" alt=\"mail\" width=\"24\" height=\"24\" \/><\/a><\/div>\n<div class=\"mo-clear\"><\/div>\n<\/div>\n<\/div>\n<div class=\"row\">\n<div class=\"col col-lg-12 col-md-12 col-sm-12 col-xs-12 mo-content\">\n<div><em>Cet article a \u00e9t\u00e9 r\u00e9dig\u00e9 par les coll\u00e9giens de Trois-Bassins qui se trouvent actuellement \u00e0 Hawa\u00ef. A lire aussi sur\u00a0<a href=\"https:\/\/fr.padlet.com\/reu974\/hawai\" target=\"_blank\" rel=\"noopener\">leur padlet<\/a>\u00a0et sur la page Facebook \u00ab\u00a0Regards sur une \u00eele\u00a0\u00bb.<\/em><\/div>\n<div><\/div>\n<div>Aujourd\u2019hui, Hawa\u00ef nous a montr\u00e9 un nouvel aper\u00e7u de sa biodiversit\u00e9. D\u00e8s le matin, nous nous sommes engag\u00e9s sur la petite route menant au 2\u00e8me plus haut volcan du monde, le Mauna Loa, 4170 m.<\/div>\n<div><\/div>\n<div>Sur cette route, nous avons fait un arr\u00eat sur un terrain de golf, o\u00f9 nous avons aper\u00e7u une esp\u00e8ce end\u00e9mique d\u2019Hawa\u00ef, existant uniquement \u00e0 Big Island, le n\u00e9n\u00e9 : une oie sauvage mesurant 56 \u00e0 71cm de longueur, poss\u00e9dant un plumage brun\u00e2tre. C\u2019est une esp\u00e8ce en voie de disparition, que les Am\u00e9ricains tentent de prot\u00e9ger.<\/div>\n<div id=\"attachment_22731\" class=\"wp-caption aligncenter\"><a href=\"http:\/\/www.lequotidiendesjeunes.re\/wp-content\/uploads\/2019\/03\/college-41.jpg\"><img loading=\"lazy\" decoding=\"async\" class=\"size-full wp-image-22731\" src=\"http:\/\/www.lequotidiendesjeunes.re\/wp-content\/uploads\/2019\/03\/college-41.jpg\" alt=\"trois bassins hawai\" width=\"500\" height=\"375\" \/><\/a><\/p>\n<p class=\"wp-caption-text\">Notre american bus. (Photos Olivier Lucas-Leclin)<\/p>\n<\/div>\n<div><\/div>\n<div><\/div>\n<div>Nous sommes ensuite mont\u00e9s plus haut, et l\u00e0, nous avons fait une courte marche durant laquelle nous avons pu contempler une for\u00eat rest\u00e9e intacte, contourn\u00e9e par les coul\u00e9es de laves, appel\u00e9e un kipuka. Cette for\u00eat nous a montr\u00e9 diff\u00e9rentes esp\u00e8ces end\u00e9miques et exotiques. Nous y avons reconnu le cousin de notre Tamarin des hauts r\u00e9unionnais, appel\u00e9 ici Koa.<\/div>\n<div>\n<div id=\"attachment_22732\" class=\"wp-caption aligncenter\"><a href=\"http:\/\/www.lequotidiendesjeunes.re\/wp-content\/uploads\/2019\/03\/college-2.jpg\"><img loading=\"lazy\" decoding=\"async\" class=\"size-full wp-image-22732\" src=\"http:\/\/www.lequotidiendesjeunes.re\/wp-content\/uploads\/2019\/03\/college-2.jpg\" alt=\"trois bassins hawai\" width=\"500\" height=\"375\" \/><\/a><\/p>\n<p class=\"wp-caption-text\">D\u00e9couverte d\u2019un tunnel de lave en for\u00eat !!!<\/p>\n<\/div>\n<div><\/div>\n<div>A l\u2019int\u00e9rieur m\u00eame de cette for\u00eat, quelques un d\u2019entre nous\u00a0 ont d\u00e9couvert un grand tunnel de lave, ayant une dimension de 4m de hauteur et de 3m de large, et sont partis l\u2019explorer avec un professeur \u00e0 la lampe de leur smartphone. On s\u2019est demand\u00e9 o\u00f9 ils \u00e9taient pass\u00e9s ! Ils ont fait demi tour sans avoir atteint la fin du tunnel. Il faut savoir que Big Island poss\u00e8de les plus longs tunnels de lave au monde.<\/div>\n<\/div>\n<div>\n<div id=\"attachment_22733\" class=\"wp-caption aligncenter\"><a href=\"http:\/\/www.lequotidiendesjeunes.re\/wp-content\/uploads\/2019\/03\/college-3.jpg\"><img loading=\"lazy\" decoding=\"async\" class=\"size-full wp-image-22733\" src=\"http:\/\/www.lequotidiendesjeunes.re\/wp-content\/uploads\/2019\/03\/college-3.jpg\" alt=\"trois bassins hawai\" width=\"500\" height=\"333\" \/><\/a><\/p>\n<p class=\"wp-caption-text\">Exploration d\u2019un tunnel de lave!<\/p>\n<\/div>\n<\/div>\n<div><\/div>\n<div>Nous avons repris la route pendant une dizaine de kilom\u00e8tres, en traversant des paysages de for\u00eats incendi\u00e9es, qui nous ont rappel\u00e9 celles du Ma\u00efdo.<\/div>\n<div>Au terminus de la route, \u00e0 2030 m, nous avons finalement conclut notre fabuleuse matin\u00e9e en d\u00e9couvrant une plante end\u00e9mique de cette \u00eele, qui ne fleurit qu\u2019une fois durant ses 90 ans d\u2019existence : la silversword (l\u2019\u00e9p\u00e9e d\u2019argent).<\/div>\n<div><\/div>\n<div>\n<div id=\"attachment_22735\" class=\"wp-caption aligncenter\"><a href=\"http:\/\/www.lequotidiendesjeunes.re\/wp-content\/uploads\/2019\/03\/silversword.jpg\"><img loading=\"lazy\" decoding=\"async\" class=\"size-full wp-image-22735\" src=\"http:\/\/www.lequotidiendesjeunes.re\/wp-content\/uploads\/2019\/03\/silversword.jpg\" alt=\"trois bassins hawai\" width=\"500\" height=\"333\" \/><\/a><\/p>\n<p class=\"wp-caption-text\">La silversword, tr\u00e8s rare,qui ne fleurit qu\u2019une fois en 90 ans !<\/p>\n<\/div>\n<\/div>\n<div><\/div>\n<div>Pour atteindre le somment \u00e0 4170 m, il faut continuer \u00e0 pieds, mais cela repr\u00e9sente une tr\u00e8s grande randonn\u00e9e de plusieurs jours.<\/div>\n<div><\/div>\n<div>\n<div id=\"attachment_22734\" class=\"wp-caption aligncenter\"><a href=\"http:\/\/www.lequotidiendesjeunes.re\/wp-content\/uploads\/2019\/03\/college-5.jpg\"><img loading=\"lazy\" decoding=\"async\" class=\"size-full wp-image-22734\" src=\"http:\/\/www.lequotidiendesjeunes.re\/wp-content\/uploads\/2019\/03\/college-5.jpg\" alt=\"trois bassins hawai\" width=\"500\" height=\"375\" \/><\/a><\/p>\n<p class=\"wp-caption-text\">Au terminus de la route du Mauna Loa!<\/p>\n<\/div>\n<\/div>\n<div><\/div>\n<div>Pour terminer notre journ\u00e9e, nous sommes rest\u00e9s au camp pour nous reposer, et avons profit\u00e9 de notre apr\u00e8s-midi. Demain, au programme : randonn\u00e9es dans la zone du Kilauea, dont une accompagn\u00e9e par l\u2019un des rangers du Parc National.<\/div>\n<\/div>\n<\/div>\n","protected":false},"excerpt":{"rendered":"<p>http:\/\/www.lequotidiendesjeunes.re\/slider-accueil\/hawai-pentes-mauna-loa-4170m\/ Hawa\u00ef: sur les pentes du Mauna Loa (4170m) dimanche 10 mars 2019 Cet article a \u00e9t\u00e9 r\u00e9dig\u00e9 par les coll\u00e9giens de Trois-Bassins qui se trouvent actuellement \u00e0 Hawa\u00ef. A lire aussi sur\u00a0leur padlet\u00a0et sur la page Facebook \u00ab\u00a0Regards sur une \u00eele\u00a0\u00bb. Aujourd\u2019hui, Hawa\u00ef nous a montr\u00e9 un nouvel aper\u00e7u &#8230;<\/p>\n<p> <a class=\"continue-reading-link\" href=\"https:\/\/etab.ac-reunion.fr\/clg-trois-bassins\/hawai-sur-les-pentes-du-mauna-loa-4170m\/\"><span>Continue reading<\/span><i class=\"crycon-right-dir\"><\/i><\/a> <\/p>\n","protected":false},"author":11092,"featured_media":0,"comment_status":"closed","ping_status":"open","sticky":false,"template":"","format":"standard","meta":{"footnotes":""},"categories":[33],"tags":[],"class_list":["post-2428","post","type-post","status-publish","format-standard","hentry","category-a-la-une"],"_links":{"self":[{"href":"https:\/\/etab.ac-reunion.fr\/clg-trois-bassins\/wp-json\/wp\/v2\/posts\/2428","targetHints":{"allow":["GET"]}}],"collection":[{"href":"https:\/\/etab.ac-reunion.fr\/clg-trois-bassins\/wp-json\/wp\/v2\/posts"}],"about":[{"href":"https:\/\/etab.ac-reunion.fr\/clg-trois-bassins\/wp-json\/wp\/v2\/types\/post"}],"author":[{"embeddable":true,"href":"https:\/\/etab.ac-reunion.fr\/clg-trois-bassins\/wp-json\/wp\/v2\/users\/11092"}],"replies":[{"embeddable":true,"href":"https:\/\/etab.ac-reunion.fr\/clg-trois-bassins\/wp-json\/wp\/v2\/comments?post=2428"}],"version-history":[{"count":1,"href":"https:\/\/etab.ac-reunion.fr\/clg-trois-bassins\/wp-json\/wp\/v2\/posts\/2428\/revisions"}],"predecessor-version":[{"id":2429,"href":"https:\/\/etab.ac-reunion.fr\/clg-trois-bassins\/wp-json\/wp\/v2\/posts\/2428\/revisions\/2429"}],"wp:attachment":[{"href":"https:\/\/etab.ac-reunion.fr\/clg-trois-bassins\/wp-json\/wp\/v2\/media?parent=2428"}],"wp:term":[{"taxonomy":"category","embeddable":true,"href":"https:\/\/etab.ac-reunion.fr\/clg-trois-bassins\/wp-json\/wp\/v2\/categories?post=2428"},{"taxonomy":"post_tag","embeddable":true,"href":"https:\/\/etab.ac-reunion.fr\/clg-trois-bassins\/wp-json\/wp\/v2\/tags?post=2428"}],"curies":[{"name":"wp","href":"https:\/\/api.w.org\/{rel}","templated":true}]}}