{"id":2490,"date":"2019-04-09T20:35:05","date_gmt":"2019-04-09T16:35:05","guid":{"rendered":"http:\/\/college-trois-bassins.ac-reunion.fr\/?p=2490"},"modified":"2019-04-09T20:36:48","modified_gmt":"2019-04-09T16:36:48","slug":"le-quotidien-du-quotidien","status":"publish","type":"post","link":"https:\/\/etab.ac-reunion.fr\/clg-trois-bassins\/le-quotidien-du-quotidien\/","title":{"rendered":"Le quotidien du QUOTIDIEN"},"content":{"rendered":"<p>Le journal le Quotidien, de son nom complet le <span class=\"st\"><em>Quotidien<\/em> de La R\u00e9union et de l\u2019Oc\u00e9an Indien, a ouvert ses portes ce mardi 9 avril aux \u00e9l\u00e8ves de l&rsquo;option presse en 5\u00e8mes et 4\u00e8mes du coll\u00e8ge.<br \/>\nUne quarantaine d&rsquo;apprentis journalistes curieux ont envahi les locaux, de l&rsquo;accueil \u00e0 l&rsquo;imprimerie, en passant par la salle de r\u00e9daction et celle des clavistes.<br \/>\nIls ont crois\u00e9, interrog\u00e9 et \u00e9cout\u00e9 divers personnels : journalistes, stagiaire, secr\u00e9taires, assistante de r\u00e9daction et m\u00eame la r\u00e9dactrice en chef adjointe !<br \/>\n<\/span><\/p>\n<p><img loading=\"lazy\" decoding=\"async\" class=\"alignnone size-medium wp-image-2491\" src=\"https:\/\/etab.ac-reunion.fr\/clg-trois-bassins\/wp-content\/uploads\/sites\/113\/2019\/04\/57044262_415894912561704_6750596117135622144_n-225x300.jpg\" alt=\"\" width=\"225\" height=\"300\" \/> <img loading=\"lazy\" decoding=\"async\" class=\"alignnone size-medium wp-image-2492\" src=\"https:\/\/etab.ac-reunion.fr\/clg-trois-bassins\/wp-content\/uploads\/sites\/113\/2019\/04\/56874368_1018848035169938_8284932097974468608_n-300x225.jpg\" alt=\"\" width=\"300\" height=\"225\" \/><\/p>\n<p>&nbsp;<\/p>\n","protected":false},"excerpt":{"rendered":"<p>Le journal le Quotidien, de son nom complet le Quotidien de La R\u00e9union et de l\u2019Oc\u00e9an Indien, a ouvert ses portes ce mardi 9 avril aux \u00e9l\u00e8ves de l&rsquo;option presse en 5\u00e8mes et 4\u00e8mes du coll\u00e8ge. Une quarantaine d&rsquo;apprentis journalistes curieux ont envahi les locaux, de l&rsquo;accueil \u00e0 l&rsquo;imprimerie, en &#8230;<\/p>\n<p> <a class=\"continue-reading-link\" href=\"https:\/\/etab.ac-reunion.fr\/clg-trois-bassins\/le-quotidien-du-quotidien\/\"><span>Continue reading<\/span><i class=\"crycon-right-dir\"><\/i><\/a> <\/p>\n","protected":false},"author":19803,"featured_media":0,"comment_status":"closed","ping_status":"open","sticky":false,"template":"","format":"standard","meta":{"footnotes":""},"categories":[34,1],"tags":[],"class_list":["post-2490","post","type-post","status-publish","format-standard","hentry","category-classe-presse","category-non-classe"],"_links":{"self":[{"href":"https:\/\/etab.ac-reunion.fr\/clg-trois-bassins\/wp-json\/wp\/v2\/posts\/2490","targetHints":{"allow":["GET"]}}],"collection":[{"href":"https:\/\/etab.ac-reunion.fr\/clg-trois-bassins\/wp-json\/wp\/v2\/posts"}],"about":[{"href":"https:\/\/etab.ac-reunion.fr\/clg-trois-bassins\/wp-json\/wp\/v2\/types\/post"}],"author":[{"embeddable":true,"href":"https:\/\/etab.ac-reunion.fr\/clg-trois-bassins\/wp-json\/wp\/v2\/users\/19803"}],"replies":[{"embeddable":true,"href":"https:\/\/etab.ac-reunion.fr\/clg-trois-bassins\/wp-json\/wp\/v2\/comments?post=2490"}],"version-history":[{"count":2,"href":"https:\/\/etab.ac-reunion.fr\/clg-trois-bassins\/wp-json\/wp\/v2\/posts\/2490\/revisions"}],"predecessor-version":[{"id":2494,"href":"https:\/\/etab.ac-reunion.fr\/clg-trois-bassins\/wp-json\/wp\/v2\/posts\/2490\/revisions\/2494"}],"wp:attachment":[{"href":"https:\/\/etab.ac-reunion.fr\/clg-trois-bassins\/wp-json\/wp\/v2\/media?parent=2490"}],"wp:term":[{"taxonomy":"category","embeddable":true,"href":"https:\/\/etab.ac-reunion.fr\/clg-trois-bassins\/wp-json\/wp\/v2\/categories?post=2490"},{"taxonomy":"post_tag","embeddable":true,"href":"https:\/\/etab.ac-reunion.fr\/clg-trois-bassins\/wp-json\/wp\/v2\/tags?post=2490"}],"curies":[{"name":"wp","href":"https:\/\/api.w.org\/{rel}","templated":true}]}}