{"id":2700,"date":"2019-08-24T18:50:29","date_gmt":"2019-08-24T14:50:29","guid":{"rendered":"http:\/\/college-trois-bassins.ac-reunion.fr\/?p=2700"},"modified":"2019-09-02T20:21:53","modified_gmt":"2019-09-02T16:21:53","slug":"option-presse-etre-sociable-reactif-et-curieux","status":"publish","type":"post","link":"https:\/\/etab.ac-reunion.fr\/clg-trois-bassins\/option-presse-etre-sociable-reactif-et-curieux\/","title":{"rendered":"Option Presse : \u00catre sociable, r\u00e9actif et curieux"},"content":{"rendered":"\n<p style=\"font-size:19px\" class=\"has-text-color has-vivid-cyan-blue-color\">La 1\u00e8re semaine de la rentr\u00e9e a jet\u00e9 imm\u00e9diatement les \u00e9l\u00e8ves de l&rsquo;option Presse  dans le feu de l&rsquo;action, en s&rsquo;int\u00e9ressant au G7 \u00e0 Biarritz.<br>Les 4\u00e8mes ont lanc\u00e9 les grandes lignes de l&rsquo;op\u00e9ration d&rsquo;information en direction de tous les \u00e9l\u00e8ves du coll\u00e8ge, en se positionnant sur diff\u00e9rents axes : <br>&#8211; la d\u00e9finition de l&rsquo;\u00e9v\u00e9nement : qu&rsquo;est-ce que le G7 ?<br>&#8211; la pr\u00e9sentation des protagonistes : qui participe au G7 ?<br>&#8211; la situation g\u00e9ographique : o\u00f9 se d\u00e9roule le G7 ?<br>&#8211; les enjeux  : quel est le but du G7 ? de ce G7 ?<br>&#8211; les points de vue oppos\u00e9s : qui s&rsquo;oppose au G7 ? pourquoi ?<br>&#8211; les pr\u00e9c\u00e9dents : que retenir des pr\u00e9c\u00e9dents G7 ?<\/p>\n\n\n\n<p style=\"font-size:19px\" class=\"has-text-color has-vivid-cyan-blue-color\">Il a fallu faire preuve d&rsquo;organisation et d&rsquo;efficacit\u00e9. Et apprendre \u00e0 travailler dans l&rsquo;urgence. <br>Les 5\u00e8mes, qui d\u00e9couvrent l&rsquo;option, ont termin\u00e9 et peaufin\u00e9 le travail de leurs a\u00een\u00e9s, en compl\u00e9tant les informations, et en corrigeant les d\u00e9fauts ou rat\u00e9s \u00e9ventuels. <br>Un bilan sur cette rapide entr\u00e9e en mati\u00e8re et sur l\u2019\u00e9v\u00e9nement lui-m\u00eame sera produit \u00e0 la prochaine s\u00e9ance. <br>BRAVO \u00e0 tous ces apprentis journalistes !<br><\/p>\n\n\n\n<figure class=\"wp-block-image\"><img loading=\"lazy\" decoding=\"async\" width=\"602\" height=\"662\" src=\"https:\/\/etab.ac-reunion.fr\/clg-trois-bassins\/wp-content\/uploads\/sites\/113\/2019\/08\/69452749_655975128236936_6852522812125478912_n.jpg\" alt=\"\" class=\"wp-image-2702\" srcset=\"https:\/\/etab.ac-reunion.fr\/clg-trois-bassins\/wp-content\/uploads\/sites\/113\/2019\/08\/69452749_655975128236936_6852522812125478912_n.jpg 602w, https:\/\/etab.ac-reunion.fr\/clg-trois-bassins\/wp-content\/uploads\/sites\/113\/2019\/08\/69452749_655975128236936_6852522812125478912_n-273x300.jpg 273w\" sizes=\"auto, (max-width: 602px) 100vw, 602px\" \/><figcaption>Les participants au G7<\/figcaption><\/figure>\n\n\n\n<figure class=\"wp-block-image\"><img loading=\"lazy\" decoding=\"async\" width=\"679\" height=\"679\" src=\"https:\/\/etab.ac-reunion.fr\/clg-trois-bassins\/wp-content\/uploads\/sites\/113\/2019\/08\/68909707_467146830803566_6505932158362714112_n.jpg\" alt=\"\" class=\"wp-image-2703\" srcset=\"https:\/\/etab.ac-reunion.fr\/clg-trois-bassins\/wp-content\/uploads\/sites\/113\/2019\/08\/68909707_467146830803566_6505932158362714112_n.jpg 679w, https:\/\/etab.ac-reunion.fr\/clg-trois-bassins\/wp-content\/uploads\/sites\/113\/2019\/08\/68909707_467146830803566_6505932158362714112_n-150x150.jpg 150w, https:\/\/etab.ac-reunion.fr\/clg-trois-bassins\/wp-content\/uploads\/sites\/113\/2019\/08\/68909707_467146830803566_6505932158362714112_n-300x300.jpg 300w, https:\/\/etab.ac-reunion.fr\/clg-trois-bassins\/wp-content\/uploads\/sites\/113\/2019\/08\/68909707_467146830803566_6505932158362714112_n-140x140.jpg 140w, https:\/\/etab.ac-reunion.fr\/clg-trois-bassins\/wp-content\/uploads\/sites\/113\/2019\/08\/68909707_467146830803566_6505932158362714112_n-74x74.jpg 74w, https:\/\/etab.ac-reunion.fr\/clg-trois-bassins\/wp-content\/uploads\/sites\/113\/2019\/08\/68909707_467146830803566_6505932158362714112_n-184x184.jpg 184w\" sizes=\"auto, (max-width: 679px) 100vw, 679px\" \/><figcaption>D\u00e9finition et localisation<\/figcaption><\/figure>\n\n\n\n<figure class=\"wp-block-image\"><img loading=\"lazy\" decoding=\"async\" width=\"659\" height=\"608\" src=\"https:\/\/etab.ac-reunion.fr\/clg-trois-bassins\/wp-content\/uploads\/sites\/113\/2019\/08\/69135333_363739830960711_7282710559013732352_n.jpg\" alt=\"\" class=\"wp-image-2704\" srcset=\"https:\/\/etab.ac-reunion.fr\/clg-trois-bassins\/wp-content\/uploads\/sites\/113\/2019\/08\/69135333_363739830960711_7282710559013732352_n.jpg 659w, https:\/\/etab.ac-reunion.fr\/clg-trois-bassins\/wp-content\/uploads\/sites\/113\/2019\/08\/69135333_363739830960711_7282710559013732352_n-300x277.jpg 300w\" sizes=\"auto, (max-width: 659px) 100vw, 659px\" \/><figcaption>L&rsquo;opposition et les pr\u00e9c\u00e9dents G7<\/figcaption><\/figure>\n","protected":false},"excerpt":{"rendered":"<p>La 1\u00e8re semaine de la rentr\u00e9e a jet\u00e9 imm\u00e9diatement les \u00e9l\u00e8ves de l&rsquo;option Presse dans le feu de l&rsquo;action, en s&rsquo;int\u00e9ressant au G7 \u00e0 Biarritz.Les 4\u00e8mes ont lanc\u00e9 les grandes lignes de l&rsquo;op\u00e9ration d&rsquo;information en direction de tous les \u00e9l\u00e8ves du coll\u00e8ge, en se positionnant sur diff\u00e9rents axes : &#8211; &#8230;<\/p>\n<p> <a class=\"continue-reading-link\" href=\"https:\/\/etab.ac-reunion.fr\/clg-trois-bassins\/option-presse-etre-sociable-reactif-et-curieux\/\"><span>Continue reading<\/span><i class=\"crycon-right-dir\"><\/i><\/a> <\/p>\n","protected":false},"author":19803,"featured_media":2701,"comment_status":"closed","ping_status":"open","sticky":false,"template":"","format":"standard","meta":{"footnotes":""},"categories":[34,1],"tags":[],"class_list":["post-2700","post","type-post","status-publish","format-standard","has-post-thumbnail","hentry","category-classe-presse","category-non-classe"],"_links":{"self":[{"href":"https:\/\/etab.ac-reunion.fr\/clg-trois-bassins\/wp-json\/wp\/v2\/posts\/2700","targetHints":{"allow":["GET"]}}],"collection":[{"href":"https:\/\/etab.ac-reunion.fr\/clg-trois-bassins\/wp-json\/wp\/v2\/posts"}],"about":[{"href":"https:\/\/etab.ac-reunion.fr\/clg-trois-bassins\/wp-json\/wp\/v2\/types\/post"}],"author":[{"embeddable":true,"href":"https:\/\/etab.ac-reunion.fr\/clg-trois-bassins\/wp-json\/wp\/v2\/users\/19803"}],"replies":[{"embeddable":true,"href":"https:\/\/etab.ac-reunion.fr\/clg-trois-bassins\/wp-json\/wp\/v2\/comments?post=2700"}],"version-history":[{"count":1,"href":"https:\/\/etab.ac-reunion.fr\/clg-trois-bassins\/wp-json\/wp\/v2\/posts\/2700\/revisions"}],"predecessor-version":[{"id":2705,"href":"https:\/\/etab.ac-reunion.fr\/clg-trois-bassins\/wp-json\/wp\/v2\/posts\/2700\/revisions\/2705"}],"wp:featuredmedia":[{"embeddable":true,"href":"https:\/\/etab.ac-reunion.fr\/clg-trois-bassins\/wp-json\/wp\/v2\/media\/2701"}],"wp:attachment":[{"href":"https:\/\/etab.ac-reunion.fr\/clg-trois-bassins\/wp-json\/wp\/v2\/media?parent=2700"}],"wp:term":[{"taxonomy":"category","embeddable":true,"href":"https:\/\/etab.ac-reunion.fr\/clg-trois-bassins\/wp-json\/wp\/v2\/categories?post=2700"},{"taxonomy":"post_tag","embeddable":true,"href":"https:\/\/etab.ac-reunion.fr\/clg-trois-bassins\/wp-json\/wp\/v2\/tags?post=2700"}],"curies":[{"name":"wp","href":"https:\/\/api.w.org\/{rel}","templated":true}]}}