{"id":3889,"date":"2022-08-12T16:01:26","date_gmt":"2022-08-12T12:01:26","guid":{"rendered":"http:\/\/college-trois-bassins.ac-reunion.fr\/?p=3889"},"modified":"2022-08-12T16:01:26","modified_gmt":"2022-08-12T12:01:26","slug":"rentree-des-classes-2022","status":"publish","type":"post","link":"https:\/\/etab.ac-reunion.fr\/clg-trois-bassins\/rentree-des-classes-2022\/","title":{"rendered":"Rentr\u00e9e des classes 2022"},"content":{"rendered":"\n<p><u><strong>Mardi 16 ao\u00fbt 2022 :<\/strong><\/u><\/p>\n\n\n\n<p>        <strong><u>8h00 &#8211; 12h00 :<\/u><\/strong><strong>\u00a0<\/strong>Accueil des \u00e9l\u00e8ves de\u00a0<strong>6<sup>e<\/sup>\u00a0<\/strong>par les \u00e9quipes p\u00e9dagogiques.<\/p>\n\n\n\n<p>        <strong><u>8h15 &#8211; 9h30<\/u><\/strong>\u00a0: Accueil des parents, (pr\u00e9sentation des membres de l\u2019\u00e9quipe de Direction, gestion,                sant\u00e9 \/social&#8230; informations sur les \u00e9ch\u00e9ances de l\u2019ann\u00e9e, du fonctionnement de l\u2019\u00e9tablissement&#8230; Explication sur le compte Aten, l\u2019EDT, Pronote, messagerie p\u00e9dagogique, r\u00e9ponses aux questions)<\/p>\n\n\n\n<p><strong><u>Les \u00e9l\u00e8ves sont lib\u00e9r\u00e9s \u00e0 12h (pas de demi-pension).<\/u><\/strong><strong><\/strong><\/p>\n\n\n\n<p><\/p>\n\n\n\n<p><\/p>\n\n\n\n<p><strong><u>Mercredi 17 ao\u00fbt 2022 :<\/u><\/strong><\/p>\n\n\n\n<p><strong><u>8h00 &#8211; 12h00 :<\/u><\/strong><strong>&nbsp;<\/strong>Accueil des \u00e9l\u00e8ves de&nbsp;<strong>5<sup>e<\/sup>, 4<sup>e<\/sup>, et 3<sup>e<\/sup>&nbsp;<\/strong>par les \u00e9quipes p\u00e9dagogiques.<\/p>\n\n\n\n<p><strong><u>Jeudi 18 ao\u00fbt 2022 :<\/u><\/strong><\/p>\n\n\n\n<p>D\u00e9but des cours pour toutes les classes selon l\u2019emploi du temps en vigueur avec demi-pension.<\/p>\n","protected":false},"excerpt":{"rendered":"<p>Mardi 16 ao\u00fbt 2022 : 8h00 &#8211; 12h00 :\u00a0Accueil des \u00e9l\u00e8ves de\u00a06e\u00a0par les \u00e9quipes p\u00e9dagogiques. 8h15 &#8211; 9h30\u00a0: Accueil des parents, (pr\u00e9sentation des membres de l\u2019\u00e9quipe de Direction, gestion, sant\u00e9 \/social&#8230; informations sur les \u00e9ch\u00e9ances de l\u2019ann\u00e9e, du fonctionnement de l\u2019\u00e9tablissement&#8230; Explication sur le compte Aten, l\u2019EDT, Pronote, messagerie p\u00e9dagogique, &#8230;<\/p>\n<p> <a class=\"continue-reading-link\" href=\"https:\/\/etab.ac-reunion.fr\/clg-trois-bassins\/rentree-des-classes-2022\/\"><span>Continue reading<\/span><i class=\"crycon-right-dir\"><\/i><\/a> <\/p>\n","protected":false},"author":2392,"featured_media":0,"comment_status":"closed","ping_status":"open","sticky":false,"template":"","format":"standard","meta":{"footnotes":""},"categories":[1],"tags":[],"class_list":["post-3889","post","type-post","status-publish","format-standard","hentry","category-non-classe"],"_links":{"self":[{"href":"https:\/\/etab.ac-reunion.fr\/clg-trois-bassins\/wp-json\/wp\/v2\/posts\/3889","targetHints":{"allow":["GET"]}}],"collection":[{"href":"https:\/\/etab.ac-reunion.fr\/clg-trois-bassins\/wp-json\/wp\/v2\/posts"}],"about":[{"href":"https:\/\/etab.ac-reunion.fr\/clg-trois-bassins\/wp-json\/wp\/v2\/types\/post"}],"author":[{"embeddable":true,"href":"https:\/\/etab.ac-reunion.fr\/clg-trois-bassins\/wp-json\/wp\/v2\/users\/2392"}],"replies":[{"embeddable":true,"href":"https:\/\/etab.ac-reunion.fr\/clg-trois-bassins\/wp-json\/wp\/v2\/comments?post=3889"}],"version-history":[{"count":1,"href":"https:\/\/etab.ac-reunion.fr\/clg-trois-bassins\/wp-json\/wp\/v2\/posts\/3889\/revisions"}],"predecessor-version":[{"id":3890,"href":"https:\/\/etab.ac-reunion.fr\/clg-trois-bassins\/wp-json\/wp\/v2\/posts\/3889\/revisions\/3890"}],"wp:attachment":[{"href":"https:\/\/etab.ac-reunion.fr\/clg-trois-bassins\/wp-json\/wp\/v2\/media?parent=3889"}],"wp:term":[{"taxonomy":"category","embeddable":true,"href":"https:\/\/etab.ac-reunion.fr\/clg-trois-bassins\/wp-json\/wp\/v2\/categories?post=3889"},{"taxonomy":"post_tag","embeddable":true,"href":"https:\/\/etab.ac-reunion.fr\/clg-trois-bassins\/wp-json\/wp\/v2\/tags?post=3889"}],"curies":[{"name":"wp","href":"https:\/\/api.w.org\/{rel}","templated":true}]}}