{"id":4289,"date":"2024-04-01T11:10:17","date_gmt":"2024-04-01T07:10:17","guid":{"rendered":"https:\/\/etab.ac-reunion.fr\/clg-trois-bassins\/?p=4289"},"modified":"2024-04-08T15:57:01","modified_gmt":"2024-04-08T11:57:01","slug":"semaine-des-langues","status":"publish","type":"post","link":"https:\/\/etab.ac-reunion.fr\/clg-trois-bassins\/semaine-des-langues\/","title":{"rendered":"Semaine des langues"},"content":{"rendered":"\n<figure class=\"wp-block-image size-full is-resized\"><img loading=\"lazy\" decoding=\"async\" width=\"306\" height=\"165\" src=\"https:\/\/etab.ac-reunion.fr\/clg-trois-bassins\/wp-content\/uploads\/sites\/113\/2024\/04\/Semaine-des-langues.jpg\" alt=\"\" class=\"wp-image-4293\" style=\"width:240px;height:auto\" srcset=\"https:\/\/etab.ac-reunion.fr\/clg-trois-bassins\/wp-content\/uploads\/sites\/113\/2024\/04\/Semaine-des-langues.jpg 306w, https:\/\/etab.ac-reunion.fr\/clg-trois-bassins\/wp-content\/uploads\/sites\/113\/2024\/04\/Semaine-des-langues-300x162.jpg 300w, https:\/\/etab.ac-reunion.fr\/clg-trois-bassins\/wp-content\/uploads\/sites\/113\/2024\/04\/Semaine-des-langues-150x81.jpg 150w\" sizes=\"auto, (max-width: 306px) 100vw, 306px\" \/><\/figure>\n\n\n\n<p>La semaine des langues s&rsquo;est d\u00e9roul\u00e9e du lundi 18 mars au vendredi 22 mars 2024.<\/p>\n\n\n\n<p>Le coll\u00e8ge a particip\u00e9 \u00e0 cette semaine qui a pour vocation de mettre en lumi\u00e8re les langues et la diversit\u00e9 linguistique. De nombreuses actions ont \u00e9t\u00e9 propos\u00e9es au sein du coll\u00e8ge.<\/p>\n\n\n\n<p>Vous pouvez retrouver avec ce diaporama la r\u00e9trospective de cette semaine riche en couleurs ! <\/p>\n\n\n\n<div class=\"wp-block-group\"><div class=\"wp-block-group__inner-container is-layout-constrained wp-block-group-is-layout-constrained\">\n<div data-wp-interactive=\"core\/file\" class=\"wp-block-file\"><object data-wp-bind--hidden=\"!state.hasPdfPreview\" hidden class=\"wp-block-file__embed\" data=\"https:\/\/etab.ac-reunion.fr\/clg-trois-bassins\/wp-content\/uploads\/sites\/113\/2024\/04\/Semaine-des-langues-College-de-Trois-Bassins-1-5.pdf\" type=\"application\/pdf\" style=\"width:100%;height:600px\" aria-label=\"Contenu embarqu\u00e9 Semaine-des-langues-College-de-Trois-Bassins-1-5.\"><\/object><a id=\"wp-block-file--media-08985421-0b53-4340-91e3-3ff58935ae4a\" href=\"https:\/\/etab.ac-reunion.fr\/clg-trois-bassins\/wp-content\/uploads\/sites\/113\/2024\/04\/Semaine-des-langues-College-de-Trois-Bassins-1-5.pdf\">Semaine-des-langues-College-de-Trois-Bassins-1-5<\/a><a href=\"https:\/\/etab.ac-reunion.fr\/clg-trois-bassins\/wp-content\/uploads\/sites\/113\/2024\/04\/Semaine-des-langues-College-de-Trois-Bassins-1-5.pdf\" class=\"wp-block-file__button wp-element-button\" download aria-describedby=\"wp-block-file--media-08985421-0b53-4340-91e3-3ff58935ae4a\">T\u00e9l\u00e9charger<\/a><\/div>\n<\/div><\/div>\n","protected":false},"excerpt":{"rendered":"<p>La semaine des langues s&rsquo;est d\u00e9roul\u00e9e du lundi 18 mars au vendredi 22 mars 2024. Le coll\u00e8ge a particip\u00e9 \u00e0 cette semaine qui a pour vocation de mettre en lumi\u00e8re les langues et la diversit\u00e9 linguistique. De nombreuses actions ont \u00e9t\u00e9 propos\u00e9es au sein du coll\u00e8ge. Vous pouvez retrouver avec &#8230;<\/p>\n<p> <a class=\"continue-reading-link\" href=\"https:\/\/etab.ac-reunion.fr\/clg-trois-bassins\/semaine-des-langues\/\"><span>Continue reading<\/span><i class=\"crycon-right-dir\"><\/i><\/a> <\/p>\n","protected":false},"author":35060,"featured_media":0,"comment_status":"closed","ping_status":"open","sticky":false,"template":"","format":"standard","meta":{"footnotes":""},"categories":[33],"tags":[],"class_list":["post-4289","post","type-post","status-publish","format-standard","hentry","category-a-la-une"],"_links":{"self":[{"href":"https:\/\/etab.ac-reunion.fr\/clg-trois-bassins\/wp-json\/wp\/v2\/posts\/4289","targetHints":{"allow":["GET"]}}],"collection":[{"href":"https:\/\/etab.ac-reunion.fr\/clg-trois-bassins\/wp-json\/wp\/v2\/posts"}],"about":[{"href":"https:\/\/etab.ac-reunion.fr\/clg-trois-bassins\/wp-json\/wp\/v2\/types\/post"}],"author":[{"embeddable":true,"href":"https:\/\/etab.ac-reunion.fr\/clg-trois-bassins\/wp-json\/wp\/v2\/users\/35060"}],"replies":[{"embeddable":true,"href":"https:\/\/etab.ac-reunion.fr\/clg-trois-bassins\/wp-json\/wp\/v2\/comments?post=4289"}],"version-history":[{"count":11,"href":"https:\/\/etab.ac-reunion.fr\/clg-trois-bassins\/wp-json\/wp\/v2\/posts\/4289\/revisions"}],"predecessor-version":[{"id":4315,"href":"https:\/\/etab.ac-reunion.fr\/clg-trois-bassins\/wp-json\/wp\/v2\/posts\/4289\/revisions\/4315"}],"wp:attachment":[{"href":"https:\/\/etab.ac-reunion.fr\/clg-trois-bassins\/wp-json\/wp\/v2\/media?parent=4289"}],"wp:term":[{"taxonomy":"category","embeddable":true,"href":"https:\/\/etab.ac-reunion.fr\/clg-trois-bassins\/wp-json\/wp\/v2\/categories?post=4289"},{"taxonomy":"post_tag","embeddable":true,"href":"https:\/\/etab.ac-reunion.fr\/clg-trois-bassins\/wp-json\/wp\/v2\/tags?post=4289"}],"curies":[{"name":"wp","href":"https:\/\/api.w.org\/{rel}","templated":true}]}}