{"id":5848,"date":"2026-04-13T14:30:22","date_gmt":"2026-04-13T10:30:22","guid":{"rendered":"https:\/\/etab.ac-reunion.fr\/lyc-albert-ramassamy\/?p=5848"},"modified":"2026-04-13T14:55:58","modified_gmt":"2026-04-13T10:55:58","slug":"5848","status":"publish","type":"post","link":"https:\/\/etab.ac-reunion.fr\/lyc-albert-ramassamy\/2026\/04\/13\/5848\/","title":{"rendered":"Et si on redessinait notre salle de classe ?"},"content":{"rendered":"\n[et_pb_section fb_built=\u00a0\u00bb1&Prime; _builder_version=\u00a0\u00bb4.27.6&Prime; _module_preset=\u00a0\u00bbdefault\u00a0\u00bb global_colors_info=\u00a0\u00bb{}\u00a0\u00bb][et_pb_row _builder_version=\u00a0\u00bb4.27.6&Prime; _module_preset=\u00a0\u00bbdefault\u00a0\u00bb global_colors_info=\u00a0\u00bb{}\u00a0\u00bb][et_pb_column type=\u00a0\u00bb4_4&Prime; _builder_version=\u00a0\u00bb4.27.6&Prime; _module_preset=\u00a0\u00bbdefault\u00a0\u00bb global_colors_info=\u00a0\u00bb{}\u00a0\u00bb][et_pb_text _builder_version=\u00a0\u00bb4.27.6&Prime; _module_preset=\u00a0\u00bbdefault\u00a0\u00bb global_colors_info=\u00a0\u00bb{}\u00a0\u00bb]<p style=\"text-align: center\"><strong>Et si on redessinait notre salle de classe ?<\/strong><\/p>\n<p><strong>Gr\u00e2ce au Budget Participatif Lyc\u00e9en de la R\u00e9gion R\u00e9union, des \u00e9l\u00e8ves du lyc\u00e9e professionnel Albert RAMASSAMY ont transform\u00e9 deux salles de classe en espaces flexibles, vivants et adapt\u00e9s \u00e0 leurs besoins. Un projet port\u00e9 par les lyc\u00e9ens, pour les lyc\u00e9ens.<\/strong><\/p>\n<p>Imaginez une salle de classe o\u00f9 vous pouvez choisir votre place, travailler seul ou en groupe, vous installer sur un ballon, \u00e9couter un livre audio avec un casque, ou simplement faire une pause sur un tapis avant de reprendre votre exercice. C\u2019est d\u00e9sormais une r\u00e9alit\u00e9 au lyc\u00e9e professionnel Albert RAMASSAMY.<\/p>\n<p>Tout a commenc\u00e9 en <span>f\u00e9vrier 2024<\/span>, lorsque des \u00e9l\u00e8ves de plusieurs classes ont \u00e9t\u00e9 invit\u00e9s \u00e0 r\u00e9fl\u00e9chir \u00e0 ce que serait leur classe id\u00e9ale. Plans, sch\u00e9mas, mots-cl\u00e9s sur papier\u2026 Ils ont imagin\u00e9 des zones de travail au calme, des \u00eelots collaboratifs, un espace d\u00e9tente, une table ressources avec globe terrestre et dictionnaires.<\/p>\n<p>Le projet <em>\u00ab Classe id\u00e9ale \u00bb<\/em> a \u00e9t\u00e9 soumis au Budget Participatif Lyc\u00e9en (BPL) de la R\u00e9gion R\u00e9union, qui alloue jusqu\u2019\u00e0 5 000 euros par \u00e9tablissement pour financer les projets vot\u00e9s par les lyc\u00e9ens. Il a \u00e9t\u00e9 s\u00e9lectionn\u00e9 et financ\u00e9 \u00e0 hauteur de 4 999 euros.<\/p>\n<p>Le mat\u00e9riel a \u00e9t\u00e9 livr\u00e9 en <span>octobre 2025<\/span> et\u2026 assembl\u00e9 en partie par les \u00e9l\u00e8ves eux-m\u00eames, en co-intervention avec leur professeure et un enseignant de menuiserie !<\/p>\n<p><strong>Ce que \u00e7a change, concr\u00e8tement<\/strong><\/p>\n<p>Depuis <span>novembre 2025<\/span>, les salles L15 et IA11 fonctionnent r\u00e9guli\u00e8rement en autonomie ou semi-autonomie. Les r\u00e9sultats sont l\u00e0 : moins de tensions, une ambiance plus calme, et des \u00e9l\u00e8ves qui\u2026 arrivent en avance.<\/p>\n<p><em>\u00ab Ils se pressent pour \u00eatre s\u00fbrs de r\u00e9server leur assise pr\u00e9f\u00e9r\u00e9e. Des \u00e9l\u00e8ves qui avaient du mal \u00e0 rester assis sont maintenant concentr\u00e9s et impliqu\u00e9s. \u00bb<\/em><br \/>Explique Mme Robert, professeure de Lettres-Histoire.<\/p>\n<p>Les assises dynamiques (ballons, tabourets culbuto, si\u00e8ges ergonomiques) permettent aux \u00e9l\u00e8ves de bouger sans d\u00e9ranger. Les casques anti-bruit offrent un espace de concentration \u00e0 ceux qui en ont besoin. Le globe terrestre, lui, a d\u00e9j\u00e0 suscit\u00e9 des discussions passionn\u00e9es sur le triangle des Bermudes ou le point Nemo.<\/p>\n<p><em>\u00ab On aime pouvoir choisir comment on travaille. \u00c7a change tout. \u00bb\u00a0<\/em><\/p>\n<p>Se r\u00e9jouit Elo\u00efck, TBTMA<\/p>\n<p><strong>Et la suite ?<\/strong><\/p>\n<p>D\u00e8s la rentr\u00e9e 2026-2027, le mat\u00e9riel sera disponible en pr\u00eat nomade pour tous les enseignants de Lettres-Histoire souhaitant exp\u00e9rimenter la classe flexible dans leur propre salle. Une vid\u00e9o de pr\u00e9sentation est \u00e9galement en cours de r\u00e9alisation.<\/p>\n<p>Un projet qui prouve qu\u2019au lyc\u00e9e professionnel Albert RAMASSAMY, les \u00e9l\u00e8ves ne subissent pas leur lyc\u00e9e. Ils le construisent.<\/p>\n<p><strong>Article r\u00e9alis\u00e9 par Mme Marie ROBERT\u00a0<\/strong><\/p>[\/et_pb_text][\/et_pb_column][\/et_pb_row][et_pb_row column_structure=\u00a0\u00bb1_4,1_4,1_4,1_4&Prime; _builder_version=\u00a0\u00bb4.27.6&Prime; _module_preset=\u00a0\u00bbdefault\u00a0\u00bb global_colors_info=\u00a0\u00bb{}\u00a0\u00bb][et_pb_column type=\u00a0\u00bb1_4&Prime; _builder_version=\u00a0\u00bb4.27.6&Prime; _module_preset=\u00a0\u00bbdefault\u00a0\u00bb global_colors_info=\u00a0\u00bb{}\u00a0\u00bb][et_pb_image src=\u00a0\u00bbhttps:\/\/etab.ac-reunion.fr\/lyc-albert-ramassamy\/wp-content\/uploads\/sites\/94\/2026\/04\/20260413_094128-1-scaled.jpg\u00a0\u00bb title_text=\u00a0\u00bb20260413_094128 (1)\u00a0\u00bb _builder_version=\u00a0\u00bb4.27.6&Prime; _module_preset=\u00a0\u00bbdefault\u00a0\u00bb global_colors_info=\u00a0\u00bb{}\u00a0\u00bb][\/et_pb_image][\/et_pb_column][et_pb_column type=\u00a0\u00bb1_4&Prime; _builder_version=\u00a0\u00bb4.27.6&Prime; _module_preset=\u00a0\u00bbdefault\u00a0\u00bb global_colors_info=\u00a0\u00bb{}\u00a0\u00bb][et_pb_image src=\u00a0\u00bbhttps:\/\/etab.ac-reunion.fr\/lyc-albert-ramassamy\/wp-content\/uploads\/sites\/94\/2026\/04\/20260408_085938-1-scaled.jpg\u00a0\u00bb title_text=\u00a0\u00bb20260408_085938 (1)\u00a0\u00bb _builder_version=\u00a0\u00bb4.27.6&Prime; _module_preset=\u00a0\u00bbdefault\u00a0\u00bb hover_enabled=\u00a0\u00bb0&Prime; global_colors_info=\u00a0\u00bb{}\u00a0\u00bb sticky_enabled=\u00a0\u00bb0&Prime;][\/et_pb_image][\/et_pb_column][et_pb_column type=\u00a0\u00bb1_4&Prime; _builder_version=\u00a0\u00bb4.27.6&Prime; _module_preset=\u00a0\u00bbdefault\u00a0\u00bb global_colors_info=\u00a0\u00bb{}\u00a0\u00bb][et_pb_image src=\u00a0\u00bbhttps:\/\/etab.ac-reunion.fr\/lyc-albert-ramassamy\/wp-content\/uploads\/sites\/94\/2026\/04\/20260413_093656-scaled.jpg\u00a0\u00bb title_text=\u00a0\u00bb20260413_093656&Prime; _builder_version=\u00a0\u00bb4.27.6&Prime; _module_preset=\u00a0\u00bbdefault\u00a0\u00bb global_colors_info=\u00a0\u00bb{}\u00a0\u00bb][\/et_pb_image][\/et_pb_column][et_pb_column type=\u00a0\u00bb1_4&Prime; _builder_version=\u00a0\u00bb4.27.6&Prime; _module_preset=\u00a0\u00bbdefault\u00a0\u00bb global_colors_info=\u00a0\u00bb{}\u00a0\u00bb][et_pb_image src=\u00a0\u00bbhttps:\/\/etab.ac-reunion.fr\/lyc-albert-ramassamy\/wp-content\/uploads\/sites\/94\/2026\/04\/20260413_093840-scaled.jpg\u00a0\u00bb title_text=\u00a0\u00bb20260413_093840&Prime; _builder_version=\u00a0\u00bb4.27.6&Prime; _module_preset=\u00a0\u00bbdefault\u00a0\u00bb global_colors_info=\u00a0\u00bb{}\u00a0\u00bb][\/et_pb_image][\/et_pb_column][\/et_pb_row][\/et_pb_section]\n","protected":false},"excerpt":{"rendered":"<p>Et si on redessinait notre salle de classe ? Gr\u00e2ce au Budget Participatif Lyc\u00e9en de la R\u00e9gion R\u00e9union, des \u00e9l\u00e8ves du lyc\u00e9e professionnel Albert RAMASSAMY ont transform\u00e9 deux salles de [&hellip;]<\/p>\n","protected":false},"author":38793,"featured_media":5852,"comment_status":"closed","ping_status":"closed","sticky":false,"template":"","format":"standard","meta":{"_et_pb_use_builder":"on","_et_pb_old_content":"","_et_gb_content_width":"","footnotes":""},"categories":[117,1,46,26],"tags":[],"class_list":["post-5848","post","type-post","status-publish","format-standard","has-post-thumbnail","hentry","category-club-medias","category-non-classe","category-projet-pedagogique","category-slider"],"_links":{"self":[{"href":"https:\/\/etab.ac-reunion.fr\/lyc-albert-ramassamy\/wp-json\/wp\/v2\/posts\/5848","targetHints":{"allow":["GET"]}}],"collection":[{"href":"https:\/\/etab.ac-reunion.fr\/lyc-albert-ramassamy\/wp-json\/wp\/v2\/posts"}],"about":[{"href":"https:\/\/etab.ac-reunion.fr\/lyc-albert-ramassamy\/wp-json\/wp\/v2\/types\/post"}],"author":[{"embeddable":true,"href":"https:\/\/etab.ac-reunion.fr\/lyc-albert-ramassamy\/wp-json\/wp\/v2\/users\/38793"}],"replies":[{"embeddable":true,"href":"https:\/\/etab.ac-reunion.fr\/lyc-albert-ramassamy\/wp-json\/wp\/v2\/comments?post=5848"}],"version-history":[{"count":6,"href":"https:\/\/etab.ac-reunion.fr\/lyc-albert-ramassamy\/wp-json\/wp\/v2\/posts\/5848\/revisions"}],"predecessor-version":[{"id":5863,"href":"https:\/\/etab.ac-reunion.fr\/lyc-albert-ramassamy\/wp-json\/wp\/v2\/posts\/5848\/revisions\/5863"}],"wp:featuredmedia":[{"embeddable":true,"href":"https:\/\/etab.ac-reunion.fr\/lyc-albert-ramassamy\/wp-json\/wp\/v2\/media\/5852"}],"wp:attachment":[{"href":"https:\/\/etab.ac-reunion.fr\/lyc-albert-ramassamy\/wp-json\/wp\/v2\/media?parent=5848"}],"wp:term":[{"taxonomy":"category","embeddable":true,"href":"https:\/\/etab.ac-reunion.fr\/lyc-albert-ramassamy\/wp-json\/wp\/v2\/categories?post=5848"},{"taxonomy":"post_tag","embeddable":true,"href":"https:\/\/etab.ac-reunion.fr\/lyc-albert-ramassamy\/wp-json\/wp\/v2\/tags?post=5848"}],"curies":[{"name":"wp","href":"https:\/\/api.w.org\/{rel}","templated":true}]}}