{"id":5904,"date":"2026-04-22T19:19:02","date_gmt":"2026-04-22T15:19:02","guid":{"rendered":"https:\/\/etab.ac-reunion.fr\/lyc-albert-ramassamy\/?p=5904"},"modified":"2026-04-22T21:44:10","modified_gmt":"2026-04-22T17:44:10","slug":"perseverance-scolaire-et-preservation-de-lenvironnement-au-lycee-albert-ramassamy-2","status":"publish","type":"post","link":"https:\/\/etab.ac-reunion.fr\/lyc-albert-ramassamy\/2026\/04\/22\/perseverance-scolaire-et-preservation-de-lenvironnement-au-lycee-albert-ramassamy-2\/","title":{"rendered":"Pers\u00e9v\u00e9rance scolaire et pr\u00e9servation de l\u2019environnement au lyc\u00e9e Albert RAMASSAMY"},"content":{"rendered":"\n[et_pb_section fb_built=\u00a0\u00bb1&Prime; _builder_version=\u00a0\u00bb4.27.6&Prime; _module_preset=\u00a0\u00bbdefault\u00a0\u00bb global_colors_info=\u00a0\u00bb{}\u00a0\u00bb][et_pb_row _builder_version=\u00a0\u00bb4.27.6&Prime; _module_preset=\u00a0\u00bbdefault\u00a0\u00bb global_colors_info=\u00a0\u00bb{}\u00a0\u00bb][et_pb_column type=\u00a0\u00bb4_4&Prime; _builder_version=\u00a0\u00bb4.27.6&Prime; _module_preset=\u00a0\u00bbdefault\u00a0\u00bb global_colors_info=\u00a0\u00bb{}\u00a0\u00bb][et_pb_text _builder_version=\u00a0\u00bb4.27.6&Prime; _module_preset=\u00a0\u00bbdefault\u00a0\u00bb global_colors_info=\u00a0\u00bb{}\u00a0\u00bb]<p style=\"text-align: center\">Cr\u00e9dit photo : A. V<\/p>[\/et_pb_text][et_pb_text _builder_version=\u00a0\u00bb4.27.6&Prime; _module_preset=\u00a0\u00bbdefault\u00a0\u00bb global_colors_info=\u00a0\u00bb{}\u00a0\u00bb]<h4 style=\"text-align: justify\"><strong>Le mardi 24 mars 2026, lors de la semaine de la pers\u00e9v\u00e9rance scolaire, les \u00e9l\u00e8ves de la 2BEM1 (Seconde baccalaur\u00e9at professionnel des \u00e9tudes et de la mod\u00e9lisation num\u00e9rique du b\u00e2timent) et une partie des \u00e9l\u00e8ves de la 2BTNE1 (Seconde baccalaur\u00e9at professionnel du num\u00e9rique et des transitions \u00e9nerg\u00e9tiques) \u00e9taient en sortie p\u00e9dagogique \u00e0 Saint-Paul. Ils ont d\u00e9couvert un jardin riche en plantes et en arbres fruitiers, mais ont, \u00e9galement, \u00e9t\u00e9 sensibilis\u00e9s \u00e0 la pr\u00e9servation de l\u2019environnement en naviguant \u00e0 bord de kayak sur l\u2019\u00e9tang de Saint-Paul, dans la r\u00e9serve naturelle.<\/strong><\/h4>[\/et_pb_text][\/et_pb_column][\/et_pb_row][et_pb_row _builder_version=\u00a0\u00bb4.27.6&Prime; _module_preset=\u00a0\u00bbdefault\u00a0\u00bb global_colors_info=\u00a0\u00bb{}\u00a0\u00bb][et_pb_column type=\u00a0\u00bb4_4&Prime; _builder_version=\u00a0\u00bb4.27.6&Prime; _module_preset=\u00a0\u00bbdefault\u00a0\u00bb global_colors_info=\u00a0\u00bb{}\u00a0\u00bb][et_pb_text _builder_version=\u00a0\u00bb4.27.6&Prime; _module_preset=\u00a0\u00bbdefault\u00a0\u00bb global_colors_info=\u00a0\u00bb{}\u00a0\u00bb]<h5 style=\"text-align: justify\">Un peu avant huit heures du matin, les seize \u00e9l\u00e8ves de la 2BEM1 et les huit \u00e9l\u00e8ves de la 2BTNE1 s\u2019installent dans le bus scolaire, affr\u00e9t\u00e9 pour l\u2019occasion, et prennent la direction de Saint-Paul, commune de l\u2019ouest de La R\u00e9union.<br \/>Le groupe de vingt-quatre \u00e9l\u00e8ves est encadr\u00e9 par deux enseignants du lyc\u00e9e Albert RAMASSAMY : Mme VI\u00c9VILLE, enseignante en PSE (Pr\u00e9vention-Sant\u00e9 et Environnement) et M. DOIGNEAUX, enseignant en lettres-histoire.<br \/>La professeure de PSE organise cette sortie scolaire depuis plusieurs mois et souhaitait que cette action ait lieu pendant la semaine du 23 au 27 mars 2026.<br \/>En effet, le minist\u00e8re de l\u2019\u00c9ducation nationale a retenu ces dates pour valoriser, au sein des \u00e9tablissements scolaires, \u00ab\u00a0la pers\u00e9v\u00e9rance scolaire\u00a0\u00bb.<br \/>C\u2019est pourquoi, l\u2019int\u00e9gralit\u00e9 des \u00e9l\u00e8ves de la 2BEM1 a \u00e9t\u00e9 s\u00e9lectionn\u00e9e, ainsi qu\u2019une partie des \u00e9l\u00e8ves de la 2BTNE1, afin de f\u00e9liciter l\u2019engagement des \u00e9l\u00e8ves qui sont\u00a0<em>\u00ab\u00a0ponctuels, assidus, travailleurs, ou bien qui ont connu une \u00e9volution positive concernant leurs absences et leurs retards\u00a0\u00bb<\/em>, explique Mme VI\u00c9VILLE.<\/h5>[\/et_pb_text][\/et_pb_column][\/et_pb_row][et_pb_row _builder_version=\u00a0\u00bb4.27.6&Prime; _module_preset=\u00a0\u00bbdefault\u00a0\u00bb global_colors_info=\u00a0\u00bb{}\u00a0\u00bb][et_pb_column type=\u00a0\u00bb4_4&Prime; _builder_version=\u00a0\u00bb4.27.6&Prime; _module_preset=\u00a0\u00bbdefault\u00a0\u00bb global_colors_info=\u00a0\u00bb{}\u00a0\u00bb][et_pb_image src=\u00a0\u00bbhttps:\/\/etab.ac-reunion.fr\/lyc-albert-ramassamy\/wp-content\/uploads\/sites\/94\/2026\/04\/IMG-20260325-WA0021.jpg\u00a0\u00bb alt=\u00a0\u00bbCr\u00e9dit photo A. V.\u00a0\u00bb title_text=\u00a0\u00bbIMG-20260325-WA0021&Prime; _builder_version=\u00a0\u00bb4.27.6&Prime; _module_preset=\u00a0\u00bbdefault\u00a0\u00bb global_colors_info=\u00a0\u00bb{}\u00a0\u00bb][\/et_pb_image][et_pb_text _builder_version=\u00a0\u00bb4.27.6&Prime; _module_preset=\u00a0\u00bbdefault\u00a0\u00bb hover_enabled=\u00a0\u00bb0&Prime; sticky_enabled=\u00a0\u00bb0&Prime;]<p style=\"text-align: center\">Cr\u00e9dit photo : A. V<\/p>[\/et_pb_text][\/et_pb_column][\/et_pb_row][et_pb_row _builder_version=\u00a0\u00bb4.27.6&Prime; _module_preset=\u00a0\u00bbdefault\u00a0\u00bb global_colors_info=\u00a0\u00bb{}\u00a0\u00bb][et_pb_column type=\u00a0\u00bb4_4&Prime; _builder_version=\u00a0\u00bb4.27.6&Prime; _module_preset=\u00a0\u00bbdefault\u00a0\u00bb global_colors_info=\u00a0\u00bb{}\u00a0\u00bb][et_pb_text _builder_version=\u00a0\u00bb4.27.6&Prime; _module_preset=\u00a0\u00bbdefault\u00a0\u00bb global_colors_info=\u00a0\u00bb{}\u00a0\u00bb]<h5 style=\"text-align: justify\">Une fois arriv\u00e9s \u00e0 Saint-Paul, le programme de la journ\u00e9e est le suivant.<br \/>Le matin, un premier groupe part avec Mme VI\u00c9VILLE, afin de d\u00e9couvrir la r\u00e9serve naturelle de l&rsquo;\u00e9tang de Saint-Paul. Les douze autres \u00e9l\u00e8ves sont avec M. DOIGNEAUX et visitent un espace de deux hectares, nomm\u00e9\u00a0: \u00ab\u00a0\u00d4 jardin de Paulo\u00a0\u00bb.<br \/>Vers midi, les vingt-quatre \u00e9l\u00e8ves se retrouvent au Moulin \u00e0 eau de Saint-Paul, avec leurs enseignants, et partagent un pique-nique.<br \/>L\u2019apr\u00e8s-midi, le groupe encadr\u00e9 par Mme VI\u00c9VILLE se rend\u00a0: \u00ab\u00a0\u00d4 jardin de Paulo\u00a0\u00bb et celui de M. DOIGNEAUX d\u00e9couvre la r\u00e9serve naturelle de l\u2019\u00c9tang de Saint-Paul.<br \/>Un planning charg\u00e9, millim\u00e9tr\u00e9 et concoct\u00e9 par Mme VI\u00c9VILLE\u00a0! Tout s\u2019est parfaitement d\u00e9roul\u00e9, notamment gr\u00e2ce \u00e0 des \u00e9l\u00e8ves investis et \u00e0 un chauffeur de bus motiv\u00e9.<\/h5>[\/et_pb_text][\/et_pb_column][\/et_pb_row][et_pb_row column_structure=\u00a0\u00bb1_3,1_3,1_3&Prime; _builder_version=\u00a0\u00bb4.27.6&Prime; _module_preset=\u00a0\u00bbdefault\u00a0\u00bb global_colors_info=\u00a0\u00bb{}\u00a0\u00bb][et_pb_column type=\u00a0\u00bb1_3&Prime; _builder_version=\u00a0\u00bb4.27.6&Prime; _module_preset=\u00a0\u00bbdefault\u00a0\u00bb global_colors_info=\u00a0\u00bb{}\u00a0\u00bb][et_pb_image src=\u00a0\u00bbhttps:\/\/etab.ac-reunion.fr\/lyc-albert-ramassamy\/wp-content\/uploads\/sites\/94\/2026\/04\/IMG-20260325-WA0062.jpg\u00a0\u00bb title_text=\u00a0\u00bbIMG-20260325-WA0062&Prime; _builder_version=\u00a0\u00bb4.27.6&Prime; _module_preset=\u00a0\u00bbdefault\u00a0\u00bb global_colors_info=\u00a0\u00bb{}\u00a0\u00bb][\/et_pb_image][\/et_pb_column][et_pb_column type=\u00a0\u00bb1_3&Prime; _builder_version=\u00a0\u00bb4.27.6&Prime; _module_preset=\u00a0\u00bbdefault\u00a0\u00bb global_colors_info=\u00a0\u00bb{}\u00a0\u00bb][et_pb_image src=\u00a0\u00bbhttps:\/\/etab.ac-reunion.fr\/lyc-albert-ramassamy\/wp-content\/uploads\/sites\/94\/2026\/04\/Capture-decran-2026-04-22-a-10.21.14.png\u00a0\u00bb title_text=\u00a0\u00bbCapture d\u2019e\u0301cran 2026-04-22 a\u0300 10.21.14&Prime; _builder_version=\u00a0\u00bb4.27.6&Prime; _module_preset=\u00a0\u00bbdefault\u00a0\u00bb global_colors_info=\u00a0\u00bb{}\u00a0\u00bb][\/et_pb_image][et_pb_text _builder_version=\u00a0\u00bb4.27.6&Prime; _module_preset=\u00a0\u00bbdefault\u00a0\u00bb global_colors_info=\u00a0\u00bb{}\u00a0\u00bb]<p style=\"text-align: center\">Cr\u00e9dit photos : A. V et S. D<\/p>[\/et_pb_text][\/et_pb_column][et_pb_column type=\u00a0\u00bb1_3&Prime; _builder_version=\u00a0\u00bb4.27.6&Prime; _module_preset=\u00a0\u00bbdefault\u00a0\u00bb global_colors_info=\u00a0\u00bb{}\u00a0\u00bb][et_pb_image src=\u00a0\u00bbhttps:\/\/etab.ac-reunion.fr\/lyc-albert-ramassamy\/wp-content\/uploads\/sites\/94\/2026\/04\/IMG-20260325-WA0029.jpg\u00a0\u00bb title_text=\u00a0\u00bbIMG-20260325-WA0029&Prime; _builder_version=\u00a0\u00bb4.27.6&Prime; _module_preset=\u00a0\u00bbdefault\u00a0\u00bb global_colors_info=\u00a0\u00bb{}\u00a0\u00bb][\/et_pb_image][\/et_pb_column][\/et_pb_row][et_pb_row column_structure=\u00a0\u00bb1_2,1_2&Prime; _builder_version=\u00a0\u00bb4.27.6&Prime; _module_preset=\u00a0\u00bbdefault\u00a0\u00bb global_colors_info=\u00a0\u00bb{}\u00a0\u00bb][et_pb_column type=\u00a0\u00bb1_2&Prime; _builder_version=\u00a0\u00bb4.27.6&Prime; _module_preset=\u00a0\u00bbdefault\u00a0\u00bb global_colors_info=\u00a0\u00bb{}\u00a0\u00bb][et_pb_image src=\u00a0\u00bbhttps:\/\/etab.ac-reunion.fr\/lyc-albert-ramassamy\/wp-content\/uploads\/sites\/94\/2026\/04\/IMG-20260325-WA0050.jpg\u00a0\u00bb title_text=\u00a0\u00bbIMG-20260325-WA0050&Prime; _builder_version=\u00a0\u00bb4.27.6&Prime; _module_preset=\u00a0\u00bbdefault\u00a0\u00bb global_colors_info=\u00a0\u00bb{}\u00a0\u00bb][\/et_pb_image][et_pb_text _builder_version=\u00a0\u00bb4.27.6&Prime; _module_preset=\u00a0\u00bbdefault\u00a0\u00bb global_colors_info=\u00a0\u00bb{}\u00a0\u00bb]<p style=\"text-align: center\">\u00ab\u00a0\u00d4 jardin de Paulo\u00a0\u00bb, pique-nique au Moulin \u00e0 eau et d\u00e9couverte de l&rsquo;\u00e9tang de Saint-Paul.<\/p>[\/et_pb_text][\/et_pb_column][et_pb_column type=\u00a0\u00bb1_2&Prime; _builder_version=\u00a0\u00bb4.27.6&Prime; _module_preset=\u00a0\u00bbdefault\u00a0\u00bb global_colors_info=\u00a0\u00bb{}\u00a0\u00bb][et_pb_image src=\u00a0\u00bbhttps:\/\/etab.ac-reunion.fr\/lyc-albert-ramassamy\/wp-content\/uploads\/sites\/94\/2026\/04\/Capture-decran-2026-04-22-a-10.13.43.png\u00a0\u00bb title_text=\u00a0\u00bbCapture d\u2019e\u0301cran 2026-04-22 a\u0300 10.13.43&Prime; _builder_version=\u00a0\u00bb4.27.6&Prime; _module_preset=\u00a0\u00bbdefault\u00a0\u00bb global_colors_info=\u00a0\u00bb{}\u00a0\u00bb][\/et_pb_image][\/et_pb_column][\/et_pb_row][et_pb_row _builder_version=\u00a0\u00bb4.27.6&Prime; _module_preset=\u00a0\u00bbdefault\u00a0\u00bb global_colors_info=\u00a0\u00bb{}\u00a0\u00bb][et_pb_column type=\u00a0\u00bb4_4&Prime; _builder_version=\u00a0\u00bb4.27.6&Prime; _module_preset=\u00a0\u00bbdefault\u00a0\u00bb global_colors_info=\u00a0\u00bb{}\u00a0\u00bb][et_pb_text _builder_version=\u00a0\u00bb4.27.6&Prime; _module_preset=\u00a0\u00bbdefault\u00a0\u00bb global_colors_info=\u00a0\u00bb{}\u00a0\u00bb]<h5 style=\"text-align: justify\">Pendant la d\u00e9couverte du jardin, les \u00e9l\u00e8ves avaient pour guide Paul (de son petit nom <em>\u00ab\u00a0Paulo\u00a0\u00bb<\/em>). L\u2019homme est un retrait\u00e9, originaire de Saint-Andr\u00e9, mais vivant au Bernica (dans les hauteurs de l\u2019ouest).<br \/>C\u2019est un amoureux de la nature et d\u00e9sireux de transmettre ses connaissances sur la flore locale, aux curieux, venus l\u2019\u00e9couter. Avant de d\u00e9ambuler dans le jardin, Paulo avait pr\u00e9par\u00e9 une infusion des plantes de son jardin (verveine, citronnelle, et <em>\u00ab\u00a0larmes de la vierge<\/em>\u00a0\u00bb), ainsi que la d\u00e9gustation d\u2019un g\u00e2teau patate, avec p\u00e9pites de chocolat\u00a0!<br \/>Lors de cette collation de bienvenue, Paulo nous explique que ce terrain n\u2019est pas le sien, mais que le propri\u00e9taire lui a mis \u00e0 disposition ces deux hectares de terre, en 2010. Le natif de Saint-Andr\u00e9, aid\u00e9 par quelques amis, a remis en \u00e9tat cet espace de pr\u00e8s de 20 000 m<sup>2<\/sup>, notamment en plantant\u00a0des arbres fruitiers et des plantes aromatiques\/m\u00e9dicinales.<br \/>En 2015, ils ont cr\u00e9\u00e9 une association, qui a pour nom : \u00ab \u00d4 jardin de Paulo \u00bb. Ainsi, ce jardin bucolique a \u00e9t\u00e9 baptis\u00e9 du m\u00eame nom que l\u2019association et les pancartes pour y acc\u00e9der le prouvent. Paulo est pr\u00e9sent au march\u00e9 de l\u2019\u00c9peron et vend notamment des \u00ab\u00a0mambolos\u00a0\u00bb.<br \/>C\u2019est un fruit originaire des Philippines, \u00e0 la peau douce, \u00e0 la chair rose, au go\u00fbt sucr\u00e9, mais \u00e0 l\u2019odeur tr\u00e8s d\u00e9sagr\u00e9able. \u00c0 La R\u00e9union, le \u00ab\u00a0mambolo\u00a0\u00bb est aussi connu sous le nom de <em>\u00ab\u00a0caca de chat\u00a0\u00bb<\/em>. L\u2019argent r\u00e9colt\u00e9, notamment au march\u00e9 de l\u2019\u00c9peron, sert \u00e0 payer, entre autres, les \u00e9lagueurs et l\u2019eau pour les plantes.<br \/>Dans ce jardin, il n\u2019y a pas d\u2019arbres fruitiers donnant des letchis, des mang<strong>u<\/strong>es ou des longanis, afin d\u2019\u00e9viter les vols. Enfin, Paulo pr\u00e9cise aux deux groupes, que dans ce jardin rien n\u2019est trait\u00e9\u00a0: <em>\u00ab\u00a0Il n\u2019y a pas de pesticides, pas d\u2019engrais chimiques. Tout est naturel ici\u00a0\u00bb<\/em>. La pr\u00e9sence de nombreux papillons vient corroborer les paroles de Paulo.<\/h5>[\/et_pb_text][\/et_pb_column][\/et_pb_row][et_pb_row column_structure=\u00a0\u00bb1_2,1_2&Prime; _builder_version=\u00a0\u00bb4.27.6&Prime; _module_preset=\u00a0\u00bbdefault\u00a0\u00bb global_colors_info=\u00a0\u00bb{}\u00a0\u00bb][et_pb_column type=\u00a0\u00bb1_2&Prime; _builder_version=\u00a0\u00bb4.27.6&Prime; _module_preset=\u00a0\u00bbdefault\u00a0\u00bb global_colors_info=\u00a0\u00bb{}\u00a0\u00bb][et_pb_image src=\u00a0\u00bbhttps:\/\/etab.ac-reunion.fr\/lyc-albert-ramassamy\/wp-content\/uploads\/sites\/94\/2026\/04\/Capture-decran-2026-04-22-a-10.31.39.png\u00a0\u00bb title_text=\u00a0\u00bbCapture d\u2019e\u0301cran 2026-04-22 a\u0300 10.31.39&Prime; _builder_version=\u00a0\u00bb4.27.6&Prime; _module_preset=\u00a0\u00bbdefault\u00a0\u00bb global_colors_info=\u00a0\u00bb{}\u00a0\u00bb][\/et_pb_image][et_pb_text _builder_version=\u00a0\u00bb4.27.6&Prime; _module_preset=\u00a0\u00bbdefault\u00a0\u00bb global_colors_info=\u00a0\u00bb{}\u00a0\u00bb]<p style=\"text-align: justify\">Paulo nous fait d\u00e9couvrir son jardin.<\/p>[\/et_pb_text][\/et_pb_column][et_pb_column type=\u00a0\u00bb1_2&Prime; _builder_version=\u00a0\u00bb4.27.6&Prime; _module_preset=\u00a0\u00bbdefault\u00a0\u00bb global_colors_info=\u00a0\u00bb{}\u00a0\u00bb][et_pb_image src=\u00a0\u00bbhttps:\/\/etab.ac-reunion.fr\/lyc-albert-ramassamy\/wp-content\/uploads\/sites\/94\/2026\/04\/20260324_085351-scaled.jpg\u00a0\u00bb title_text=\u00a0\u00bb20260324_085351&Prime; _builder_version=\u00a0\u00bb4.27.6&Prime; _module_preset=\u00a0\u00bbdefault\u00a0\u00bb global_colors_info=\u00a0\u00bb{}\u00a0\u00bb][\/et_pb_image][et_pb_text _builder_version=\u00a0\u00bb4.27.6&Prime; _module_preset=\u00a0\u00bbdefault\u00a0\u00bb custom_margin=\u00a0\u00bb|-16px||||\u00a0\u00bb global_colors_info=\u00a0\u00bb{}\u00a0\u00bb]<p style=\"text-align: justify\">Les gar\u00e7ons font le service de la tisane de bienvenue !<\/p>[\/et_pb_text][et_pb_text _builder_version=\u00a0\u00bb4.27.6&Prime; _module_preset=\u00a0\u00bbdefault\u00a0\u00bb custom_margin=\u00a0\u00bb|-4px||||\u00a0\u00bb custom_padding=\u00a0\u00bb|25px||||\u00a0\u00bb global_colors_info=\u00a0\u00bb{}\u00a0\u00bb]<p style=\"text-align: right\">Cr\u00e9dit photos : A. V et S. D<\/p>[\/et_pb_text][\/et_pb_column][\/et_pb_row][et_pb_row _builder_version=\u00a0\u00bb4.27.6&Prime; _module_preset=\u00a0\u00bbdefault\u00a0\u00bb global_colors_info=\u00a0\u00bb{}\u00a0\u00bb][et_pb_column type=\u00a0\u00bb4_4&Prime; _builder_version=\u00a0\u00bb4.27.6&Prime; _module_preset=\u00a0\u00bbdefault\u00a0\u00bb global_colors_info=\u00a0\u00bb{}\u00a0\u00bb][et_pb_text _builder_version=\u00a0\u00bb4.27.6&Prime; _module_preset=\u00a0\u00bbdefault\u00a0\u00bb global_colors_info=\u00a0\u00bb{}\u00a0\u00bb]<h5 style=\"text-align: justify\">En se promenant dans ce jardin, les \u00e9l\u00e8ves (et leurs enseignants) ont pu d\u00e9couvrir : le noni (<em>\u00ab\u00a0bon pour le syst\u00e8me immunitaire\u00a0\u00bb, <\/em>explique Paulo en croquant dedans)\u00a0; le bilimbi\u00a0; le costus spiralis (appel\u00e9 aussi \u00ab\u00a0gingembre rouge\u00a0\u00bb ou \u00ab\u00a0b\u00e2ton rouge\u00a0\u00bb)\u00a0; des pois bleus (qui <em>\u00ab\u00a0boostent la m\u00e9moire\u00a0\u00bb<\/em>, nous confie Paulo) et des sensitives.<br \/>Le retrait\u00e9 nous explique qu\u2019avec la sensitive (appel\u00e9e aussi \u00ab mimosa pudique \u00bb, car elle r\u00e9tracte ses feuilles lorsqu\u2019on la touche), des tisanes peuvent \u00eatre faites dans le but d\u2019aider \u00e0 s\u2019endormir. De plus, des arbres imposants sont pr\u00e9sents tels que le palmier royal et l\u2019arbre \u00e0 raphia.<br \/>En poursuivant la visite, les \u00e9l\u00e8ves ont ensuite observ\u00e9 des corossols (sapotilles), des jacques, des fruits \u00e0 pain, des teraps (un fruit entre le jacques et le fruit \u00e0 pain).<br \/>La visite se termine par l\u2019arbre \u00e0 savon (qui comme son nom l\u2019indique peut donner du savon), le roucou (o\u00f9 les graines se colorent et peuvent \u00eatre utilis\u00e9es comme rouge \u00e0 l\u00e8vres) et enfin les graines de kadok. Paulo raconte aux \u00e9l\u00e8ves, qu\u2019\u00e0 l\u2019\u00e9poque, les enfants jouaient avec les graines de kadok. Ces graines auraient \u00e9galement des vertus m\u00e9dicinales et seraient porteuses de chance. Paulo nous glisse, en souriant, qu\u2019il a toujours trois graines de kadok dans sa poche. Mais il alerte \u00e9galement sur le pillage de ces graines et sur l\u2019importance de les planter massivement car l\u2019arbre est en danger d\u2019extinction.<\/h5>[\/et_pb_text][\/et_pb_column][\/et_pb_row][et_pb_row _builder_version=\u00a0\u00bb4.27.6&Prime; _module_preset=\u00a0\u00bbdefault\u00a0\u00bb global_colors_info=\u00a0\u00bb{}\u00a0\u00bb][et_pb_column type=\u00a0\u00bb4_4&Prime; _builder_version=\u00a0\u00bb4.27.6&Prime; _module_preset=\u00a0\u00bbdefault\u00a0\u00bb global_colors_info=\u00a0\u00bb{}\u00a0\u00bb][et_pb_image src=\u00a0\u00bbhttps:\/\/etab.ac-reunion.fr\/lyc-albert-ramassamy\/wp-content\/uploads\/sites\/94\/2026\/04\/20260324_093146-scaled.jpg\u00a0\u00bb title_text=\u00a0\u00bb20260324_093146&Prime; _builder_version=\u00a0\u00bb4.27.6&Prime; _module_preset=\u00a0\u00bbdefault\u00a0\u00bb global_colors_info=\u00a0\u00bb{}\u00a0\u00bb][\/et_pb_image][et_pb_text _builder_version=\u00a0\u00bb4.27.6&Prime; _module_preset=\u00a0\u00bbdefault\u00a0\u00bb global_colors_info=\u00a0\u00bb{}\u00a0\u00bb]<p style=\"text-align: justify\">Les \u00e9l\u00e8ves de la 2BEM1 et de la 2BTNE1 sont attentifs aux explications et connaissances transmises par Paulo.<\/p>[\/et_pb_text][et_pb_image src=\u00a0\u00bbhttps:\/\/etab.ac-reunion.fr\/lyc-albert-ramassamy\/wp-content\/uploads\/sites\/94\/2026\/04\/20260324_092147-scaled.jpg\u00a0\u00bb title_text=\u00a0\u00bb20260324_092147&Prime; _builder_version=\u00a0\u00bb4.27.6&Prime; _module_preset=\u00a0\u00bbdefault\u00a0\u00bb global_colors_info=\u00a0\u00bb{}\u00a0\u00bb][\/et_pb_image][et_pb_text _builder_version=\u00a0\u00bb4.27.6&Prime; _module_preset=\u00a0\u00bbdefault\u00a0\u00bb custom_margin=\u00a0\u00bb-11px||||false|false\u00a0\u00bb global_colors_info=\u00a0\u00bb{}\u00a0\u00bb]<p style=\"text-align: center\">Cr\u00e9dit photos : S. D<\/p>[\/et_pb_text][\/et_pb_column][\/et_pb_row][et_pb_row column_structure=\u00a0\u00bb1_3,1_3,1_3&Prime; _builder_version=\u00a0\u00bb4.27.6&Prime; _module_preset=\u00a0\u00bbdefault\u00a0\u00bb custom_margin=\u00a0\u00bb-15px|auto||auto||\u00a0\u00bb global_colors_info=\u00a0\u00bb{}\u00a0\u00bb][et_pb_column type=\u00a0\u00bb1_3&Prime; _builder_version=\u00a0\u00bb4.27.6&Prime; _module_preset=\u00a0\u00bbdefault\u00a0\u00bb global_colors_info=\u00a0\u00bb{}\u00a0\u00bb][et_pb_image src=\u00a0\u00bbhttps:\/\/etab.ac-reunion.fr\/lyc-albert-ramassamy\/wp-content\/uploads\/sites\/94\/2026\/04\/20260324_091319-scaled.jpg\u00a0\u00bb title_text=\u00a0\u00bb20260324_091319&Prime; _builder_version=\u00a0\u00bb4.27.6&Prime; _module_preset=\u00a0\u00bbdefault\u00a0\u00bb global_colors_info=\u00a0\u00bb{}\u00a0\u00bb][\/et_pb_image][et_pb_text _builder_version=\u00a0\u00bb4.27.6&Prime; _module_preset=\u00a0\u00bbdefault\u00a0\u00bb global_colors_info=\u00a0\u00bb{}\u00a0\u00bb]<p style=\"text-align: center\">Le noni<\/p>[\/et_pb_text][\/et_pb_column][et_pb_column type=\u00a0\u00bb1_3&Prime; _builder_version=\u00a0\u00bb4.27.6&Prime; _module_preset=\u00a0\u00bbdefault\u00a0\u00bb global_colors_info=\u00a0\u00bb{}\u00a0\u00bb][et_pb_image src=\u00a0\u00bbhttps:\/\/etab.ac-reunion.fr\/lyc-albert-ramassamy\/wp-content\/uploads\/sites\/94\/2026\/04\/20260324_102006-scaled.jpg\u00a0\u00bb title_text=\u00a0\u00bb20260324_102006&Prime; _builder_version=\u00a0\u00bb4.27.6&Prime; _module_preset=\u00a0\u00bbdefault\u00a0\u00bb global_colors_info=\u00a0\u00bb{}\u00a0\u00bb][\/et_pb_image][et_pb_text _builder_version=\u00a0\u00bb4.27.6&Prime; _module_preset=\u00a0\u00bbdefault\u00a0\u00bb global_colors_info=\u00a0\u00bb{}\u00a0\u00bb]<p style=\"text-align: justify\">Le costus spiralis dit \u00ab\u00a0gingembre rouge\u00a0\u00bb ou \u00ab\u00a0b\u00e2ton rouge\u00a0\u00bb<\/p>[\/et_pb_text][\/et_pb_column][et_pb_column type=\u00a0\u00bb1_3&Prime; _builder_version=\u00a0\u00bb4.27.6&Prime; _module_preset=\u00a0\u00bbdefault\u00a0\u00bb global_colors_info=\u00a0\u00bb{}\u00a0\u00bb][et_pb_image src=\u00a0\u00bbhttps:\/\/etab.ac-reunion.fr\/lyc-albert-ramassamy\/wp-content\/uploads\/sites\/94\/2026\/04\/20260324_094723-scaled.jpg\u00a0\u00bb title_text=\u00a0\u00bb20260324_094723&Prime; _builder_version=\u00a0\u00bb4.27.6&Prime; _module_preset=\u00a0\u00bbdefault\u00a0\u00bb global_colors_info=\u00a0\u00bb{}\u00a0\u00bb][\/et_pb_image][et_pb_text _builder_version=\u00a0\u00bb4.27.6&Prime; _module_preset=\u00a0\u00bbdefault\u00a0\u00bb global_colors_info=\u00a0\u00bb{}\u00a0\u00bb]<p style=\"text-align: center\">La palmier royal<\/p>[\/et_pb_text][\/et_pb_column][\/et_pb_row][et_pb_row _builder_version=\u00a0\u00bb4.27.6&Prime; _module_preset=\u00a0\u00bbdefault\u00a0\u00bb global_colors_info=\u00a0\u00bb{}\u00a0\u00bb][et_pb_column type=\u00a0\u00bb4_4&Prime; _builder_version=\u00a0\u00bb4.27.6&Prime; _module_preset=\u00a0\u00bbdefault\u00a0\u00bb global_colors_info=\u00a0\u00bb{}\u00a0\u00bb][et_pb_image src=\u00a0\u00bbhttps:\/\/etab.ac-reunion.fr\/lyc-albert-ramassamy\/wp-content\/uploads\/sites\/94\/2026\/04\/Photo-groupe-Vieville-recadree.jpg\u00a0\u00bb title_text=\u00a0\u00bbPhoto groupe Vie\u0301ville (recadr\u00e9e)\u00a0\u00bb _builder_version=\u00a0\u00bb4.27.6&Prime; _module_preset=\u00a0\u00bbdefault\u00a0\u00bb global_colors_info=\u00a0\u00bb{}\u00a0\u00bb][\/et_pb_image][et_pb_text _builder_version=\u00a0\u00bb4.27.6&Prime; _module_preset=\u00a0\u00bbdefault\u00a0\u00bb hover_enabled=\u00a0\u00bb0&Prime; global_colors_info=\u00a0\u00bb{}\u00a0\u00bb sticky_enabled=\u00a0\u00bb0&Prime;]<p style=\"text-align: center\">Mme <span style=\"font-weight: 400\">VI\u00c9VILLE et son groupe pendant la visite de \u00ab\u00a0\u00d4 jardin de Paulo\u00a0\u00bb.<\/span><\/p>[\/et_pb_text][\/et_pb_column][\/et_pb_row][et_pb_row _builder_version=\u00a0\u00bb4.27.6&Prime; _module_preset=\u00a0\u00bbdefault\u00a0\u00bb global_colors_info=\u00a0\u00bb{}\u00a0\u00bb][et_pb_column type=\u00a0\u00bb4_4&Prime; _builder_version=\u00a0\u00bb4.27.6&Prime; _module_preset=\u00a0\u00bbdefault\u00a0\u00bb global_colors_info=\u00a0\u00bb{}\u00a0\u00bb][et_pb_text _builder_version=\u00a0\u00bb4.27.6&Prime; _module_preset=\u00a0\u00bbdefault\u00a0\u00bb global_colors_info=\u00a0\u00bb{}\u00a0\u00bb]<h5 style=\"text-align: justify\">Lors de la visite de l&rsquo;\u00e9tang de Saint-Paul, dans la r\u00e9serve naturelle, les \u00e9l\u00e8ves et leurs enseignants ont eu la chance de pouvoir naviguer dans cette zone prot\u00e9g\u00e9e.<br \/>Munis de kayaks biplaces et accompagn\u00e9s par Alex, guide sp\u00e9cialis\u00e9 dans la protection de l\u2019environnement, les deux groupes ont revu les d\u00e9finitions des mots suivants\u00a0: end\u00e9mique, indig\u00e8ne et exotique. Deux contrats civiques \u00e9taient \u00e9galement pr\u00e9sents et compl\u00e9taient les explications ou aidaient les jeunes en difficult\u00e9. (Pas facile de pagayer \u00e0 deux dans un kayak, tout en essayant de faire peu de bruit afin de ne pas effrayer la faune, peu habitu\u00e9e aux humains).<br \/>Les \u00e9l\u00e8ves et leurs enseignants ont pu voir des papangues m\u00e2les dansant dans les airs. <em>\u00ab\u00a0Ces acrobaties a\u00e9riennes sont des parades nuptiales\u00a0\u00bb<\/em>, pr\u00e9cise Alex, notre guide. <em>\u00ab\u00a0Les m\u00e2les commencent \u00e0 s\u2019entra\u00eener car la saison des amours d\u00e9butera au mois de juin\u00a0\u00bb<\/em>.<br \/>En glissant sur l\u2019eau, le groupe a pu observer les papyrus jonchant les berges de l&rsquo;\u00e9tang. Un paysage rappelant celui du Nil, en \u00c9gypte.<br \/>Enfin, bien que le groupe soit dans une zone prot\u00e9g\u00e9e, les \u00e9l\u00e8ves avaient \u00e9galement pour mission de ramasser les d\u00e9chets qu\u2019ils pouvaient trouver, en sillonnant l\u2019\u00e9tang.<br \/>Au total, deux immenses sachets poubelles, remplis majoritairement de d\u00e9chets plastiques ont \u00e9t\u00e9 ramass\u00e9s. L\u2019eau, qui alimente la r\u00e9serve naturelle, provient soit\u00a0de la mer (notamment en p\u00e9riode cyclonique), soit des nappes phr\u00e9atiques, soit des ravines qui partent des montagnes et se d\u00e9versent dans l\u2019\u00e9tang.<br \/>Les \u00e9l\u00e8ves ont eu un exemple concret des cons\u00e9quences d\u00e9sastreuses de jeter ses d\u00e9chets dans la nature. Ce geste n\u2019est pas anodin et impacte de fa\u00e7on n\u00e9gative la faune et la flore.<br \/>En quittant la r\u00e9serve naturelle, Nesta, No\u00eblly et Irena, \u00e9l\u00e8ves en 2BEM1, r\u00e9sument cette action : <em>\u00ab\u00a0Nous avons retenu que dans la nature nous devons \u00eatre discrets et silencieux. La nature est fragile, nous devons la pr\u00e9server. Les humains ne doivent pas jeter leurs d\u00e9chets n\u2019importe o\u00f9 et n\u2019importe comment\u00a0\u00bb<\/em>.<\/h5>[\/et_pb_text][\/et_pb_column][\/et_pb_row][et_pb_row column_structure=\u00a0\u00bb2_5,3_5&Prime; _builder_version=\u00a0\u00bb4.27.6&Prime; _module_preset=\u00a0\u00bbdefault\u00a0\u00bb global_colors_info=\u00a0\u00bb{}\u00a0\u00bb][et_pb_column type=\u00a0\u00bb2_5&Prime; _builder_version=\u00a0\u00bb4.27.6&Prime; _module_preset=\u00a0\u00bbdefault\u00a0\u00bb global_colors_info=\u00a0\u00bb{}\u00a0\u00bb][et_pb_image src=\u00a0\u00bbhttps:\/\/etab.ac-reunion.fr\/lyc-albert-ramassamy\/wp-content\/uploads\/sites\/94\/2026\/04\/Capture-decran-2026-04-22-a-10.02.53.png\u00a0\u00bb title_text=\u00a0\u00bbCapture d\u2019e\u0301cran 2026-04-22 a\u0300 10.02.53&Prime; _builder_version=\u00a0\u00bb4.27.6&Prime; _module_preset=\u00a0\u00bbdefault\u00a0\u00bb global_colors_info=\u00a0\u00bb{}\u00a0\u00bb][\/et_pb_image][et_pb_image src=\u00a0\u00bbhttps:\/\/etab.ac-reunion.fr\/lyc-albert-ramassamy\/wp-content\/uploads\/sites\/94\/2026\/04\/Capture-decran-2026-04-22-a-10.57.12.png\u00a0\u00bb title_text=\u00a0\u00bbCapture d\u2019e\u0301cran 2026-04-22 a\u0300 10.57.12&Prime; _builder_version=\u00a0\u00bb4.27.6&Prime; _module_preset=\u00a0\u00bbdefault\u00a0\u00bb global_colors_info=\u00a0\u00bb{}\u00a0\u00bb][\/et_pb_image][\/et_pb_column][et_pb_column type=\u00a0\u00bb3_5&Prime; _builder_version=\u00a0\u00bb4.27.6&Prime; _module_preset=\u00a0\u00bbdefault\u00a0\u00bb global_colors_info=\u00a0\u00bb{}\u00a0\u00bb][et_pb_image src=\u00a0\u00bbhttps:\/\/etab.ac-reunion.fr\/lyc-albert-ramassamy\/wp-content\/uploads\/sites\/94\/2026\/04\/Capture-decran-2026-04-22-a-10.05.34.png\u00a0\u00bb title_text=\u00a0\u00bbCapture d\u2019e\u0301cran 2026-04-22 a\u0300 10.05.34&Prime; _builder_version=\u00a0\u00bb4.27.6&Prime; _module_preset=\u00a0\u00bbdefault\u00a0\u00bb global_colors_info=\u00a0\u00bb{}\u00a0\u00bb][\/et_pb_image][et_pb_image src=\u00a0\u00bbhttps:\/\/etab.ac-reunion.fr\/lyc-albert-ramassamy\/wp-content\/uploads\/sites\/94\/2026\/04\/Capture-decran-2026-04-22-a-10.04.23.png\u00a0\u00bb title_text=\u00a0\u00bbCapture d\u2019e\u0301cran 2026-04-22 a\u0300 10.04.23&Prime; _builder_version=\u00a0\u00bb4.27.6&Prime; _module_preset=\u00a0\u00bbdefault\u00a0\u00bb global_colors_info=\u00a0\u00bb{}\u00a0\u00bb][\/et_pb_image][et_pb_text _builder_version=\u00a0\u00bb4.27.6&Prime; _module_preset=\u00a0\u00bbdefault\u00a0\u00bb global_colors_info=\u00a0\u00bb{}\u00a0\u00bb]<p style=\"text-align: center\">D\u00e9couverte de l&rsquo;\u00e9tang de Saint-Paul et de la r\u00e9serve naturelle, \u00e0 bord des kayaks.<\/p>[\/et_pb_text][\/et_pb_column][\/et_pb_row][et_pb_row _builder_version=\u00a0\u00bb4.27.6&Prime; _module_preset=\u00a0\u00bbdefault\u00a0\u00bb global_colors_info=\u00a0\u00bb{}\u00a0\u00bb][et_pb_column type=\u00a0\u00bb4_4&Prime; _builder_version=\u00a0\u00bb4.27.6&Prime; _module_preset=\u00a0\u00bbdefault\u00a0\u00bb global_colors_info=\u00a0\u00bb{}\u00a0\u00bb][et_pb_image src=\u00a0\u00bbhttps:\/\/etab.ac-reunion.fr\/lyc-albert-ramassamy\/wp-content\/uploads\/sites\/94\/2026\/04\/20260324_131524-scaled.jpg\u00a0\u00bb title_text=\u00a0\u00bb20260324_131524&Prime; _builder_version=\u00a0\u00bb4.27.6&Prime; _module_preset=\u00a0\u00bbdefault\u00a0\u00bb global_colors_info=\u00a0\u00bb{}\u00a0\u00bb][\/et_pb_image][et_pb_text _builder_version=\u00a0\u00bb4.27.6&Prime; _module_preset=\u00a0\u00bbdefault\u00a0\u00bb hover_enabled=\u00a0\u00bb0&Prime; sticky_enabled=\u00a0\u00bb0&Prime;]<p style=\"text-align: center\">Cr\u00e9dit photos : A. V et S. D<\/p>[\/et_pb_text][et_pb_image src=\u00a0\u00bbhttps:\/\/etab.ac-reunion.fr\/lyc-albert-ramassamy\/wp-content\/uploads\/sites\/94\/2026\/04\/Photo-groupe-Vieville-3-recadree.jpg\u00a0\u00bb title_text=\u00a0\u00bbPhoto groupe Vie\u0301ville 3 (recadr\u00e9e)\u00a0\u00bb _builder_version=\u00a0\u00bb4.27.6&Prime; _module_preset=\u00a0\u00bbdefault\u00a0\u00bb global_colors_info=\u00a0\u00bb{}\u00a0\u00bb][\/et_pb_image][et_pb_text _builder_version=\u00a0\u00bb4.27.6&Prime; _module_preset=\u00a0\u00bbdefault\u00a0\u00bb hover_enabled=\u00a0\u00bb0&Prime; global_colors_info=\u00a0\u00bb{}\u00a0\u00bb sticky_enabled=\u00a0\u00bb0&Prime;]<p>Bien que l&rsquo;\u00e9tang de Saint-Paul soit dans une zone prot\u00e9g\u00e9e, les \u00e9l\u00e8ves ont ramass\u00e9 de nombreux d\u00e9chets.<br \/>Les \u00e9l\u00e8ves de la 2BEM1 et de la 2BTEN1 ont compris l&rsquo;importance et l&rsquo;urgence de ne rien jeter dans la nature.<\/p>[\/et_pb_text][\/et_pb_column][\/et_pb_row][et_pb_row _builder_version=\u00a0\u00bb4.27.6&Prime; _module_preset=\u00a0\u00bbdefault\u00a0\u00bb global_colors_info=\u00a0\u00bb{}\u00a0\u00bb][et_pb_column type=\u00a0\u00bb4_4&Prime; _builder_version=\u00a0\u00bb4.27.6&Prime; _module_preset=\u00a0\u00bbdefault\u00a0\u00bb global_colors_info=\u00a0\u00bb{}\u00a0\u00bb][et_pb_text _builder_version=\u00a0\u00bb4.27.6&Prime; _module_preset=\u00a0\u00bbdefault\u00a0\u00bb global_colors_info=\u00a0\u00bb{}\u00a0\u00bb]<h5 style=\"text-align: justify\">La journ\u00e9e se termine par un retour au lyc\u00e9e, o\u00f9 les tumultes de la vie quotidienne reprennent le dessus. Mais les \u00e9l\u00e8ves repartent chez eux sourire aux l\u00e8vres, heureux et des souvenirs plein la t\u00eate.<\/h5>[\/et_pb_text][\/et_pb_column][\/et_pb_row][et_pb_row _builder_version=\u00a0\u00bb4.27.6&Prime; _module_preset=\u00a0\u00bbdefault\u00a0\u00bb global_colors_info=\u00a0\u00bb{}\u00a0\u00bb][et_pb_column type=\u00a0\u00bb4_4&Prime; _builder_version=\u00a0\u00bb4.27.6&Prime; _module_preset=\u00a0\u00bbdefault\u00a0\u00bb global_colors_info=\u00a0\u00bb{}\u00a0\u00bb][et_pb_text _builder_version=\u00a0\u00bb4.27.6&Prime; _module_preset=\u00a0\u00bbdefault\u00a0\u00bb global_colors_info=\u00a0\u00bb{}\u00a0\u00bb]<p style=\"text-align: right\">M. DOIGNEAUX<br \/>Professeur en lettres-histoire<\/p>[\/et_pb_text][\/et_pb_column][\/et_pb_row][et_pb_row _builder_version=\u00a0\u00bb4.27.6&Prime; _module_preset=\u00a0\u00bbdefault\u00a0\u00bb global_colors_info=\u00a0\u00bb{}\u00a0\u00bb][et_pb_column type=\u00a0\u00bb4_4&Prime; _builder_version=\u00a0\u00bb4.27.6&Prime; _module_preset=\u00a0\u00bbdefault\u00a0\u00bb global_colors_info=\u00a0\u00bb{}\u00a0\u00bb][et_pb_text _builder_version=\u00a0\u00bb4.27.6&Prime; _module_preset=\u00a0\u00bbdefault\u00a0\u00bb global_colors_info=\u00a0\u00bb{}\u00a0\u00bb]<h5 style=\"text-align: justify\">Compl\u00e9ment :<\/p>\n<p>-End\u00e9mique : une esp\u00e8ce end\u00e9mique est une esp\u00e8ce qui vit uniquement dans une r\u00e9gion pr\u00e9cise et nulle part ailleurs dans le monde.<\/p>\n<p>-Indig\u00e8ne : une esp\u00e8ce indig\u00e8ne est une esp\u00e8ce qui vit naturellement dans une r\u00e9gion depuis longtemps, sans avoir \u00e9t\u00e9 apport\u00e9e par l\u2019humain.<\/p>\n<p>-Exotique : une esp\u00e8ce exotique est une esp\u00e8ce qui vient d\u2019un autre pays ou d\u2019un autre continent, o\u00f9 elle n\u2019existait pas naturellement avant.<\/h5>[\/et_pb_text][\/et_pb_column][\/et_pb_row][\/et_pb_section]\n","protected":false},"excerpt":{"rendered":"<p>Cr\u00e9dit photo : A. V<\/p>\n","protected":false},"author":38645,"featured_media":5890,"comment_status":"closed","ping_status":"closed","sticky":false,"template":"","format":"standard","meta":{"_et_pb_use_builder":"on","_et_pb_old_content":"","_et_gb_content_width":"","footnotes":""},"categories":[83,64,117,63,46,26,57,59],"tags":[],"class_list":["post-5904","post","type-post","status-publish","format-standard","has-post-thumbnail","hentry","category-actus","category-axe-du-projet-detablissement","category-club-medias","category-divers","category-projet-pedagogique","category-slider","category-vie-de-leleve","category-vie-de-letablissement"],"_links":{"self":[{"href":"https:\/\/etab.ac-reunion.fr\/lyc-albert-ramassamy\/wp-json\/wp\/v2\/posts\/5904","targetHints":{"allow":["GET"]}}],"collection":[{"href":"https:\/\/etab.ac-reunion.fr\/lyc-albert-ramassamy\/wp-json\/wp\/v2\/posts"}],"about":[{"href":"https:\/\/etab.ac-reunion.fr\/lyc-albert-ramassamy\/wp-json\/wp\/v2\/types\/post"}],"author":[{"embeddable":true,"href":"https:\/\/etab.ac-reunion.fr\/lyc-albert-ramassamy\/wp-json\/wp\/v2\/users\/38645"}],"replies":[{"embeddable":true,"href":"https:\/\/etab.ac-reunion.fr\/lyc-albert-ramassamy\/wp-json\/wp\/v2\/comments?post=5904"}],"version-history":[{"count":11,"href":"https:\/\/etab.ac-reunion.fr\/lyc-albert-ramassamy\/wp-json\/wp\/v2\/posts\/5904\/revisions"}],"predecessor-version":[{"id":5928,"href":"https:\/\/etab.ac-reunion.fr\/lyc-albert-ramassamy\/wp-json\/wp\/v2\/posts\/5904\/revisions\/5928"}],"wp:featuredmedia":[{"embeddable":true,"href":"https:\/\/etab.ac-reunion.fr\/lyc-albert-ramassamy\/wp-json\/wp\/v2\/media\/5890"}],"wp:attachment":[{"href":"https:\/\/etab.ac-reunion.fr\/lyc-albert-ramassamy\/wp-json\/wp\/v2\/media?parent=5904"}],"wp:term":[{"taxonomy":"category","embeddable":true,"href":"https:\/\/etab.ac-reunion.fr\/lyc-albert-ramassamy\/wp-json\/wp\/v2\/categories?post=5904"},{"taxonomy":"post_tag","embeddable":true,"href":"https:\/\/etab.ac-reunion.fr\/lyc-albert-ramassamy\/wp-json\/wp\/v2\/tags?post=5904"}],"curies":[{"name":"wp","href":"https:\/\/api.w.org\/{rel}","templated":true}]}}