{"id":4828,"date":"2023-12-13T21:40:05","date_gmt":"2023-12-13T17:40:05","guid":{"rendered":"https:\/\/etab.ac-reunion.fr\/lyc-ambroise-vollard\/?p=4828"},"modified":"2023-12-13T21:40:07","modified_gmt":"2023-12-13T17:40:07","slug":"elles-bougent-pour-lorientation","status":"publish","type":"post","link":"https:\/\/etab.ac-reunion.fr\/lyc-ambroise-vollard\/elles-bougent-pour-lorientation\/","title":{"rendered":"Elles bougent pour l&rsquo;orientation"},"content":{"rendered":"\n<p>Jeudi 7 d\u00e9cembre dernier, le lyc\u00e9e a accueilli des professionnelles et des \u00e9tudiantes des domaines scientifiques, techniques et informatiques pour l&rsquo;\u00e9v\u00e9nement \u00ab\u00a0<strong>Elles bougent pour l&rsquo;Orientation !<\/strong>\u00ab\u00a0.<\/p>\n\n\n\n<p>Ces femmes ing\u00e9nieures, techniciennes, informaticienne, \u00e9tudiantes, sismologues, doctorantes,&nbsp;enseignante-chercheuse, cheffe de projet, sont venues rencontrer les \u00e9l\u00e8ves de Seconde afin de les sensibiliser aux carri\u00e8res scientifiques, techniques et informatiques.<\/p>\n\n\n\n<p>Les \u00e9l\u00e8ves ont pu \u00eatre inform\u00e9es sur les m\u00e9tiers et les fili\u00e8res d&rsquo;acc\u00e8s, mais surtout sur les st\u00e9r\u00e9otypes li\u00e9s aux m\u00e9tiers scientifiques.<\/p>\n\n\n\n<p>Car, NON : ing\u00e9nieure dans les Travaux publics n&rsquo;est pas un m\u00e9tier r\u00e9serv\u00e9 aux gar\u00e7ons !<\/p>\n\n\n\n<p>Ces rencontres avaient aussi pour objectif de susciter des vocations et de donner de l&rsquo;ambition aux jeunes filles.<\/p>\n\n\n\n<p>Un \u00e9norme merci aux 11 marraines qui nous ont honor\u00e9s de leur pr\u00e9sence : Emilie, Axelle, Michelle, Marine, Sonia, Orya\u00eblle, Anne-Ga\u00eblle, Chlo\u00e9, Adeline, Marion et Lise.<\/p>\n\n\n\n<p>Et merci \u00e9galement \u00e0 Mme Tr\u00e9meaux , repr\u00e9sentante des parents d&rsquo;\u00e9l\u00e8ves, qui a suivi les tables rondes lors de cette matin\u00e9e de rencontres et d&rsquo;\u00e9changes.<\/p>\n\n\n\n<p><em>Mme Luc,\u00a0R\u00e9f\u00e9rente \u00e9galit\u00e9 fille\/gar\u00e7on<\/em><\/p>\n\n\n\n<p><\/p>\n\n\n\n<figure class=\"wp-block-gallery has-nested-images columns-1 is-cropped wp-block-gallery-1 is-layout-flex wp-block-gallery-is-layout-flex\">\n<figure class=\"wp-block-image size-large\"><img loading=\"lazy\" decoding=\"async\" width=\"1024\" height=\"581\" data-id=\"4835\" src=\"https:\/\/etab.ac-reunion.fr\/lyc-ambroise-vollard\/wp-content\/uploads\/sites\/138\/2023\/12\/Mme-Tremeaux-representante-des-parents-deleves-invitee-a-levenement-et-les-11-marraines-Mme-Hoareau-CPE-et-Mme-Luc-1-1024x581.jpg\" alt=\"\" class=\"wp-image-4835\" srcset=\"https:\/\/etab.ac-reunion.fr\/lyc-ambroise-vollard\/wp-content\/uploads\/sites\/138\/2023\/12\/Mme-Tremeaux-representante-des-parents-deleves-invitee-a-levenement-et-les-11-marraines-Mme-Hoareau-CPE-et-Mme-Luc-1-1024x581.jpg 1024w, https:\/\/etab.ac-reunion.fr\/lyc-ambroise-vollard\/wp-content\/uploads\/sites\/138\/2023\/12\/Mme-Tremeaux-representante-des-parents-deleves-invitee-a-levenement-et-les-11-marraines-Mme-Hoareau-CPE-et-Mme-Luc-1-300x170.jpg 300w, https:\/\/etab.ac-reunion.fr\/lyc-ambroise-vollard\/wp-content\/uploads\/sites\/138\/2023\/12\/Mme-Tremeaux-representante-des-parents-deleves-invitee-a-levenement-et-les-11-marraines-Mme-Hoareau-CPE-et-Mme-Luc-1-150x85.jpg 150w, https:\/\/etab.ac-reunion.fr\/lyc-ambroise-vollard\/wp-content\/uploads\/sites\/138\/2023\/12\/Mme-Tremeaux-representante-des-parents-deleves-invitee-a-levenement-et-les-11-marraines-Mme-Hoareau-CPE-et-Mme-Luc-1-768x436.jpg 768w, https:\/\/etab.ac-reunion.fr\/lyc-ambroise-vollard\/wp-content\/uploads\/sites\/138\/2023\/12\/Mme-Tremeaux-representante-des-parents-deleves-invitee-a-levenement-et-les-11-marraines-Mme-Hoareau-CPE-et-Mme-Luc-1-1536x871.jpg 1536w, https:\/\/etab.ac-reunion.fr\/lyc-ambroise-vollard\/wp-content\/uploads\/sites\/138\/2023\/12\/Mme-Tremeaux-representante-des-parents-deleves-invitee-a-levenement-et-les-11-marraines-Mme-Hoareau-CPE-et-Mme-Luc-1-2048x1161.jpg 2048w\" sizes=\"auto, (max-width: 1024px) 100vw, 1024px\" \/><\/figure>\n\n\n\n<figure class=\"wp-block-image size-large\"><img loading=\"lazy\" decoding=\"async\" width=\"1024\" height=\"564\" data-id=\"4830\" src=\"https:\/\/etab.ac-reunion.fr\/lyc-ambroise-vollard\/wp-content\/uploads\/sites\/138\/2023\/12\/Adeline-Lise-et-Marion-1-1024x564.jpg\" alt=\"\" class=\"wp-image-4830\" srcset=\"https:\/\/etab.ac-reunion.fr\/lyc-ambroise-vollard\/wp-content\/uploads\/sites\/138\/2023\/12\/Adeline-Lise-et-Marion-1-1024x564.jpg 1024w, https:\/\/etab.ac-reunion.fr\/lyc-ambroise-vollard\/wp-content\/uploads\/sites\/138\/2023\/12\/Adeline-Lise-et-Marion-1-300x165.jpg 300w, https:\/\/etab.ac-reunion.fr\/lyc-ambroise-vollard\/wp-content\/uploads\/sites\/138\/2023\/12\/Adeline-Lise-et-Marion-1-150x83.jpg 150w, https:\/\/etab.ac-reunion.fr\/lyc-ambroise-vollard\/wp-content\/uploads\/sites\/138\/2023\/12\/Adeline-Lise-et-Marion-1-768x423.jpg 768w, https:\/\/etab.ac-reunion.fr\/lyc-ambroise-vollard\/wp-content\/uploads\/sites\/138\/2023\/12\/Adeline-Lise-et-Marion-1-1536x847.jpg 1536w, https:\/\/etab.ac-reunion.fr\/lyc-ambroise-vollard\/wp-content\/uploads\/sites\/138\/2023\/12\/Adeline-Lise-et-Marion-1-2048x1129.jpg 2048w\" sizes=\"auto, (max-width: 1024px) 100vw, 1024px\" \/><\/figure>\n\n\n\n<figure class=\"wp-block-image size-large\"><img loading=\"lazy\" decoding=\"async\" width=\"1024\" height=\"576\" data-id=\"4836\" src=\"https:\/\/etab.ac-reunion.fr\/lyc-ambroise-vollard\/wp-content\/uploads\/sites\/138\/2023\/12\/Table-ronde-et-echanges-avec-les-eleves-1-1024x576.jpg\" alt=\"\" class=\"wp-image-4836\" srcset=\"https:\/\/etab.ac-reunion.fr\/lyc-ambroise-vollard\/wp-content\/uploads\/sites\/138\/2023\/12\/Table-ronde-et-echanges-avec-les-eleves-1-1024x576.jpg 1024w, https:\/\/etab.ac-reunion.fr\/lyc-ambroise-vollard\/wp-content\/uploads\/sites\/138\/2023\/12\/Table-ronde-et-echanges-avec-les-eleves-1-300x169.jpg 300w, https:\/\/etab.ac-reunion.fr\/lyc-ambroise-vollard\/wp-content\/uploads\/sites\/138\/2023\/12\/Table-ronde-et-echanges-avec-les-eleves-1-150x84.jpg 150w, https:\/\/etab.ac-reunion.fr\/lyc-ambroise-vollard\/wp-content\/uploads\/sites\/138\/2023\/12\/Table-ronde-et-echanges-avec-les-eleves-1-768x432.jpg 768w, https:\/\/etab.ac-reunion.fr\/lyc-ambroise-vollard\/wp-content\/uploads\/sites\/138\/2023\/12\/Table-ronde-et-echanges-avec-les-eleves-1-1536x864.jpg 1536w, https:\/\/etab.ac-reunion.fr\/lyc-ambroise-vollard\/wp-content\/uploads\/sites\/138\/2023\/12\/Table-ronde-et-echanges-avec-les-eleves-1-2048x1152.jpg 2048w\" sizes=\"auto, (max-width: 1024px) 100vw, 1024px\" \/><\/figure>\n\n\n\n<figure class=\"wp-block-image size-large\"><img loading=\"lazy\" decoding=\"async\" width=\"1024\" height=\"749\" data-id=\"4829\" src=\"https:\/\/etab.ac-reunion.fr\/lyc-ambroise-vollard\/wp-content\/uploads\/sites\/138\/2023\/12\/Anne-Gaelle-Chloe-et-Oryaelle-1-1024x749.jpg\" alt=\"\" class=\"wp-image-4829\" srcset=\"https:\/\/etab.ac-reunion.fr\/lyc-ambroise-vollard\/wp-content\/uploads\/sites\/138\/2023\/12\/Anne-Gaelle-Chloe-et-Oryaelle-1-1024x749.jpg 1024w, https:\/\/etab.ac-reunion.fr\/lyc-ambroise-vollard\/wp-content\/uploads\/sites\/138\/2023\/12\/Anne-Gaelle-Chloe-et-Oryaelle-1-300x219.jpg 300w, https:\/\/etab.ac-reunion.fr\/lyc-ambroise-vollard\/wp-content\/uploads\/sites\/138\/2023\/12\/Anne-Gaelle-Chloe-et-Oryaelle-1-150x110.jpg 150w, https:\/\/etab.ac-reunion.fr\/lyc-ambroise-vollard\/wp-content\/uploads\/sites\/138\/2023\/12\/Anne-Gaelle-Chloe-et-Oryaelle-1-768x562.jpg 768w, https:\/\/etab.ac-reunion.fr\/lyc-ambroise-vollard\/wp-content\/uploads\/sites\/138\/2023\/12\/Anne-Gaelle-Chloe-et-Oryaelle-1-1536x1123.jpg 1536w, https:\/\/etab.ac-reunion.fr\/lyc-ambroise-vollard\/wp-content\/uploads\/sites\/138\/2023\/12\/Anne-Gaelle-Chloe-et-Oryaelle-1-2048x1498.jpg 2048w\" sizes=\"auto, (max-width: 1024px) 100vw, 1024px\" \/><\/figure>\n\n\n\n<figure class=\"wp-block-image size-large\"><img loading=\"lazy\" decoding=\"async\" width=\"1024\" height=\"576\" data-id=\"4832\" src=\"https:\/\/etab.ac-reunion.fr\/lyc-ambroise-vollard\/wp-content\/uploads\/sites\/138\/2023\/12\/Echanges-avec-Axelle-Marine-et-Sonia-1-1024x576.jpg\" alt=\"\" class=\"wp-image-4832\" srcset=\"https:\/\/etab.ac-reunion.fr\/lyc-ambroise-vollard\/wp-content\/uploads\/sites\/138\/2023\/12\/Echanges-avec-Axelle-Marine-et-Sonia-1-1024x576.jpg 1024w, https:\/\/etab.ac-reunion.fr\/lyc-ambroise-vollard\/wp-content\/uploads\/sites\/138\/2023\/12\/Echanges-avec-Axelle-Marine-et-Sonia-1-300x169.jpg 300w, https:\/\/etab.ac-reunion.fr\/lyc-ambroise-vollard\/wp-content\/uploads\/sites\/138\/2023\/12\/Echanges-avec-Axelle-Marine-et-Sonia-1-150x84.jpg 150w, https:\/\/etab.ac-reunion.fr\/lyc-ambroise-vollard\/wp-content\/uploads\/sites\/138\/2023\/12\/Echanges-avec-Axelle-Marine-et-Sonia-1-768x432.jpg 768w, https:\/\/etab.ac-reunion.fr\/lyc-ambroise-vollard\/wp-content\/uploads\/sites\/138\/2023\/12\/Echanges-avec-Axelle-Marine-et-Sonia-1-1536x864.jpg 1536w, https:\/\/etab.ac-reunion.fr\/lyc-ambroise-vollard\/wp-content\/uploads\/sites\/138\/2023\/12\/Echanges-avec-Axelle-Marine-et-Sonia-1-2048x1152.jpg 2048w\" sizes=\"auto, (max-width: 1024px) 100vw, 1024px\" \/><\/figure>\n\n\n\n<figure class=\"wp-block-image size-large\"><img loading=\"lazy\" decoding=\"async\" width=\"1024\" height=\"775\" data-id=\"4833\" src=\"https:\/\/etab.ac-reunion.fr\/lyc-ambroise-vollard\/wp-content\/uploads\/sites\/138\/2023\/12\/Michelle-etudiante-et-Emilie-ingenieure-1-1024x775.jpg\" alt=\"\" class=\"wp-image-4833\" srcset=\"https:\/\/etab.ac-reunion.fr\/lyc-ambroise-vollard\/wp-content\/uploads\/sites\/138\/2023\/12\/Michelle-etudiante-et-Emilie-ingenieure-1-1024x775.jpg 1024w, https:\/\/etab.ac-reunion.fr\/lyc-ambroise-vollard\/wp-content\/uploads\/sites\/138\/2023\/12\/Michelle-etudiante-et-Emilie-ingenieure-1-300x227.jpg 300w, https:\/\/etab.ac-reunion.fr\/lyc-ambroise-vollard\/wp-content\/uploads\/sites\/138\/2023\/12\/Michelle-etudiante-et-Emilie-ingenieure-1-150x114.jpg 150w, https:\/\/etab.ac-reunion.fr\/lyc-ambroise-vollard\/wp-content\/uploads\/sites\/138\/2023\/12\/Michelle-etudiante-et-Emilie-ingenieure-1-768x582.jpg 768w, https:\/\/etab.ac-reunion.fr\/lyc-ambroise-vollard\/wp-content\/uploads\/sites\/138\/2023\/12\/Michelle-etudiante-et-Emilie-ingenieure-1-1536x1163.jpg 1536w, https:\/\/etab.ac-reunion.fr\/lyc-ambroise-vollard\/wp-content\/uploads\/sites\/138\/2023\/12\/Michelle-etudiante-et-Emilie-ingenieure-1-2048x1551.jpg 2048w\" sizes=\"auto, (max-width: 1024px) 100vw, 1024px\" \/><\/figure>\n\n\n\n<figure class=\"wp-block-image size-large\"><img loading=\"lazy\" decoding=\"async\" width=\"1024\" height=\"611\" data-id=\"4834\" src=\"https:\/\/etab.ac-reunion.fr\/lyc-ambroise-vollard\/wp-content\/uploads\/sites\/138\/2023\/12\/Les-11-marraines-entourees-de-M.-Le-Proviseur-M.-Le-Proviseur-adjoint-Mme-Hoareau-CPE-et-Mme-Luc-Organisatrice-de-levenement-1-1024x611.jpg\" alt=\"\" class=\"wp-image-4834\" srcset=\"https:\/\/etab.ac-reunion.fr\/lyc-ambroise-vollard\/wp-content\/uploads\/sites\/138\/2023\/12\/Les-11-marraines-entourees-de-M.-Le-Proviseur-M.-Le-Proviseur-adjoint-Mme-Hoareau-CPE-et-Mme-Luc-Organisatrice-de-levenement-1-1024x611.jpg 1024w, https:\/\/etab.ac-reunion.fr\/lyc-ambroise-vollard\/wp-content\/uploads\/sites\/138\/2023\/12\/Les-11-marraines-entourees-de-M.-Le-Proviseur-M.-Le-Proviseur-adjoint-Mme-Hoareau-CPE-et-Mme-Luc-Organisatrice-de-levenement-1-300x179.jpg 300w, https:\/\/etab.ac-reunion.fr\/lyc-ambroise-vollard\/wp-content\/uploads\/sites\/138\/2023\/12\/Les-11-marraines-entourees-de-M.-Le-Proviseur-M.-Le-Proviseur-adjoint-Mme-Hoareau-CPE-et-Mme-Luc-Organisatrice-de-levenement-1-150x90.jpg 150w, https:\/\/etab.ac-reunion.fr\/lyc-ambroise-vollard\/wp-content\/uploads\/sites\/138\/2023\/12\/Les-11-marraines-entourees-de-M.-Le-Proviseur-M.-Le-Proviseur-adjoint-Mme-Hoareau-CPE-et-Mme-Luc-Organisatrice-de-levenement-1-768x458.jpg 768w, https:\/\/etab.ac-reunion.fr\/lyc-ambroise-vollard\/wp-content\/uploads\/sites\/138\/2023\/12\/Les-11-marraines-entourees-de-M.-Le-Proviseur-M.-Le-Proviseur-adjoint-Mme-Hoareau-CPE-et-Mme-Luc-Organisatrice-de-levenement-1-1536x917.jpg 1536w, https:\/\/etab.ac-reunion.fr\/lyc-ambroise-vollard\/wp-content\/uploads\/sites\/138\/2023\/12\/Les-11-marraines-entourees-de-M.-Le-Proviseur-M.-Le-Proviseur-adjoint-Mme-Hoareau-CPE-et-Mme-Luc-Organisatrice-de-levenement-1-2048x1222.jpg 2048w\" sizes=\"auto, (max-width: 1024px) 100vw, 1024px\" \/><\/figure>\n\n\n\n<figure class=\"wp-block-image size-large\"><img loading=\"lazy\" decoding=\"async\" width=\"683\" height=\"384\" data-id=\"4831\" src=\"https:\/\/etab.ac-reunion.fr\/lyc-ambroise-vollard\/wp-content\/uploads\/sites\/138\/2023\/12\/LOGO.png\" alt=\"\" class=\"wp-image-4831\" srcset=\"https:\/\/etab.ac-reunion.fr\/lyc-ambroise-vollard\/wp-content\/uploads\/sites\/138\/2023\/12\/LOGO.png 683w, https:\/\/etab.ac-reunion.fr\/lyc-ambroise-vollard\/wp-content\/uploads\/sites\/138\/2023\/12\/LOGO-300x169.png 300w, https:\/\/etab.ac-reunion.fr\/lyc-ambroise-vollard\/wp-content\/uploads\/sites\/138\/2023\/12\/LOGO-150x84.png 150w\" sizes=\"auto, (max-width: 683px) 100vw, 683px\" \/><\/figure>\n<\/figure>\n","protected":false},"excerpt":{"rendered":"<p>Jeudi 7 d\u00e9cembre dernier, le lyc\u00e9e a accueilli des professionnelles et des \u00e9tudiantes des domaines scientifiques, techniques et informatiques pour l&rsquo;\u00e9v\u00e9nement \u00ab\u00a0Elles bougent pour l&rsquo;Orientation !\u00ab\u00a0. Ces femmes ing\u00e9nieures, techniciennes, informaticienne, \u00e9tudiantes, sismologues, doctorantes,&nbsp;enseignante-chercheuse, cheffe de projet, sont venues rencontrer les \u00e9l\u00e8ves de Seconde afin de les sensibiliser aux carri\u00e8res&#8230;<\/p>\n<p class=\"continue-reading-button\"> <a class=\"continue-reading-link\" href=\"https:\/\/etab.ac-reunion.fr\/lyc-ambroise-vollard\/elles-bougent-pour-lorientation\/\">Suite<i class=\"crycon-right-dir\"><\/i><\/a><\/p>\n","protected":false},"author":28728,"featured_media":4831,"comment_status":"closed","ping_status":"closed","sticky":true,"template":"","format":"standard","meta":{"footnotes":""},"categories":[81,9],"tags":[],"class_list":["post-4828","post","type-post","status-publish","format-standard","has-post-thumbnail","hentry","category-egalite-fille-garcon","category-sciences-physiques"],"_links":{"self":[{"href":"https:\/\/etab.ac-reunion.fr\/lyc-ambroise-vollard\/wp-json\/wp\/v2\/posts\/4828","targetHints":{"allow":["GET"]}}],"collection":[{"href":"https:\/\/etab.ac-reunion.fr\/lyc-ambroise-vollard\/wp-json\/wp\/v2\/posts"}],"about":[{"href":"https:\/\/etab.ac-reunion.fr\/lyc-ambroise-vollard\/wp-json\/wp\/v2\/types\/post"}],"author":[{"embeddable":true,"href":"https:\/\/etab.ac-reunion.fr\/lyc-ambroise-vollard\/wp-json\/wp\/v2\/users\/28728"}],"replies":[{"embeddable":true,"href":"https:\/\/etab.ac-reunion.fr\/lyc-ambroise-vollard\/wp-json\/wp\/v2\/comments?post=4828"}],"version-history":[{"count":1,"href":"https:\/\/etab.ac-reunion.fr\/lyc-ambroise-vollard\/wp-json\/wp\/v2\/posts\/4828\/revisions"}],"predecessor-version":[{"id":4837,"href":"https:\/\/etab.ac-reunion.fr\/lyc-ambroise-vollard\/wp-json\/wp\/v2\/posts\/4828\/revisions\/4837"}],"wp:featuredmedia":[{"embeddable":true,"href":"https:\/\/etab.ac-reunion.fr\/lyc-ambroise-vollard\/wp-json\/wp\/v2\/media\/4831"}],"wp:attachment":[{"href":"https:\/\/etab.ac-reunion.fr\/lyc-ambroise-vollard\/wp-json\/wp\/v2\/media?parent=4828"}],"wp:term":[{"taxonomy":"category","embeddable":true,"href":"https:\/\/etab.ac-reunion.fr\/lyc-ambroise-vollard\/wp-json\/wp\/v2\/categories?post=4828"},{"taxonomy":"post_tag","embeddable":true,"href":"https:\/\/etab.ac-reunion.fr\/lyc-ambroise-vollard\/wp-json\/wp\/v2\/tags?post=4828"}],"curies":[{"name":"wp","href":"https:\/\/api.w.org\/{rel}","templated":true}]}}