{"id":5597,"date":"2024-11-18T20:56:20","date_gmt":"2024-11-18T16:56:20","guid":{"rendered":"https:\/\/etab.ac-reunion.fr\/lyc-ambroise-vollard\/?p=5597"},"modified":"2024-11-18T20:58:22","modified_gmt":"2024-11-18T16:58:22","slug":"cdi-exposition-de-cartooning-for-peace-intitulee-tous-migrants-du-18-11-au-06-12","status":"publish","type":"post","link":"https:\/\/etab.ac-reunion.fr\/lyc-ambroise-vollard\/cdi-exposition-de-cartooning-for-peace-intitulee-tous-migrants-du-18-11-au-06-12\/","title":{"rendered":"CDI : exposition \u00ab\u00a0Tous migrants\u00a0\u00bb du 18\/11 au  06\/12"},"content":{"rendered":"\n<p><strong>\u00ab&nbsp;Tous migrants !&nbsp;\u00bb<\/strong> est compos\u00e9e de treize kak\u00e9monos (panneaux de format 100 x 200 cm) d\u00e9roulants. Cette exposition retrace le parcours complexe des migrants \u00e0 travers des dessins de presse du monde entier. Des raisons du d\u00e9part au processus d\u2019int\u00e9gration dans un nouveau pays, en passant par les obstacles rencontr\u00e9s durant leur voyage, les dessinateurs de presse analysent en quelques traits cet enjeu majeur pour nos soci\u00e9t\u00e9s. Au fil des panneaux th\u00e9matiques, leurs coups de crayon cassent les pr\u00e9jug\u00e9s, d\u00e9noncent le rejet de l\u2019\u00e9tranger et montrent l\u2019apport et la richesse de la diversit\u00e9. (source : <a href=\"https:\/\/www.cartooningforpeace.org\/projetsfr\/exposition-itinerante-tous-migrants\/\">https:\/\/www.cartooningforpeace.org\/projetsfr\/exposition-itinerante-tous-migrants\/<\/a>)<\/p>\n\n\n\n<p>Les professeurs sont invit\u00e9s \u00e0 venir avec leurs \u00e9l\u00e8ves pour r\u00e9pondre au questionnaire con\u00e7u par la professeure-documentaliste Johanna Bettex.<\/p>\n\n\n\n<figure class=\"wp-block-image size-full\"><img loading=\"lazy\" decoding=\"async\" width=\"800\" height=\"400\" src=\"https:\/\/etab.ac-reunion.fr\/lyc-ambroise-vollard\/wp-content\/uploads\/sites\/138\/2024\/11\/expo_cartooning_for_peace_-_tous_migrants-d6d72.jpg\" alt=\"\" class=\"wp-image-5598\" srcset=\"https:\/\/etab.ac-reunion.fr\/lyc-ambroise-vollard\/wp-content\/uploads\/sites\/138\/2024\/11\/expo_cartooning_for_peace_-_tous_migrants-d6d72.jpg 800w, https:\/\/etab.ac-reunion.fr\/lyc-ambroise-vollard\/wp-content\/uploads\/sites\/138\/2024\/11\/expo_cartooning_for_peace_-_tous_migrants-d6d72-300x150.jpg 300w, https:\/\/etab.ac-reunion.fr\/lyc-ambroise-vollard\/wp-content\/uploads\/sites\/138\/2024\/11\/expo_cartooning_for_peace_-_tous_migrants-d6d72-150x75.jpg 150w, https:\/\/etab.ac-reunion.fr\/lyc-ambroise-vollard\/wp-content\/uploads\/sites\/138\/2024\/11\/expo_cartooning_for_peace_-_tous_migrants-d6d72-768x384.jpg 768w\" sizes=\"auto, (max-width: 800px) 100vw, 800px\" \/><\/figure>\n","protected":false},"excerpt":{"rendered":"<p>\u00ab&nbsp;Tous migrants !&nbsp;\u00bb est compos\u00e9e de treize kak\u00e9monos (panneaux de format 100 x 200 cm) d\u00e9roulants. Cette exposition retrace le parcours complexe des migrants \u00e0 travers des dessins de presse du monde entier. Des raisons du d\u00e9part au processus d\u2019int\u00e9gration dans un nouveau pays, en passant par les obstacles rencontr\u00e9s&#8230;<\/p>\n<p class=\"continue-reading-button\"> <a class=\"continue-reading-link\" href=\"https:\/\/etab.ac-reunion.fr\/lyc-ambroise-vollard\/cdi-exposition-de-cartooning-for-peace-intitulee-tous-migrants-du-18-11-au-06-12\/\">Suite<i class=\"crycon-right-dir\"><\/i><\/a><\/p>\n","protected":false},"author":28728,"featured_media":5598,"comment_status":"closed","ping_status":"closed","sticky":true,"template":"","format":"standard","meta":{"footnotes":""},"categories":[89],"tags":[],"class_list":["post-5597","post","type-post","status-publish","format-standard","has-post-thumbnail","hentry","category-cdi"],"_links":{"self":[{"href":"https:\/\/etab.ac-reunion.fr\/lyc-ambroise-vollard\/wp-json\/wp\/v2\/posts\/5597","targetHints":{"allow":["GET"]}}],"collection":[{"href":"https:\/\/etab.ac-reunion.fr\/lyc-ambroise-vollard\/wp-json\/wp\/v2\/posts"}],"about":[{"href":"https:\/\/etab.ac-reunion.fr\/lyc-ambroise-vollard\/wp-json\/wp\/v2\/types\/post"}],"author":[{"embeddable":true,"href":"https:\/\/etab.ac-reunion.fr\/lyc-ambroise-vollard\/wp-json\/wp\/v2\/users\/28728"}],"replies":[{"embeddable":true,"href":"https:\/\/etab.ac-reunion.fr\/lyc-ambroise-vollard\/wp-json\/wp\/v2\/comments?post=5597"}],"version-history":[{"count":4,"href":"https:\/\/etab.ac-reunion.fr\/lyc-ambroise-vollard\/wp-json\/wp\/v2\/posts\/5597\/revisions"}],"predecessor-version":[{"id":5602,"href":"https:\/\/etab.ac-reunion.fr\/lyc-ambroise-vollard\/wp-json\/wp\/v2\/posts\/5597\/revisions\/5602"}],"wp:featuredmedia":[{"embeddable":true,"href":"https:\/\/etab.ac-reunion.fr\/lyc-ambroise-vollard\/wp-json\/wp\/v2\/media\/5598"}],"wp:attachment":[{"href":"https:\/\/etab.ac-reunion.fr\/lyc-ambroise-vollard\/wp-json\/wp\/v2\/media?parent=5597"}],"wp:term":[{"taxonomy":"category","embeddable":true,"href":"https:\/\/etab.ac-reunion.fr\/lyc-ambroise-vollard\/wp-json\/wp\/v2\/categories?post=5597"},{"taxonomy":"post_tag","embeddable":true,"href":"https:\/\/etab.ac-reunion.fr\/lyc-ambroise-vollard\/wp-json\/wp\/v2\/tags?post=5597"}],"curies":[{"name":"wp","href":"https:\/\/api.w.org\/{rel}","templated":true}]}}