{"id":6725,"date":"2026-04-09T08:15:04","date_gmt":"2026-04-09T04:15:04","guid":{"rendered":"https:\/\/etab.ac-reunion.fr\/lyc-ambroise-vollard\/?p=6725"},"modified":"2026-04-09T08:20:14","modified_gmt":"2026-04-09T04:20:14","slug":"sensibilisation-a-la-lutte-contre-le-cancer-du-sein","status":"publish","type":"post","link":"https:\/\/etab.ac-reunion.fr\/lyc-ambroise-vollard\/sensibilisation-a-la-lutte-contre-le-cancer-du-sein\/","title":{"rendered":"Sensibilisation \u00e0 la lutte contre le cancer du sein"},"content":{"rendered":"\n<p>SENSIBILISER POUR MIEUX LUTTER CONTRE LE CANCER DU SEIN !!!<br>Une action de sensibilisation \u00e0 la lutte contre le cancer du sein a \u00e9t\u00e9 organis\u00e9e au lyc\u00e9e Ambroise Vollard par la classe de Terminale ST2S e n d\u00e9cembre 2025 . Cette initiative, men\u00e9e e n collaboration avec les associations Papaye, Asetis, Odyss\u00e9a avait pour objectif d&rsquo;informer les \u00e9l\u00e8ves ainsi que le personnel d u lyc\u00e9e sur l&rsquo;importance du d\u00e9pistage et de la pr\u00e9vention .<br><br>Au cours de cette journ\u00e9e, plusieurs activit\u00e9s ont \u00e9t\u00e9 propos\u00e9es. Un atelier d&rsquo;auto-palpation a permis aux \u00e9l\u00e8ves ainsi qu&rsquo;au personnel du lyc\u00e9e d&rsquo;apprendre les gestes essentiels pour d\u00e9tecter<br>d&rsquo;\u00e9ventuels sympt\u00f4mes, gr\u00e2ce \u00e0 l&rsquo;utilisation d&rsquo;un mannequin repr\u00e9sentant une fausse poitrine.<br>Les associations Papaye, Odyss\u00e9a , Asetis, engag\u00e9es dans la pr\u00e9vention du cancer du<br>sein, ont accompagn\u00e9 les \u00e9l\u00e8ves tout au long de cette action. Les intervenants ont insist\u00e9 sur<br>l&rsquo;importance d&rsquo;un suivi m\u00e9dical r\u00e9gulier et des gestes simples \u00e0 adopter a u quotidien, aussi bien pour les femmes que pour les hommes !!!<br>Cette action de sensibilisation a permis de rappeler que le d\u00e9pistage pr\u00e9coce peut sauver des vies. Elle s&rsquo;inscrit dans une d\u00e9marche importante pour informer les jeunes et lutter contre les id\u00e9es re\u00e7ues<br>UNE INITIATIVE ENGAG\u00c9E QUI CONTRIBUE \u00c0 SENSIBILISER LES JEUNES ET \u00c0 FAIRE AVANCER LA LUTTE CONTRE LE CANCER DU SEIN !!!!<\/p>\n\n\n\n<p><em>Rachel Rossolin, professeure en ST2S<\/em><\/p>\n\n\n\n<figure class=\"wp-block-image size-large\"><img loading=\"lazy\" decoding=\"async\" width=\"686\" height=\"1024\" src=\"https:\/\/etab.ac-reunion.fr\/lyc-ambroise-vollard\/wp-content\/uploads\/sites\/138\/2026\/04\/Article-de-presse-journee-de-lutte-contre-le-cancer-du-sein-686x1024.jpg\" alt=\"\" class=\"wp-image-6729\" srcset=\"https:\/\/etab.ac-reunion.fr\/lyc-ambroise-vollard\/wp-content\/uploads\/sites\/138\/2026\/04\/Article-de-presse-journee-de-lutte-contre-le-cancer-du-sein-686x1024.jpg 686w, https:\/\/etab.ac-reunion.fr\/lyc-ambroise-vollard\/wp-content\/uploads\/sites\/138\/2026\/04\/Article-de-presse-journee-de-lutte-contre-le-cancer-du-sein-201x300.jpg 201w, https:\/\/etab.ac-reunion.fr\/lyc-ambroise-vollard\/wp-content\/uploads\/sites\/138\/2026\/04\/Article-de-presse-journee-de-lutte-contre-le-cancer-du-sein-101x150.jpg 101w, https:\/\/etab.ac-reunion.fr\/lyc-ambroise-vollard\/wp-content\/uploads\/sites\/138\/2026\/04\/Article-de-presse-journee-de-lutte-contre-le-cancer-du-sein.jpg 764w\" sizes=\"auto, (max-width: 686px) 100vw, 686px\" \/><\/figure>\n","protected":false},"excerpt":{"rendered":"<p>SENSIBILISER POUR MIEUX LUTTER CONTRE LE CANCER DU SEIN !!!Une action de sensibilisation \u00e0 la lutte contre le cancer du sein a \u00e9t\u00e9 organis\u00e9e au lyc\u00e9e Ambroise Vollard par la classe de Terminale ST2S e n d\u00e9cembre 2025 . Cette initiative, men\u00e9e e n collaboration avec les associations Papaye, Asetis,&#8230;<\/p>\n<p class=\"continue-reading-button\"> <a class=\"continue-reading-link\" href=\"https:\/\/etab.ac-reunion.fr\/lyc-ambroise-vollard\/sensibilisation-a-la-lutte-contre-le-cancer-du-sein\/\">Suite<i class=\"crycon-right-dir\"><\/i><\/a><\/p>\n","protected":false},"author":28728,"featured_media":0,"comment_status":"closed","ping_status":"closed","sticky":true,"template":"","format":"standard","meta":{"footnotes":""},"categories":[1],"tags":[],"class_list":["post-6725","post","type-post","status-publish","format-standard","hentry","category-non-classe"],"_links":{"self":[{"href":"https:\/\/etab.ac-reunion.fr\/lyc-ambroise-vollard\/wp-json\/wp\/v2\/posts\/6725","targetHints":{"allow":["GET"]}}],"collection":[{"href":"https:\/\/etab.ac-reunion.fr\/lyc-ambroise-vollard\/wp-json\/wp\/v2\/posts"}],"about":[{"href":"https:\/\/etab.ac-reunion.fr\/lyc-ambroise-vollard\/wp-json\/wp\/v2\/types\/post"}],"author":[{"embeddable":true,"href":"https:\/\/etab.ac-reunion.fr\/lyc-ambroise-vollard\/wp-json\/wp\/v2\/users\/28728"}],"replies":[{"embeddable":true,"href":"https:\/\/etab.ac-reunion.fr\/lyc-ambroise-vollard\/wp-json\/wp\/v2\/comments?post=6725"}],"version-history":[{"count":2,"href":"https:\/\/etab.ac-reunion.fr\/lyc-ambroise-vollard\/wp-json\/wp\/v2\/posts\/6725\/revisions"}],"predecessor-version":[{"id":6730,"href":"https:\/\/etab.ac-reunion.fr\/lyc-ambroise-vollard\/wp-json\/wp\/v2\/posts\/6725\/revisions\/6730"}],"wp:attachment":[{"href":"https:\/\/etab.ac-reunion.fr\/lyc-ambroise-vollard\/wp-json\/wp\/v2\/media?parent=6725"}],"wp:term":[{"taxonomy":"category","embeddable":true,"href":"https:\/\/etab.ac-reunion.fr\/lyc-ambroise-vollard\/wp-json\/wp\/v2\/categories?post=6725"},{"taxonomy":"post_tag","embeddable":true,"href":"https:\/\/etab.ac-reunion.fr\/lyc-ambroise-vollard\/wp-json\/wp\/v2\/tags?post=6725"}],"curies":[{"name":"wp","href":"https:\/\/api.w.org\/{rel}","templated":true}]}}