{"id":6731,"date":"2026-04-16T08:46:49","date_gmt":"2026-04-16T04:46:49","guid":{"rendered":"https:\/\/etab.ac-reunion.fr\/lyc-ambroise-vollard\/?p=6731"},"modified":"2026-04-16T08:46:49","modified_gmt":"2026-04-16T04:46:49","slug":"preparation-de-la-mobilite-erasmus-aux-canaries","status":"publish","type":"post","link":"https:\/\/etab.ac-reunion.fr\/lyc-ambroise-vollard\/preparation-de-la-mobilite-erasmus-aux-canaries\/","title":{"rendered":"Pr\u00e9paration de la mobilit\u00e9 Erasmus+ aux Canaries"},"content":{"rendered":"\n<p>Dans le cadre de notre projet Erasmus+ avec le lyc\u00e9e Anaga de Santa Cruz de Tenerife aux Canaries, nos 15 \u00e9l\u00e8ves de premi\u00e8re ont retrouv\u00e9 l\u2019association Plantali dans la for\u00eat des Aliz\u00e9s le mardi 24 f\u00e9vrier.<\/p>\n\n\n\n<p>M. Clain nous a pr\u00e9sent\u00e9 l\u2019objectif de l\u2019association et la zone dont elle s\u2019occupe \u00e0 l\u2019entr\u00e9e de la petite plaine dans la for\u00eat de B\u00e9louve.<\/p>\n\n\n\n<p>Cette for\u00eat de 1,9 ha est envahie par plusieurs esp\u00e8ces invasives dont le b\u00e9gonia diad\u00e8me que les \u00e9l\u00e8ves ont arrach\u00e9 en suivant les recommandations&nbsp;: enlever les racines et toutes les petites feuilles qui jonchent le sol et qui pourraient \u00e0 nouveau prendre racine et repousser.<\/p>\n\n\n\n<p>Apr\u00e8s une heure de travail minutieux sur une petite zone, un premier groupe a rempli plusieurs sacs qui ont \u00e9t\u00e9 ramen\u00e9s dans le bas de la for\u00eat tandis qu\u2019un autre groupe s\u2019est occup\u00e9 d\u2019arracher des lianes rouges et de l\u2019ayapana dans une ravine.<\/p>\n\n\n\n<p>Cette activit\u00e9 de d\u00e9couverte et de sensibilisation nous permettra d\u2019\u00e9changer avec nos partenaires qui rencontrent les m\u00eames probl\u00e9matiques avec l\u2019esp\u00e8ce \u2018Rabo de gato\u2019. Lorsque nous serons sur place d\u00e9but mai nous accompagnerons des \u00e9l\u00e8ves espagnols pour arracher cette esp\u00e8ce dans une ravine proche du lyc\u00e9e.<\/p>\n\n\n\n<p>Nous remercions M. Clain de nous avoir accueilli et sensibilis\u00e9 \u00e0 cette probl\u00e9matique.<\/p>\n\n\n\n<p>Plus que 3 semaines avant le grand d\u00e9part pour les Canaries&nbsp;!<\/p>\n\n\n\n<p><em>M. Bridier \u2013 Mme Grangaud<\/em><\/p>\n\n\n\n<figure class=\"wp-block-gallery has-nested-images columns-default is-cropped wp-block-gallery-1 is-layout-flex wp-block-gallery-is-layout-flex\">\n<figure class=\"wp-block-image size-large\"><img loading=\"lazy\" decoding=\"async\" width=\"768\" height=\"1024\" data-id=\"6734\" src=\"https:\/\/etab.ac-reunion.fr\/lyc-ambroise-vollard\/wp-content\/uploads\/sites\/138\/2026\/04\/IMG-20260316-WA0023-768x1024.jpg\" alt=\"\" class=\"wp-image-6734\" srcset=\"https:\/\/etab.ac-reunion.fr\/lyc-ambroise-vollard\/wp-content\/uploads\/sites\/138\/2026\/04\/IMG-20260316-WA0023-768x1024.jpg 768w, https:\/\/etab.ac-reunion.fr\/lyc-ambroise-vollard\/wp-content\/uploads\/sites\/138\/2026\/04\/IMG-20260316-WA0023-225x300.jpg 225w, https:\/\/etab.ac-reunion.fr\/lyc-ambroise-vollard\/wp-content\/uploads\/sites\/138\/2026\/04\/IMG-20260316-WA0023-113x150.jpg 113w, https:\/\/etab.ac-reunion.fr\/lyc-ambroise-vollard\/wp-content\/uploads\/sites\/138\/2026\/04\/IMG-20260316-WA0023-1152x1536.jpg 1152w, https:\/\/etab.ac-reunion.fr\/lyc-ambroise-vollard\/wp-content\/uploads\/sites\/138\/2026\/04\/IMG-20260316-WA0023.jpg 1200w\" sizes=\"auto, (max-width: 768px) 100vw, 768px\" \/><\/figure>\n\n\n\n<figure class=\"wp-block-image size-large\"><img loading=\"lazy\" decoding=\"async\" width=\"768\" height=\"1024\" data-id=\"6737\" src=\"https:\/\/etab.ac-reunion.fr\/lyc-ambroise-vollard\/wp-content\/uploads\/sites\/138\/2026\/04\/20260224_095559-768x1024.jpg\" alt=\"\" class=\"wp-image-6737\" srcset=\"https:\/\/etab.ac-reunion.fr\/lyc-ambroise-vollard\/wp-content\/uploads\/sites\/138\/2026\/04\/20260224_095559-768x1024.jpg 768w, https:\/\/etab.ac-reunion.fr\/lyc-ambroise-vollard\/wp-content\/uploads\/sites\/138\/2026\/04\/20260224_095559-225x300.jpg 225w, https:\/\/etab.ac-reunion.fr\/lyc-ambroise-vollard\/wp-content\/uploads\/sites\/138\/2026\/04\/20260224_095559-113x150.jpg 113w, https:\/\/etab.ac-reunion.fr\/lyc-ambroise-vollard\/wp-content\/uploads\/sites\/138\/2026\/04\/20260224_095559-1152x1536.jpg 1152w, https:\/\/etab.ac-reunion.fr\/lyc-ambroise-vollard\/wp-content\/uploads\/sites\/138\/2026\/04\/20260224_095559-1536x2048.jpg 1536w, https:\/\/etab.ac-reunion.fr\/lyc-ambroise-vollard\/wp-content\/uploads\/sites\/138\/2026\/04\/20260224_095559-scaled.jpg 1920w\" sizes=\"auto, (max-width: 768px) 100vw, 768px\" \/><\/figure>\n\n\n\n<figure class=\"wp-block-image size-large\"><img loading=\"lazy\" decoding=\"async\" width=\"768\" height=\"1024\" data-id=\"6738\" src=\"https:\/\/etab.ac-reunion.fr\/lyc-ambroise-vollard\/wp-content\/uploads\/sites\/138\/2026\/04\/20260224_100348-768x1024.jpg\" alt=\"\" class=\"wp-image-6738\" srcset=\"https:\/\/etab.ac-reunion.fr\/lyc-ambroise-vollard\/wp-content\/uploads\/sites\/138\/2026\/04\/20260224_100348-768x1024.jpg 768w, https:\/\/etab.ac-reunion.fr\/lyc-ambroise-vollard\/wp-content\/uploads\/sites\/138\/2026\/04\/20260224_100348-225x300.jpg 225w, https:\/\/etab.ac-reunion.fr\/lyc-ambroise-vollard\/wp-content\/uploads\/sites\/138\/2026\/04\/20260224_100348-113x150.jpg 113w, https:\/\/etab.ac-reunion.fr\/lyc-ambroise-vollard\/wp-content\/uploads\/sites\/138\/2026\/04\/20260224_100348-1152x1536.jpg 1152w, https:\/\/etab.ac-reunion.fr\/lyc-ambroise-vollard\/wp-content\/uploads\/sites\/138\/2026\/04\/20260224_100348-1536x2048.jpg 1536w, https:\/\/etab.ac-reunion.fr\/lyc-ambroise-vollard\/wp-content\/uploads\/sites\/138\/2026\/04\/20260224_100348-scaled.jpg 1920w\" sizes=\"auto, (max-width: 768px) 100vw, 768px\" \/><\/figure>\n\n\n\n<figure class=\"wp-block-image size-large\"><img loading=\"lazy\" decoding=\"async\" width=\"768\" height=\"1024\" data-id=\"6733\" src=\"https:\/\/etab.ac-reunion.fr\/lyc-ambroise-vollard\/wp-content\/uploads\/sites\/138\/2026\/04\/IMG-20260316-WA0006-768x1024.jpg\" alt=\"\" class=\"wp-image-6733\" srcset=\"https:\/\/etab.ac-reunion.fr\/lyc-ambroise-vollard\/wp-content\/uploads\/sites\/138\/2026\/04\/IMG-20260316-WA0006-768x1024.jpg 768w, https:\/\/etab.ac-reunion.fr\/lyc-ambroise-vollard\/wp-content\/uploads\/sites\/138\/2026\/04\/IMG-20260316-WA0006-225x300.jpg 225w, https:\/\/etab.ac-reunion.fr\/lyc-ambroise-vollard\/wp-content\/uploads\/sites\/138\/2026\/04\/IMG-20260316-WA0006-113x150.jpg 113w, https:\/\/etab.ac-reunion.fr\/lyc-ambroise-vollard\/wp-content\/uploads\/sites\/138\/2026\/04\/IMG-20260316-WA0006-1152x1536.jpg 1152w, https:\/\/etab.ac-reunion.fr\/lyc-ambroise-vollard\/wp-content\/uploads\/sites\/138\/2026\/04\/IMG-20260316-WA0006.jpg 1200w\" sizes=\"auto, (max-width: 768px) 100vw, 768px\" \/><\/figure>\n\n\n\n<figure class=\"wp-block-image size-large\"><img loading=\"lazy\" decoding=\"async\" width=\"1024\" height=\"768\" data-id=\"6736\" src=\"https:\/\/etab.ac-reunion.fr\/lyc-ambroise-vollard\/wp-content\/uploads\/sites\/138\/2026\/04\/IMG-20260316-WA0022-1024x768.jpg\" alt=\"\" class=\"wp-image-6736\" srcset=\"https:\/\/etab.ac-reunion.fr\/lyc-ambroise-vollard\/wp-content\/uploads\/sites\/138\/2026\/04\/IMG-20260316-WA0022-1024x768.jpg 1024w, https:\/\/etab.ac-reunion.fr\/lyc-ambroise-vollard\/wp-content\/uploads\/sites\/138\/2026\/04\/IMG-20260316-WA0022-300x225.jpg 300w, https:\/\/etab.ac-reunion.fr\/lyc-ambroise-vollard\/wp-content\/uploads\/sites\/138\/2026\/04\/IMG-20260316-WA0022-150x113.jpg 150w, https:\/\/etab.ac-reunion.fr\/lyc-ambroise-vollard\/wp-content\/uploads\/sites\/138\/2026\/04\/IMG-20260316-WA0022-768x576.jpg 768w, https:\/\/etab.ac-reunion.fr\/lyc-ambroise-vollard\/wp-content\/uploads\/sites\/138\/2026\/04\/IMG-20260316-WA0022-1536x1152.jpg 1536w, https:\/\/etab.ac-reunion.fr\/lyc-ambroise-vollard\/wp-content\/uploads\/sites\/138\/2026\/04\/IMG-20260316-WA0022.jpg 1600w\" sizes=\"auto, (max-width: 1024px) 100vw, 1024px\" \/><\/figure>\n<\/figure>\n\n\n\n<figure class=\"wp-block-image size-large\"><img loading=\"lazy\" decoding=\"async\" width=\"1024\" height=\"467\" src=\"https:\/\/etab.ac-reunion.fr\/lyc-ambroise-vollard\/wp-content\/uploads\/sites\/138\/2026\/04\/IMG-20260316-WA0004-1-1024x467.jpg\" alt=\"\" class=\"wp-image-6739\" srcset=\"https:\/\/etab.ac-reunion.fr\/lyc-ambroise-vollard\/wp-content\/uploads\/sites\/138\/2026\/04\/IMG-20260316-WA0004-1-1024x467.jpg 1024w, https:\/\/etab.ac-reunion.fr\/lyc-ambroise-vollard\/wp-content\/uploads\/sites\/138\/2026\/04\/IMG-20260316-WA0004-1-300x137.jpg 300w, https:\/\/etab.ac-reunion.fr\/lyc-ambroise-vollard\/wp-content\/uploads\/sites\/138\/2026\/04\/IMG-20260316-WA0004-1-150x68.jpg 150w, https:\/\/etab.ac-reunion.fr\/lyc-ambroise-vollard\/wp-content\/uploads\/sites\/138\/2026\/04\/IMG-20260316-WA0004-1-768x350.jpg 768w, https:\/\/etab.ac-reunion.fr\/lyc-ambroise-vollard\/wp-content\/uploads\/sites\/138\/2026\/04\/IMG-20260316-WA0004-1-1536x700.jpg 1536w, https:\/\/etab.ac-reunion.fr\/lyc-ambroise-vollard\/wp-content\/uploads\/sites\/138\/2026\/04\/IMG-20260316-WA0004-1.jpg 1599w\" sizes=\"auto, (max-width: 1024px) 100vw, 1024px\" \/><\/figure>\n","protected":false},"excerpt":{"rendered":"<p>Dans le cadre de notre projet Erasmus+ avec le lyc\u00e9e Anaga de Santa Cruz de Tenerife aux Canaries, nos 15 \u00e9l\u00e8ves de premi\u00e8re ont retrouv\u00e9 l\u2019association Plantali dans la for\u00eat des Aliz\u00e9s le mardi 24 f\u00e9vrier. M. Clain nous a pr\u00e9sent\u00e9 l\u2019objectif de l\u2019association et la zone dont elle s\u2019occupe&#8230;<\/p>\n<p class=\"continue-reading-button\"> <a class=\"continue-reading-link\" href=\"https:\/\/etab.ac-reunion.fr\/lyc-ambroise-vollard\/preparation-de-la-mobilite-erasmus-aux-canaries\/\">Suite<i class=\"crycon-right-dir\"><\/i><\/a><\/p>\n","protected":false},"author":28728,"featured_media":6739,"comment_status":"closed","ping_status":"closed","sticky":true,"template":"","format":"standard","meta":{"footnotes":""},"categories":[61,65,84],"tags":[],"class_list":["post-6731","post","type-post","status-publish","format-standard","has-post-thumbnail","hentry","category-erasmus","category-international","category-langues"],"_links":{"self":[{"href":"https:\/\/etab.ac-reunion.fr\/lyc-ambroise-vollard\/wp-json\/wp\/v2\/posts\/6731","targetHints":{"allow":["GET"]}}],"collection":[{"href":"https:\/\/etab.ac-reunion.fr\/lyc-ambroise-vollard\/wp-json\/wp\/v2\/posts"}],"about":[{"href":"https:\/\/etab.ac-reunion.fr\/lyc-ambroise-vollard\/wp-json\/wp\/v2\/types\/post"}],"author":[{"embeddable":true,"href":"https:\/\/etab.ac-reunion.fr\/lyc-ambroise-vollard\/wp-json\/wp\/v2\/users\/28728"}],"replies":[{"embeddable":true,"href":"https:\/\/etab.ac-reunion.fr\/lyc-ambroise-vollard\/wp-json\/wp\/v2\/comments?post=6731"}],"version-history":[{"count":1,"href":"https:\/\/etab.ac-reunion.fr\/lyc-ambroise-vollard\/wp-json\/wp\/v2\/posts\/6731\/revisions"}],"predecessor-version":[{"id":6740,"href":"https:\/\/etab.ac-reunion.fr\/lyc-ambroise-vollard\/wp-json\/wp\/v2\/posts\/6731\/revisions\/6740"}],"wp:featuredmedia":[{"embeddable":true,"href":"https:\/\/etab.ac-reunion.fr\/lyc-ambroise-vollard\/wp-json\/wp\/v2\/media\/6739"}],"wp:attachment":[{"href":"https:\/\/etab.ac-reunion.fr\/lyc-ambroise-vollard\/wp-json\/wp\/v2\/media?parent=6731"}],"wp:term":[{"taxonomy":"category","embeddable":true,"href":"https:\/\/etab.ac-reunion.fr\/lyc-ambroise-vollard\/wp-json\/wp\/v2\/categories?post=6731"},{"taxonomy":"post_tag","embeddable":true,"href":"https:\/\/etab.ac-reunion.fr\/lyc-ambroise-vollard\/wp-json\/wp\/v2\/tags?post=6731"}],"curies":[{"name":"wp","href":"https:\/\/api.w.org\/{rel}","templated":true}]}}