{"id":6744,"date":"2026-04-23T07:57:37","date_gmt":"2026-04-23T03:57:37","guid":{"rendered":"https:\/\/etab.ac-reunion.fr\/lyc-ambroise-vollard\/?p=6744"},"modified":"2026-04-23T07:59:39","modified_gmt":"2026-04-23T03:59:39","slug":"journee-academique-de-la-sante","status":"publish","type":"post","link":"https:\/\/etab.ac-reunion.fr\/lyc-ambroise-vollard\/journee-academique-de-la-sante\/","title":{"rendered":"Journ\u00e9e acad\u00e9mique de la sant\u00e9"},"content":{"rendered":"\n<p>Le 9 avril 2026, dans le cadre de la Journ\u00e9e acad\u00e9mique de la sant\u00e9 \u00e0 La R\u00e9union, les ambassadeurs de la sant\u00e9 des classes de Premi\u00e8re et de Terminale ST2S du Lyc\u00e9e Ambroise Vollard ont organis\u00e9 une journ\u00e9e de sensibilisation autour de la sant\u00e9 et de l\u2019environnement.<\/p>\n\n\n\n<p>Men\u00e9e en partenariat avec Les Petits D\u00e9brouillards et avec le soutien de l\u2019assistante sociale Mme Nativel, cette action s\u2019adressait \u00e0 des \u00e9l\u00e8ves allant de l\u2019\u00e9cole primaire au lyc\u00e9e. \u00c0 travers des jeux, des ateliers interactifs et des quiz, les participants ont \u00e9t\u00e9 amen\u00e9s \u00e0 r\u00e9fl\u00e9chir \u00e0 l\u2019importance de vivre dans un environnement sain et aux liens entre sant\u00e9, pollution, alimentation ou encore qualit\u00e9 du cadre de vie.<\/p>\n\n\n\n<p>Cette journ\u00e9e a permis aux \u00e9l\u00e8ves ambassadeurs de transmettre leurs connaissances de mani\u00e8re concr\u00e8te et ludique, tout en d\u00e9veloppant leur engagement citoyen.<\/p>\n\n\n\n<p><\/p>\n\n\n\n<p><em>Rachel Rossolin.  Professeur de STMS<\/em><\/p>\n\n\n\n<p><\/p>\n\n\n\n<div data-wp-interactive=\"core\/file\" class=\"wp-block-file\"><object data-wp-bind--hidden=\"!state.hasPdfPreview\" hidden class=\"wp-block-file__embed\" data=\"https:\/\/etab.ac-reunion.fr\/lyc-ambroise-vollard\/wp-content\/uploads\/sites\/138\/2026\/04\/article-semaine-de-la-sante.pdf\" type=\"application\/pdf\" style=\"width:100%;height:600px\" aria-label=\"Contenu embarqu\u00e9 article semaine de la sante\u0301.\"><\/object><a id=\"wp-block-file--media-297100f2-80a3-475b-a518-a7bd38c3cb18\" href=\"https:\/\/etab.ac-reunion.fr\/lyc-ambroise-vollard\/wp-content\/uploads\/sites\/138\/2026\/04\/article-semaine-de-la-sante.pdf\">article semaine de la sante\u0301<\/a><a href=\"https:\/\/etab.ac-reunion.fr\/lyc-ambroise-vollard\/wp-content\/uploads\/sites\/138\/2026\/04\/article-semaine-de-la-sante.pdf\" class=\"wp-block-file__button wp-element-button\" download aria-describedby=\"wp-block-file--media-297100f2-80a3-475b-a518-a7bd38c3cb18\">T\u00e9l\u00e9charger<\/a><\/div>\n\n\n\n<figure class=\"wp-block-gallery has-nested-images columns-default is-cropped wp-block-gallery-1 is-layout-flex wp-block-gallery-is-layout-flex\">\n<figure class=\"wp-block-image size-large\"><img loading=\"lazy\" decoding=\"async\" width=\"1024\" height=\"768\" data-id=\"6749\" src=\"https:\/\/etab.ac-reunion.fr\/lyc-ambroise-vollard\/wp-content\/uploads\/sites\/138\/2026\/04\/Amb-sante-4-1024x768.jpeg\" alt=\"\" class=\"wp-image-6749\" srcset=\"https:\/\/etab.ac-reunion.fr\/lyc-ambroise-vollard\/wp-content\/uploads\/sites\/138\/2026\/04\/Amb-sante-4-1024x768.jpeg 1024w, https:\/\/etab.ac-reunion.fr\/lyc-ambroise-vollard\/wp-content\/uploads\/sites\/138\/2026\/04\/Amb-sante-4-300x225.jpeg 300w, https:\/\/etab.ac-reunion.fr\/lyc-ambroise-vollard\/wp-content\/uploads\/sites\/138\/2026\/04\/Amb-sante-4-150x113.jpeg 150w, https:\/\/etab.ac-reunion.fr\/lyc-ambroise-vollard\/wp-content\/uploads\/sites\/138\/2026\/04\/Amb-sante-4-768x576.jpeg 768w, https:\/\/etab.ac-reunion.fr\/lyc-ambroise-vollard\/wp-content\/uploads\/sites\/138\/2026\/04\/Amb-sante-4-1536x1152.jpeg 1536w, https:\/\/etab.ac-reunion.fr\/lyc-ambroise-vollard\/wp-content\/uploads\/sites\/138\/2026\/04\/Amb-sante-4-2048x1536.jpeg 2048w\" sizes=\"auto, (max-width: 1024px) 100vw, 1024px\" \/><\/figure>\n<\/figure>\n\n\n\n<figure class=\"wp-block-gallery has-nested-images columns-4 is-cropped wp-block-gallery-2 is-layout-flex wp-block-gallery-is-layout-flex\">\n<figure class=\"wp-block-image size-large\"><img loading=\"lazy\" decoding=\"async\" width=\"768\" height=\"1024\" data-id=\"6748\" src=\"https:\/\/etab.ac-reunion.fr\/lyc-ambroise-vollard\/wp-content\/uploads\/sites\/138\/2026\/04\/Amba-sante-3-768x1024.jpeg\" alt=\"\" class=\"wp-image-6748\" srcset=\"https:\/\/etab.ac-reunion.fr\/lyc-ambroise-vollard\/wp-content\/uploads\/sites\/138\/2026\/04\/Amba-sante-3-768x1024.jpeg 768w, https:\/\/etab.ac-reunion.fr\/lyc-ambroise-vollard\/wp-content\/uploads\/sites\/138\/2026\/04\/Amba-sante-3-225x300.jpeg 225w, https:\/\/etab.ac-reunion.fr\/lyc-ambroise-vollard\/wp-content\/uploads\/sites\/138\/2026\/04\/Amba-sante-3-113x150.jpeg 113w, https:\/\/etab.ac-reunion.fr\/lyc-ambroise-vollard\/wp-content\/uploads\/sites\/138\/2026\/04\/Amba-sante-3-1152x1536.jpeg 1152w, https:\/\/etab.ac-reunion.fr\/lyc-ambroise-vollard\/wp-content\/uploads\/sites\/138\/2026\/04\/Amba-sante-3-1536x2048.jpeg 1536w, https:\/\/etab.ac-reunion.fr\/lyc-ambroise-vollard\/wp-content\/uploads\/sites\/138\/2026\/04\/Amba-sante-3-scaled.jpeg 1920w\" sizes=\"auto, (max-width: 768px) 100vw, 768px\" \/><\/figure>\n\n\n\n<figure class=\"wp-block-image size-large\"><img loading=\"lazy\" decoding=\"async\" width=\"768\" height=\"1024\" data-id=\"6747\" src=\"https:\/\/etab.ac-reunion.fr\/lyc-ambroise-vollard\/wp-content\/uploads\/sites\/138\/2026\/04\/amb-sante-5-768x1024.jpeg\" alt=\"\" class=\"wp-image-6747\" srcset=\"https:\/\/etab.ac-reunion.fr\/lyc-ambroise-vollard\/wp-content\/uploads\/sites\/138\/2026\/04\/amb-sante-5-768x1024.jpeg 768w, https:\/\/etab.ac-reunion.fr\/lyc-ambroise-vollard\/wp-content\/uploads\/sites\/138\/2026\/04\/amb-sante-5-225x300.jpeg 225w, https:\/\/etab.ac-reunion.fr\/lyc-ambroise-vollard\/wp-content\/uploads\/sites\/138\/2026\/04\/amb-sante-5-113x150.jpeg 113w, https:\/\/etab.ac-reunion.fr\/lyc-ambroise-vollard\/wp-content\/uploads\/sites\/138\/2026\/04\/amb-sante-5-1152x1536.jpeg 1152w, https:\/\/etab.ac-reunion.fr\/lyc-ambroise-vollard\/wp-content\/uploads\/sites\/138\/2026\/04\/amb-sante-5-1536x2048.jpeg 1536w, https:\/\/etab.ac-reunion.fr\/lyc-ambroise-vollard\/wp-content\/uploads\/sites\/138\/2026\/04\/amb-sante-5-scaled.jpeg 1920w\" sizes=\"auto, (max-width: 768px) 100vw, 768px\" \/><\/figure>\n\n\n\n<figure class=\"wp-block-image size-large\"><img loading=\"lazy\" decoding=\"async\" width=\"768\" height=\"1024\" data-id=\"6746\" src=\"https:\/\/etab.ac-reunion.fr\/lyc-ambroise-vollard\/wp-content\/uploads\/sites\/138\/2026\/04\/Amb-sante-2-768x1024.jpeg\" alt=\"\" class=\"wp-image-6746\" srcset=\"https:\/\/etab.ac-reunion.fr\/lyc-ambroise-vollard\/wp-content\/uploads\/sites\/138\/2026\/04\/Amb-sante-2-768x1024.jpeg 768w, https:\/\/etab.ac-reunion.fr\/lyc-ambroise-vollard\/wp-content\/uploads\/sites\/138\/2026\/04\/Amb-sante-2-225x300.jpeg 225w, https:\/\/etab.ac-reunion.fr\/lyc-ambroise-vollard\/wp-content\/uploads\/sites\/138\/2026\/04\/Amb-sante-2-113x150.jpeg 113w, https:\/\/etab.ac-reunion.fr\/lyc-ambroise-vollard\/wp-content\/uploads\/sites\/138\/2026\/04\/Amb-sante-2-1152x1536.jpeg 1152w, https:\/\/etab.ac-reunion.fr\/lyc-ambroise-vollard\/wp-content\/uploads\/sites\/138\/2026\/04\/Amb-sante-2-1536x2048.jpeg 1536w, https:\/\/etab.ac-reunion.fr\/lyc-ambroise-vollard\/wp-content\/uploads\/sites\/138\/2026\/04\/Amb-sante-2-scaled.jpeg 1920w\" sizes=\"auto, (max-width: 768px) 100vw, 768px\" \/><\/figure>\n\n\n\n<figure class=\"wp-block-image size-large\"><img loading=\"lazy\" decoding=\"async\" width=\"576\" height=\"1024\" data-id=\"6745\" src=\"https:\/\/etab.ac-reunion.fr\/lyc-ambroise-vollard\/wp-content\/uploads\/sites\/138\/2026\/04\/Ambas-sante-1-576x1024.jpg\" alt=\"\" class=\"wp-image-6745\" srcset=\"https:\/\/etab.ac-reunion.fr\/lyc-ambroise-vollard\/wp-content\/uploads\/sites\/138\/2026\/04\/Ambas-sante-1-576x1024.jpg 576w, https:\/\/etab.ac-reunion.fr\/lyc-ambroise-vollard\/wp-content\/uploads\/sites\/138\/2026\/04\/Ambas-sante-1-169x300.jpg 169w, https:\/\/etab.ac-reunion.fr\/lyc-ambroise-vollard\/wp-content\/uploads\/sites\/138\/2026\/04\/Ambas-sante-1-84x150.jpg 84w, https:\/\/etab.ac-reunion.fr\/lyc-ambroise-vollard\/wp-content\/uploads\/sites\/138\/2026\/04\/Ambas-sante-1-768x1365.jpg 768w, https:\/\/etab.ac-reunion.fr\/lyc-ambroise-vollard\/wp-content\/uploads\/sites\/138\/2026\/04\/Ambas-sante-1-864x1536.jpg 864w, https:\/\/etab.ac-reunion.fr\/lyc-ambroise-vollard\/wp-content\/uploads\/sites\/138\/2026\/04\/Ambas-sante-1-1152x2048.jpg 1152w, https:\/\/etab.ac-reunion.fr\/lyc-ambroise-vollard\/wp-content\/uploads\/sites\/138\/2026\/04\/Ambas-sante-1-scaled.jpg 1440w\" sizes=\"auto, (max-width: 576px) 100vw, 576px\" \/><\/figure>\n<\/figure>\n","protected":false},"excerpt":{"rendered":"<p>Le 9 avril 2026, dans le cadre de la Journ\u00e9e acad\u00e9mique de la sant\u00e9 \u00e0 La R\u00e9union, les ambassadeurs de la sant\u00e9 des classes de Premi\u00e8re et de Terminale ST2S du Lyc\u00e9e Ambroise Vollard ont organis\u00e9 une journ\u00e9e de sensibilisation autour de la sant\u00e9 et de l\u2019environnement. Men\u00e9e en partenariat&#8230;<\/p>\n<p class=\"continue-reading-button\"> <a class=\"continue-reading-link\" href=\"https:\/\/etab.ac-reunion.fr\/lyc-ambroise-vollard\/journee-academique-de-la-sante\/\">Suite<i class=\"crycon-right-dir\"><\/i><\/a><\/p>\n","protected":false},"author":28728,"featured_media":6749,"comment_status":"closed","ping_status":"closed","sticky":true,"template":"","format":"standard","meta":{"footnotes":""},"categories":[93],"tags":[],"class_list":["post-6744","post","type-post","status-publish","format-standard","has-post-thumbnail","hentry","category-stms"],"_links":{"self":[{"href":"https:\/\/etab.ac-reunion.fr\/lyc-ambroise-vollard\/wp-json\/wp\/v2\/posts\/6744","targetHints":{"allow":["GET"]}}],"collection":[{"href":"https:\/\/etab.ac-reunion.fr\/lyc-ambroise-vollard\/wp-json\/wp\/v2\/posts"}],"about":[{"href":"https:\/\/etab.ac-reunion.fr\/lyc-ambroise-vollard\/wp-json\/wp\/v2\/types\/post"}],"author":[{"embeddable":true,"href":"https:\/\/etab.ac-reunion.fr\/lyc-ambroise-vollard\/wp-json\/wp\/v2\/users\/28728"}],"replies":[{"embeddable":true,"href":"https:\/\/etab.ac-reunion.fr\/lyc-ambroise-vollard\/wp-json\/wp\/v2\/comments?post=6744"}],"version-history":[{"count":2,"href":"https:\/\/etab.ac-reunion.fr\/lyc-ambroise-vollard\/wp-json\/wp\/v2\/posts\/6744\/revisions"}],"predecessor-version":[{"id":6754,"href":"https:\/\/etab.ac-reunion.fr\/lyc-ambroise-vollard\/wp-json\/wp\/v2\/posts\/6744\/revisions\/6754"}],"wp:featuredmedia":[{"embeddable":true,"href":"https:\/\/etab.ac-reunion.fr\/lyc-ambroise-vollard\/wp-json\/wp\/v2\/media\/6749"}],"wp:attachment":[{"href":"https:\/\/etab.ac-reunion.fr\/lyc-ambroise-vollard\/wp-json\/wp\/v2\/media?parent=6744"}],"wp:term":[{"taxonomy":"category","embeddable":true,"href":"https:\/\/etab.ac-reunion.fr\/lyc-ambroise-vollard\/wp-json\/wp\/v2\/categories?post=6744"},{"taxonomy":"post_tag","embeddable":true,"href":"https:\/\/etab.ac-reunion.fr\/lyc-ambroise-vollard\/wp-json\/wp\/v2\/tags?post=6744"}],"curies":[{"name":"wp","href":"https:\/\/api.w.org\/{rel}","templated":true}]}}