{"id":3410,"date":"2021-11-25T15:06:42","date_gmt":"2021-11-25T11:06:42","guid":{"rendered":"http:\/\/lycee-amiral-lacaze.ac-reunion.fr\/?p=3410"},"modified":"2022-11-10T11:10:41","modified_gmt":"2022-11-10T07:10:41","slug":"journee-mondiale-de-lutte-contre-le-sida","status":"publish","type":"post","link":"https:\/\/etab.ac-reunion.fr\/lyc-amiral-lacaze\/2021\/11\/25\/journee-mondiale-de-lutte-contre-le-sida\/","title":{"rendered":"Journ\u00e9e mondiale de lutte contre le sida"},"content":{"rendered":"<p>&nbsp;<\/p>\n<p><img loading=\"lazy\" decoding=\"async\" class=\" wp-image-3413 alignleft\" src=\"https:\/\/etab.ac-reunion.fr\/lyc-amiral-lacaze\/wp-content\/uploads\/sites\/52\/2021\/11\/lutte-contre-le-sida-2021.jpg\" alt=\"\" width=\"385\" height=\"256\" srcset=\"https:\/\/etab.ac-reunion.fr\/lyc-amiral-lacaze\/wp-content\/uploads\/sites\/52\/2021\/11\/lutte-contre-le-sida-2021.jpg 275w, https:\/\/etab.ac-reunion.fr\/lyc-amiral-lacaze\/wp-content\/uploads\/sites\/52\/2021\/11\/lutte-contre-le-sida-2021-150x100.jpg 150w\" sizes=\"auto, (max-width: 385px) 100vw, 385px\" \/>A l&rsquo;occasion de la Journ\u00e9e mondiale de lutte contre le SIDA, L&rsquo;infirmi\u00e8re propose d&rsquo;accueillir les \u00e9l\u00e8ves et leurs enseignants pour un \u00e9change sur la maladie du SIDA. Un stand d&rsquo;exposition sera install\u00e9 dans la cour du lyc\u00e9e.<\/p>\n<p style=\"text-align: center\"><strong><span style=\"font-size: 22pt\">MARDI 30 NOVEMBRE 2021<\/span> <\/strong><\/p>\n<p style=\"text-align: center\"><strong><span style=\"font-size: 22pt\">de 8h30 \u00e0 11h30<\/span><\/strong><\/p>\n<p style=\"text-align: center\"><strong><span style=\"font-size: 20pt;color: #ff0000\">VENEZ NOMBREUX<\/span><\/strong><\/p>\n","protected":false},"excerpt":{"rendered":"<p>&nbsp; A l&rsquo;occasion de la Journ\u00e9e mondiale de lutte contre le SIDA, L&rsquo;infirmi\u00e8re propose d&rsquo;accueillir les \u00e9l\u00e8ves et leurs enseignants<\/p>\n<p> <a class=\"continue-reading-link\" href=\"https:\/\/etab.ac-reunion.fr\/lyc-amiral-lacaze\/2021\/11\/25\/journee-mondiale-de-lutte-contre-le-sida\/\"><span>Lire la suite<\/span><i class=\"crycon-right-dir\"><\/i><\/a> <\/p>\n","protected":false},"author":30060,"featured_media":0,"comment_status":"closed","ping_status":"closed","sticky":false,"template":"","format":"standard","meta":{"footnotes":""},"categories":[31],"tags":[],"class_list":["post-3410","post","type-post","status-publish","format-standard","hentry","category-archives-2021-2022"],"_links":{"self":[{"href":"https:\/\/etab.ac-reunion.fr\/lyc-amiral-lacaze\/wp-json\/wp\/v2\/posts\/3410","targetHints":{"allow":["GET"]}}],"collection":[{"href":"https:\/\/etab.ac-reunion.fr\/lyc-amiral-lacaze\/wp-json\/wp\/v2\/posts"}],"about":[{"href":"https:\/\/etab.ac-reunion.fr\/lyc-amiral-lacaze\/wp-json\/wp\/v2\/types\/post"}],"author":[{"embeddable":true,"href":"https:\/\/etab.ac-reunion.fr\/lyc-amiral-lacaze\/wp-json\/wp\/v2\/users\/30060"}],"replies":[{"embeddable":true,"href":"https:\/\/etab.ac-reunion.fr\/lyc-amiral-lacaze\/wp-json\/wp\/v2\/comments?post=3410"}],"version-history":[{"count":4,"href":"https:\/\/etab.ac-reunion.fr\/lyc-amiral-lacaze\/wp-json\/wp\/v2\/posts\/3410\/revisions"}],"predecessor-version":[{"id":3416,"href":"https:\/\/etab.ac-reunion.fr\/lyc-amiral-lacaze\/wp-json\/wp\/v2\/posts\/3410\/revisions\/3416"}],"wp:attachment":[{"href":"https:\/\/etab.ac-reunion.fr\/lyc-amiral-lacaze\/wp-json\/wp\/v2\/media?parent=3410"}],"wp:term":[{"taxonomy":"category","embeddable":true,"href":"https:\/\/etab.ac-reunion.fr\/lyc-amiral-lacaze\/wp-json\/wp\/v2\/categories?post=3410"},{"taxonomy":"post_tag","embeddable":true,"href":"https:\/\/etab.ac-reunion.fr\/lyc-amiral-lacaze\/wp-json\/wp\/v2\/tags?post=3410"}],"curies":[{"name":"wp","href":"https:\/\/api.w.org\/{rel}","templated":true}]}}