{"id":3418,"date":"2021-12-06T09:33:13","date_gmt":"2021-12-06T05:33:13","guid":{"rendered":"http:\/\/lycee-amiral-lacaze.ac-reunion.fr\/?p=3418"},"modified":"2022-11-10T11:10:49","modified_gmt":"2022-11-10T07:10:49","slug":"ou-se-faire-vacciner-contre-la-covid-19","status":"publish","type":"post","link":"https:\/\/etab.ac-reunion.fr\/lyc-amiral-lacaze\/2021\/12\/06\/ou-se-faire-vacciner-contre-la-covid-19\/","title":{"rendered":"O\u00f9 se faire vacciner contre la covid-19 ?"},"content":{"rendered":"<p><span style=\"font-family: verdana, geneva, sans-serif;font-size: large\"><img loading=\"lazy\" decoding=\"async\" class=\"size-medium wp-image-3432 alignleft\" src=\"https:\/\/etab.ac-reunion.fr\/lyc-amiral-lacaze\/wp-content\/uploads\/sites\/52\/2021\/12\/phpLwDONn-300x225.jpg\" alt=\"\" width=\"300\" height=\"225\" srcset=\"https:\/\/etab.ac-reunion.fr\/lyc-amiral-lacaze\/wp-content\/uploads\/sites\/52\/2021\/12\/phpLwDONn-300x225.jpg 300w, https:\/\/etab.ac-reunion.fr\/lyc-amiral-lacaze\/wp-content\/uploads\/sites\/52\/2021\/12\/phpLwDONn-150x113.jpg 150w, https:\/\/etab.ac-reunion.fr\/lyc-amiral-lacaze\/wp-content\/uploads\/sites\/52\/2021\/12\/phpLwDONn-768x576.jpg 768w, https:\/\/etab.ac-reunion.fr\/lyc-amiral-lacaze\/wp-content\/uploads\/sites\/52\/2021\/12\/phpLwDONn-400x300.jpg 400w, https:\/\/etab.ac-reunion.fr\/lyc-amiral-lacaze\/wp-content\/uploads\/sites\/52\/2021\/12\/phpLwDONn.jpg 1200w\" sizes=\"auto, (max-width: 300px) 100vw, 300px\" \/><\/span><\/p>\n<p>&nbsp;<\/p>\n<p><span style=\"font-family: verdana, geneva, sans-serif;font-size: large\">Les <strong>\u00e9l\u00e8ves et adultes<\/strong> pourront se faire vacciner dans les lieux de vaccination suivants (centres \u00e9ph\u00e9m\u00e8res et vaccinobus) aux dates pr\u00e9cis\u00e9es ci dessous:<br \/>\n<\/span><\/p>\n<h5><strong><span style=\"font-family: verdana, geneva, sans-serif;font-size: large\"><span style=\"text-decoration: underline\"><span style=\"font-size: 24pt\">Vaccinobus<\/span><\/span><\/span><\/strong><\/h5>\n<table>\n<tbody>\n<tr>\n<td>\n<h4><span style=\"font-family: verdana, geneva, sans-serif;font-size: 20pt\">Saint-Pierre (Parking de Mr Bricolage)<\/span><\/h4>\n<ul>\n<li><span style=\"font-family: verdana, geneva, sans-serif\">Les 26 et 27 novembre<\/span><br \/>\n<span style=\"font-family: verdana, geneva, sans-serif\">De 8h30 \u00e0 18h<\/span><\/li>\n<\/ul>\n<\/td>\n<\/tr>\n<tr>\n<td>\n<h4><span style=\"font-family: verdana, geneva, sans-serif;font-size: 20pt\">Saint-Paul (Le Guillaume &#8211; Place de l&rsquo;\u00e9glise)<\/span><\/h4>\n<ul>\n<li><span style=\"font-family: verdana, geneva, sans-serif\">Le 29 novembre<\/span><br \/>\n<span style=\"font-family: verdana, geneva, sans-serif\">De 8h30 \u00e0 18h<\/span><\/li>\n<\/ul>\n<\/td>\n<\/tr>\n<tr>\n<td>\n<h4><span style=\"font-family: verdana, geneva, sans-serif;font-size: 20pt\">Bras-Panon (Place Michel Debr\u00e9 en face de la mairie)<\/span><\/h4>\n<ul>\n<li><span style=\"font-family: verdana, geneva, sans-serif\">Le 6 d\u00e9cembre<\/span><br \/>\n<span style=\"font-family: verdana, geneva, sans-serif\">De 8h30 \u00e0 17h30<\/span><\/li>\n<\/ul>\n<\/td>\n<\/tr>\n<tr>\n<td>\n<h4><span style=\"font-family: verdana, geneva, sans-serif;font-size: 20pt\">Saint-Louis (Gare routi\u00e8re)<\/span><\/h4>\n<ul>\n<li><span style=\"font-family: verdana, geneva, sans-serif\">Le 7 d\u00e9cembre<\/span><br \/>\n<span style=\"font-family: verdana, geneva, sans-serif\">De 8h30 \u00e0 18h<\/span><\/li>\n<\/ul>\n<\/td>\n<\/tr>\n<tr>\n<td>\n<h4><span style=\"font-family: verdana, geneva, sans-serif;font-size: 20pt\">Saint-Denis (RUN Market du Chaudron)<\/span><\/h4>\n<ul>\n<li><span style=\"font-family: verdana, geneva, sans-serif\">Le 8 d\u00e9cembre<\/span><br \/>\n<span style=\"font-family: verdana, geneva, sans-serif\">De 8h \u00e0 18h<\/span><\/li>\n<\/ul>\n<\/td>\n<\/tr>\n<\/tbody>\n<\/table>\n<h5><strong><span style=\"font-family: verdana, geneva, sans-serif;font-size: large\"><span style=\"text-decoration: underline\"><span style=\"font-size: 24pt\">Autres op\u00e9rations<\/span><\/span><\/span><\/strong><\/h5>\n<table>\n<tbody>\n<tr>\n<td>\n<h4><span style=\"font-family: verdana, geneva, sans-serif;font-size: 20pt\">\u00c0 Saint-Louis &#8211; Les Makes (Mairie annexe)<\/span><\/h4>\n<ul>\n<li><span style=\"font-family: verdana, geneva, sans-serif\">Le 30 novembre<\/span><br \/>\n<span style=\"font-family: verdana, geneva, sans-serif\">De 8h30 \u00e0 17h<\/span><\/li>\n<\/ul>\n<\/td>\n<\/tr>\n<tr>\n<td>\n<h4><span style=\"font-family: verdana, geneva, sans-serif;font-size: 20pt\">La Possession &#8211; Moulin Joli (Ti LCA Local commun r\u00e9sidentiel)<\/span><\/h4>\n<ul>\n<li><span style=\"font-family: verdana, geneva, sans-serif\">Le 11 d\u00e9cembre<\/span><br \/>\n<span style=\"font-family: verdana, geneva, sans-serif\">De 8h30 \u00e0 17h30<\/span><\/li>\n<\/ul>\n<\/td>\n<\/tr>\n<\/tbody>\n<\/table>\n","protected":false},"excerpt":{"rendered":"<p>&nbsp; Les \u00e9l\u00e8ves et adultes pourront se faire vacciner dans les lieux de vaccination suivants (centres \u00e9ph\u00e9m\u00e8res et vaccinobus) aux<\/p>\n<p> <a class=\"continue-reading-link\" href=\"https:\/\/etab.ac-reunion.fr\/lyc-amiral-lacaze\/2021\/12\/06\/ou-se-faire-vacciner-contre-la-covid-19\/\"><span>Lire la suite<\/span><i class=\"crycon-right-dir\"><\/i><\/a> <\/p>\n","protected":false},"author":30060,"featured_media":3432,"comment_status":"closed","ping_status":"closed","sticky":false,"template":"","format":"standard","meta":{"footnotes":""},"categories":[31],"tags":[],"class_list":["post-3418","post","type-post","status-publish","format-standard","has-post-thumbnail","hentry","category-archives-2021-2022"],"_links":{"self":[{"href":"https:\/\/etab.ac-reunion.fr\/lyc-amiral-lacaze\/wp-json\/wp\/v2\/posts\/3418","targetHints":{"allow":["GET"]}}],"collection":[{"href":"https:\/\/etab.ac-reunion.fr\/lyc-amiral-lacaze\/wp-json\/wp\/v2\/posts"}],"about":[{"href":"https:\/\/etab.ac-reunion.fr\/lyc-amiral-lacaze\/wp-json\/wp\/v2\/types\/post"}],"author":[{"embeddable":true,"href":"https:\/\/etab.ac-reunion.fr\/lyc-amiral-lacaze\/wp-json\/wp\/v2\/users\/30060"}],"replies":[{"embeddable":true,"href":"https:\/\/etab.ac-reunion.fr\/lyc-amiral-lacaze\/wp-json\/wp\/v2\/comments?post=3418"}],"version-history":[{"count":17,"href":"https:\/\/etab.ac-reunion.fr\/lyc-amiral-lacaze\/wp-json\/wp\/v2\/posts\/3418\/revisions"}],"predecessor-version":[{"id":3436,"href":"https:\/\/etab.ac-reunion.fr\/lyc-amiral-lacaze\/wp-json\/wp\/v2\/posts\/3418\/revisions\/3436"}],"wp:featuredmedia":[{"embeddable":true,"href":"https:\/\/etab.ac-reunion.fr\/lyc-amiral-lacaze\/wp-json\/wp\/v2\/media\/3432"}],"wp:attachment":[{"href":"https:\/\/etab.ac-reunion.fr\/lyc-amiral-lacaze\/wp-json\/wp\/v2\/media?parent=3418"}],"wp:term":[{"taxonomy":"category","embeddable":true,"href":"https:\/\/etab.ac-reunion.fr\/lyc-amiral-lacaze\/wp-json\/wp\/v2\/categories?post=3418"},{"taxonomy":"post_tag","embeddable":true,"href":"https:\/\/etab.ac-reunion.fr\/lyc-amiral-lacaze\/wp-json\/wp\/v2\/tags?post=3418"}],"curies":[{"name":"wp","href":"https:\/\/api.w.org\/{rel}","templated":true}]}}