{"id":3438,"date":"2021-11-30T14:01:25","date_gmt":"2021-11-30T10:01:25","guid":{"rendered":"http:\/\/lycee-amiral-lacaze.ac-reunion.fr\/?p=3438"},"modified":"2022-11-10T11:10:45","modified_gmt":"2022-11-10T07:10:45","slug":"journee-mondiale-de-lutte-contre-le-sida-2","status":"publish","type":"post","link":"https:\/\/etab.ac-reunion.fr\/lyc-amiral-lacaze\/2021\/11\/30\/journee-mondiale-de-lutte-contre-le-sida-2\/","title":{"rendered":"Journ\u00e9e Mondiale de lutte contre le SIDA"},"content":{"rendered":"<p><img loading=\"lazy\" decoding=\"async\" class=\"size-full wp-image-3413 alignleft\" src=\"https:\/\/etab.ac-reunion.fr\/lyc-amiral-lacaze\/wp-content\/uploads\/sites\/52\/2021\/11\/lutte-contre-le-sida-2021.jpg\" alt=\"\" width=\"275\" height=\"183\" srcset=\"https:\/\/etab.ac-reunion.fr\/lyc-amiral-lacaze\/wp-content\/uploads\/sites\/52\/2021\/11\/lutte-contre-le-sida-2021.jpg 275w, https:\/\/etab.ac-reunion.fr\/lyc-amiral-lacaze\/wp-content\/uploads\/sites\/52\/2021\/11\/lutte-contre-le-sida-2021-150x100.jpg 150w\" sizes=\"auto, (max-width: 275px) 100vw, 275px\" \/>Le Mardi 30 Novembre, \u00e0 l&rsquo;occasion de la <strong>Journ\u00e9e Mondiale de lutte contre le SIDA,<\/strong> Madame CAZAL (Infirmi\u00e8re du lyc\u00e9e) a accueilli plusieurs classes, autour d&rsquo;un stand pour informer les \u00e9l\u00e8ves sur les risques li\u00e9s au SIDA.<br \/>\nAu cours de cette matin\u00e9e de pr\u00e9vention, les \u00e9l\u00e8ves ont pu \u00e9changer malgr\u00e9 la grande timidit\u00e9 de certains dans ce domaine. Madame CAZAL tient \u00e0 remercier l&rsquo;ensemble des professeurs qui ont collabor\u00e9 \u00e0 la r\u00e9ussite de cet \u00e9v\u00e9nement.<\/p>\n<p>&nbsp;<\/p>\n<div class=\"su-custom-gallery su-custom-gallery-align-left su-custom-gallery-title-never su-lightbox-gallery\"><div class=\"su-custom-gallery-slide\" style=\"width:200px;height:200px\"><a href=\"https:\/\/etab.ac-reunion.fr\/lyc-amiral-lacaze\/wp-content\/uploads\/sites\/52\/2021\/12\/IMG-5057_censored.jpg\" title=\"IMG-5057_censored\"><img loading=\"lazy\" decoding=\"async\" src=\"https:\/\/etab.ac-reunion.fr\/lyc-amiral-lacaze\/wp-content\/uploads\/sites\/52\/2021\/12\/IMG-5057_censored.jpg\" alt=\"IMG-5057_censored\" width=\"200\" height=\"200\" \/><span class=\"su-custom-gallery-title\">IMG-5057_censored<\/span><\/a><\/div><div class=\"su-custom-gallery-slide\" style=\"width:200px;height:200px\"><a href=\"https:\/\/etab.ac-reunion.fr\/lyc-amiral-lacaze\/wp-content\/uploads\/sites\/52\/2021\/12\/IMG-5058_censored.jpg\" title=\"IMG-5058_censored\"><img loading=\"lazy\" decoding=\"async\" src=\"https:\/\/etab.ac-reunion.fr\/lyc-amiral-lacaze\/wp-content\/uploads\/sites\/52\/2021\/12\/IMG-5058_censored.jpg\" alt=\"IMG-5058_censored\" width=\"200\" height=\"200\" \/><span class=\"su-custom-gallery-title\">IMG-5058_censored<\/span><\/a><\/div><div class=\"su-custom-gallery-slide\" style=\"width:200px;height:200px\"><a href=\"https:\/\/etab.ac-reunion.fr\/lyc-amiral-lacaze\/wp-content\/uploads\/sites\/52\/2021\/12\/IMG-5059_censored.jpg\" title=\"IMG-5059_censored\"><img loading=\"lazy\" decoding=\"async\" src=\"https:\/\/etab.ac-reunion.fr\/lyc-amiral-lacaze\/wp-content\/uploads\/sites\/52\/2021\/12\/IMG-5059_censored.jpg\" alt=\"IMG-5059_censored\" width=\"200\" height=\"200\" \/><span class=\"su-custom-gallery-title\">IMG-5059_censored<\/span><\/a><\/div><div class=\"su-custom-gallery-slide\" style=\"width:200px;height:200px\"><a href=\"https:\/\/etab.ac-reunion.fr\/lyc-amiral-lacaze\/wp-content\/uploads\/sites\/52\/2021\/12\/IMG-5055-scaled.jpg\" title=\"IMG-5055\"><img loading=\"lazy\" decoding=\"async\" src=\"https:\/\/etab.ac-reunion.fr\/lyc-amiral-lacaze\/wp-content\/uploads\/sites\/52\/2021\/12\/IMG-5055-scaled.jpg\" alt=\"IMG-5055\" width=\"200\" height=\"200\" \/><span class=\"su-custom-gallery-title\">IMG-5055<\/span><\/a><\/div><div class=\"su-clear\"><\/div><\/div>\n","protected":false},"excerpt":{"rendered":"<p>Le Mardi 30 Novembre, \u00e0 l&rsquo;occasion de la Journ\u00e9e Mondiale de lutte contre le SIDA, Madame CAZAL (Infirmi\u00e8re du lyc\u00e9e)<\/p>\n<p> <a class=\"continue-reading-link\" href=\"https:\/\/etab.ac-reunion.fr\/lyc-amiral-lacaze\/2021\/11\/30\/journee-mondiale-de-lutte-contre-le-sida-2\/\"><span>Lire la suite<\/span><i class=\"crycon-right-dir\"><\/i><\/a> <\/p>\n","protected":false},"author":30060,"featured_media":3444,"comment_status":"closed","ping_status":"closed","sticky":false,"template":"","format":"standard","meta":{"footnotes":""},"categories":[31],"tags":[],"class_list":["post-3438","post","type-post","status-publish","format-standard","has-post-thumbnail","hentry","category-archives-2021-2022"],"_links":{"self":[{"href":"https:\/\/etab.ac-reunion.fr\/lyc-amiral-lacaze\/wp-json\/wp\/v2\/posts\/3438","targetHints":{"allow":["GET"]}}],"collection":[{"href":"https:\/\/etab.ac-reunion.fr\/lyc-amiral-lacaze\/wp-json\/wp\/v2\/posts"}],"about":[{"href":"https:\/\/etab.ac-reunion.fr\/lyc-amiral-lacaze\/wp-json\/wp\/v2\/types\/post"}],"author":[{"embeddable":true,"href":"https:\/\/etab.ac-reunion.fr\/lyc-amiral-lacaze\/wp-json\/wp\/v2\/users\/30060"}],"replies":[{"embeddable":true,"href":"https:\/\/etab.ac-reunion.fr\/lyc-amiral-lacaze\/wp-json\/wp\/v2\/comments?post=3438"}],"version-history":[{"count":6,"href":"https:\/\/etab.ac-reunion.fr\/lyc-amiral-lacaze\/wp-json\/wp\/v2\/posts\/3438\/revisions"}],"predecessor-version":[{"id":3449,"href":"https:\/\/etab.ac-reunion.fr\/lyc-amiral-lacaze\/wp-json\/wp\/v2\/posts\/3438\/revisions\/3449"}],"wp:featuredmedia":[{"embeddable":true,"href":"https:\/\/etab.ac-reunion.fr\/lyc-amiral-lacaze\/wp-json\/wp\/v2\/media\/3444"}],"wp:attachment":[{"href":"https:\/\/etab.ac-reunion.fr\/lyc-amiral-lacaze\/wp-json\/wp\/v2\/media?parent=3438"}],"wp:term":[{"taxonomy":"category","embeddable":true,"href":"https:\/\/etab.ac-reunion.fr\/lyc-amiral-lacaze\/wp-json\/wp\/v2\/categories?post=3438"},{"taxonomy":"post_tag","embeddable":true,"href":"https:\/\/etab.ac-reunion.fr\/lyc-amiral-lacaze\/wp-json\/wp\/v2\/tags?post=3438"}],"curies":[{"name":"wp","href":"https:\/\/api.w.org\/{rel}","templated":true}]}}