{"id":4508,"date":"2022-06-13T09:48:00","date_gmt":"2022-06-13T05:48:00","guid":{"rendered":"http:\/\/lycee-amiral-lacaze.ac-reunion.fr\/?p=4508"},"modified":"2022-11-10T11:08:19","modified_gmt":"2022-11-10T07:08:19","slug":"ceremonie-de-remise-de-diplome-promotion-2022","status":"publish","type":"post","link":"https:\/\/etab.ac-reunion.fr\/lyc-amiral-lacaze\/2022\/06\/13\/ceremonie-de-remise-de-diplome-promotion-2022\/","title":{"rendered":"C\u00e9r\u00e9monie de remise de dipl\u00f4me &#8211; promotion 2022 &#8211;"},"content":{"rendered":"<p style=\"text-align: left\"><img loading=\"lazy\" decoding=\"async\" class=\"alignnone size-large wp-image-4510\" src=\"https:\/\/etab.ac-reunion.fr\/lyc-amiral-lacaze\/wp-content\/uploads\/sites\/52\/2022\/06\/IMG-6915-1-765x1024.jpg\" alt=\"\" width=\"765\" height=\"1024\" srcset=\"https:\/\/etab.ac-reunion.fr\/lyc-amiral-lacaze\/wp-content\/uploads\/sites\/52\/2022\/06\/IMG-6915-1-765x1024.jpg 765w, https:\/\/etab.ac-reunion.fr\/lyc-amiral-lacaze\/wp-content\/uploads\/sites\/52\/2022\/06\/IMG-6915-1-200x268.jpg 200w, https:\/\/etab.ac-reunion.fr\/lyc-amiral-lacaze\/wp-content\/uploads\/sites\/52\/2022\/06\/IMG-6915-1-400x535.jpg 400w, https:\/\/etab.ac-reunion.fr\/lyc-amiral-lacaze\/wp-content\/uploads\/sites\/52\/2022\/06\/IMG-6915-1-224x300.jpg 224w, https:\/\/etab.ac-reunion.fr\/lyc-amiral-lacaze\/wp-content\/uploads\/sites\/52\/2022\/06\/IMG-6915-1-768x1028.jpg 768w, https:\/\/etab.ac-reunion.fr\/lyc-amiral-lacaze\/wp-content\/uploads\/sites\/52\/2022\/06\/IMG-6915-1-1148x1536.jpg 1148w, https:\/\/etab.ac-reunion.fr\/lyc-amiral-lacaze\/wp-content\/uploads\/sites\/52\/2022\/06\/IMG-6915-1-1530x2048.jpg 1530w, https:\/\/etab.ac-reunion.fr\/lyc-amiral-lacaze\/wp-content\/uploads\/sites\/52\/2022\/06\/IMG-6915-1-112x150.jpg 112w, https:\/\/etab.ac-reunion.fr\/lyc-amiral-lacaze\/wp-content\/uploads\/sites\/52\/2022\/06\/IMG-6915-1-scaled.jpg 1913w\" sizes=\"auto, (max-width: 765px) 100vw, 765px\" \/>C\u00e9r\u00e9monie de remise de dipl\u00f4me<br \/>\nPromotion 2022<br \/>\nle 06 juillet 2022 \u00e0 partir 17h au lyc\u00e9e.<\/p>\n","protected":false},"excerpt":{"rendered":"<p>C\u00e9r\u00e9monie de remise de dipl\u00f4me Promotion 2022 le 06 juillet 2022 \u00e0 partir 17h au lyc\u00e9e.<\/p>\n<p> <a class=\"continue-reading-link\" href=\"https:\/\/etab.ac-reunion.fr\/lyc-amiral-lacaze\/2022\/06\/13\/ceremonie-de-remise-de-diplome-promotion-2022\/\"><span>Lire la suite<\/span><i class=\"crycon-right-dir\"><\/i><\/a> <\/p>\n","protected":false},"author":30060,"featured_media":4534,"comment_status":"closed","ping_status":"closed","sticky":false,"template":"","format":"standard","meta":{"footnotes":""},"categories":[31],"tags":[],"class_list":["post-4508","post","type-post","status-publish","format-standard","has-post-thumbnail","hentry","category-archives-2021-2022"],"_links":{"self":[{"href":"https:\/\/etab.ac-reunion.fr\/lyc-amiral-lacaze\/wp-json\/wp\/v2\/posts\/4508","targetHints":{"allow":["GET"]}}],"collection":[{"href":"https:\/\/etab.ac-reunion.fr\/lyc-amiral-lacaze\/wp-json\/wp\/v2\/posts"}],"about":[{"href":"https:\/\/etab.ac-reunion.fr\/lyc-amiral-lacaze\/wp-json\/wp\/v2\/types\/post"}],"author":[{"embeddable":true,"href":"https:\/\/etab.ac-reunion.fr\/lyc-amiral-lacaze\/wp-json\/wp\/v2\/users\/30060"}],"replies":[{"embeddable":true,"href":"https:\/\/etab.ac-reunion.fr\/lyc-amiral-lacaze\/wp-json\/wp\/v2\/comments?post=4508"}],"version-history":[{"count":2,"href":"https:\/\/etab.ac-reunion.fr\/lyc-amiral-lacaze\/wp-json\/wp\/v2\/posts\/4508\/revisions"}],"predecessor-version":[{"id":4537,"href":"https:\/\/etab.ac-reunion.fr\/lyc-amiral-lacaze\/wp-json\/wp\/v2\/posts\/4508\/revisions\/4537"}],"wp:featuredmedia":[{"embeddable":true,"href":"https:\/\/etab.ac-reunion.fr\/lyc-amiral-lacaze\/wp-json\/wp\/v2\/media\/4534"}],"wp:attachment":[{"href":"https:\/\/etab.ac-reunion.fr\/lyc-amiral-lacaze\/wp-json\/wp\/v2\/media?parent=4508"}],"wp:term":[{"taxonomy":"category","embeddable":true,"href":"https:\/\/etab.ac-reunion.fr\/lyc-amiral-lacaze\/wp-json\/wp\/v2\/categories?post=4508"},{"taxonomy":"post_tag","embeddable":true,"href":"https:\/\/etab.ac-reunion.fr\/lyc-amiral-lacaze\/wp-json\/wp\/v2\/tags?post=4508"}],"curies":[{"name":"wp","href":"https:\/\/api.w.org\/{rel}","templated":true}]}}