{"id":4634,"date":"2021-09-15T09:30:56","date_gmt":"2021-09-15T05:30:56","guid":{"rendered":"http:\/\/lycee-amiral-lacaze.ac-reunion.fr\/?p=4634"},"modified":"2022-11-10T11:10:00","modified_gmt":"2022-11-10T07:10:00","slug":"intervention-dun-avocat-specialiste-du-doit-du-travail","status":"publish","type":"post","link":"https:\/\/etab.ac-reunion.fr\/lyc-amiral-lacaze\/2021\/09\/15\/intervention-dun-avocat-specialiste-du-doit-du-travail\/","title":{"rendered":"Intervention d&rsquo;un avocat sp\u00e9cialiste du doit du travail"},"content":{"rendered":"<div dir=\"auto\">intervention de Ma\u00eetre Chafi Akhoun pour une introduction au droit du travail a nos \u00e9tudiants de 2eme ann\u00e9e.<\/div>\n<div dir=\"auto\"><\/div>\n<div dir=\"auto\">Il a \u00e9galement pr\u00e9sent\u00e9 le r\u00f4le de l&rsquo;avocat dans l&rsquo;organisation judiciaire, nous a apport\u00e9 des anecdotes ( cas concrets et jugements rendus).<\/div>\n<div dir=\"auto\"><\/div>\n<div dir=\"auto\"><div class=\"su-custom-gallery su-custom-gallery-align-left su-custom-gallery-title-never su-lightbox-gallery\"><div class=\"su-custom-gallery-slide\" style=\"width:160px;height:90px\"><a href=\"https:\/\/etab.ac-reunion.fr\/lyc-amiral-lacaze\/wp-content\/uploads\/sites\/52\/2022\/06\/IMG-20210929-WA0004-scaled.jpeg\" target=\"_blank\" title=\"IMG-20210929-WA0004\"><img loading=\"lazy\" decoding=\"async\" src=\"https:\/\/etab.ac-reunion.fr\/lyc-amiral-lacaze\/wp-content\/uploads\/sites\/52\/2022\/06\/IMG-20210929-WA0004-scaled.jpeg\" alt=\"IMG-20210929-WA0004\" width=\"160\" height=\"90\" \/><span class=\"su-custom-gallery-title\">IMG-20210929-WA0004<\/span><\/a><\/div><div class=\"su-custom-gallery-slide\" style=\"width:160px;height:90px\"><a href=\"https:\/\/etab.ac-reunion.fr\/lyc-amiral-lacaze\/wp-content\/uploads\/sites\/52\/2022\/06\/20210929_094423-scaled.jpg\" target=\"_blank\" title=\"20210929_094423\"><img loading=\"lazy\" decoding=\"async\" src=\"https:\/\/etab.ac-reunion.fr\/lyc-amiral-lacaze\/wp-content\/uploads\/sites\/52\/2022\/06\/20210929_094423-scaled.jpg\" alt=\"20210929_094423\" width=\"160\" height=\"90\" \/><span class=\"su-custom-gallery-title\">20210929_094423<\/span><\/a><\/div><div class=\"su-custom-gallery-slide\" style=\"width:160px;height:90px\"><a href=\"https:\/\/etab.ac-reunion.fr\/lyc-amiral-lacaze\/wp-content\/uploads\/sites\/52\/2022\/06\/20210929_094417-scaled.jpg\" target=\"_blank\" title=\"20210929_094417\"><img loading=\"lazy\" decoding=\"async\" src=\"https:\/\/etab.ac-reunion.fr\/lyc-amiral-lacaze\/wp-content\/uploads\/sites\/52\/2022\/06\/20210929_094417-scaled.jpg\" alt=\"20210929_094417\" width=\"160\" height=\"90\" \/><span class=\"su-custom-gallery-title\">20210929_094417<\/span><\/a><\/div><div class=\"su-clear\"><\/div><\/div><\/div>\n","protected":false},"excerpt":{"rendered":"<p>intervention de Ma\u00eetre Chafi Akhoun pour une introduction au droit du travail a nos \u00e9tudiants de 2eme ann\u00e9e. Il a<\/p>\n<p> <a class=\"continue-reading-link\" href=\"https:\/\/etab.ac-reunion.fr\/lyc-amiral-lacaze\/2021\/09\/15\/intervention-dun-avocat-specialiste-du-doit-du-travail\/\"><span>Lire la suite<\/span><i class=\"crycon-right-dir\"><\/i><\/a> <\/p>\n","protected":false},"author":30060,"featured_media":0,"comment_status":"closed","ping_status":"closed","sticky":false,"template":"","format":"standard","meta":{"footnotes":""},"categories":[31],"tags":[],"class_list":["post-4634","post","type-post","status-publish","format-standard","hentry","category-archives-2021-2022"],"_links":{"self":[{"href":"https:\/\/etab.ac-reunion.fr\/lyc-amiral-lacaze\/wp-json\/wp\/v2\/posts\/4634","targetHints":{"allow":["GET"]}}],"collection":[{"href":"https:\/\/etab.ac-reunion.fr\/lyc-amiral-lacaze\/wp-json\/wp\/v2\/posts"}],"about":[{"href":"https:\/\/etab.ac-reunion.fr\/lyc-amiral-lacaze\/wp-json\/wp\/v2\/types\/post"}],"author":[{"embeddable":true,"href":"https:\/\/etab.ac-reunion.fr\/lyc-amiral-lacaze\/wp-json\/wp\/v2\/users\/30060"}],"replies":[{"embeddable":true,"href":"https:\/\/etab.ac-reunion.fr\/lyc-amiral-lacaze\/wp-json\/wp\/v2\/comments?post=4634"}],"version-history":[{"count":1,"href":"https:\/\/etab.ac-reunion.fr\/lyc-amiral-lacaze\/wp-json\/wp\/v2\/posts\/4634\/revisions"}],"predecessor-version":[{"id":4638,"href":"https:\/\/etab.ac-reunion.fr\/lyc-amiral-lacaze\/wp-json\/wp\/v2\/posts\/4634\/revisions\/4638"}],"wp:attachment":[{"href":"https:\/\/etab.ac-reunion.fr\/lyc-amiral-lacaze\/wp-json\/wp\/v2\/media?parent=4634"}],"wp:term":[{"taxonomy":"category","embeddable":true,"href":"https:\/\/etab.ac-reunion.fr\/lyc-amiral-lacaze\/wp-json\/wp\/v2\/categories?post=4634"},{"taxonomy":"post_tag","embeddable":true,"href":"https:\/\/etab.ac-reunion.fr\/lyc-amiral-lacaze\/wp-json\/wp\/v2\/tags?post=4634"}],"curies":[{"name":"wp","href":"https:\/\/api.w.org\/{rel}","templated":true}]}}