{"id":9439,"date":"2026-02-13T15:13:13","date_gmt":"2026-02-13T11:13:13","guid":{"rendered":"https:\/\/etab.ac-reunion.fr\/lyc-amiral-lacaze\/?p=9439"},"modified":"2026-02-23T08:49:46","modified_gmt":"2026-02-23T04:49:46","slug":"exposition-percevoir","status":"publish","type":"post","link":"https:\/\/etab.ac-reunion.fr\/lyc-amiral-lacaze\/2026\/02\/13\/exposition-percevoir\/","title":{"rendered":"EXPOSITION PERCEVOIR"},"content":{"rendered":"\n<div class=\"wp-block-media-text is-stacked-on-mobile\"><figure class=\"wp-block-media-text__media\"><img loading=\"lazy\" decoding=\"async\" width=\"819\" height=\"1024\" src=\"https:\/\/etab.ac-reunion.fr\/lyc-amiral-lacaze\/wp-content\/uploads\/sites\/52\/2026\/02\/percevoir-819x1024.png\" alt=\"\" class=\"wp-image-9440 size-full\" srcset=\"https:\/\/etab.ac-reunion.fr\/lyc-amiral-lacaze\/wp-content\/uploads\/sites\/52\/2026\/02\/percevoir-819x1024.png 819w, https:\/\/etab.ac-reunion.fr\/lyc-amiral-lacaze\/wp-content\/uploads\/sites\/52\/2026\/02\/percevoir-240x300.png 240w, https:\/\/etab.ac-reunion.fr\/lyc-amiral-lacaze\/wp-content\/uploads\/sites\/52\/2026\/02\/percevoir-768x960.png 768w, https:\/\/etab.ac-reunion.fr\/lyc-amiral-lacaze\/wp-content\/uploads\/sites\/52\/2026\/02\/percevoir-120x150.png 120w, https:\/\/etab.ac-reunion.fr\/lyc-amiral-lacaze\/wp-content\/uploads\/sites\/52\/2026\/02\/percevoir-360x450.png 360w, https:\/\/etab.ac-reunion.fr\/lyc-amiral-lacaze\/wp-content\/uploads\/sites\/52\/2026\/02\/percevoir.png 1080w\" sizes=\"auto, (max-width: 819px) 100vw, 819px\" \/><\/figure><div class=\"wp-block-media-text__content\">\n<p>Dans le cadre du dispositif Gu\u00e9tali port\u00e9 par la R\u00e9gion R\u00e9union, notre lyc\u00e9e a eu le privil\u00e8ge d\u2019accueillir pendant quinze jours l\u2019artiste L&rsquo;1D1 et son exposition <strong>PERCEVOIR<\/strong>.<\/p>\n\n\n\n<p>Cette installation artistique a transform\u00e9 l\u2019\u00e9tablissement en un v\u00e9ritable espace de d\u00e9couverte et de dialogue. \u00c0 travers des \u0153uvres vibrantes et expressives, l\u2019artiste invite \u00e0 porter un nouveau regard sur la faune r\u00e9unionnaise, qu\u2019il r\u00e9interpr\u00e8te avec une sensibilit\u00e9 singuli\u00e8re. Ses cr\u00e9ations, nourries par une calligraphie dite abstraite, m\u00ealent formes, mouvements et couleurs dans une approche \u00e0 la fois po\u00e9tique et contemporaine.<\/p>\n\n\n\n<p>Au-del\u00e0 de l\u2019exposition, des temps de m\u00e9diation et des ateliers ont permis aux \u00e9l\u00e8ves d\u2019entrer au c\u0153ur du processus cr\u00e9atif. Ces \u00e9changes privil\u00e9gi\u00e9s ont favoris\u00e9 la compr\u00e9hension des \u0153uvres, stimul\u00e9 l\u2019imaginaire et encourag\u00e9 l\u2019expression personnelle des participants.<\/p>\n\n\n\n<p><strong>PERCEVOIR<\/strong> a ainsi offert \u00e0 toute la communaut\u00e9 scolaire une immersion artistique haute en couleurs, riche en d\u00e9couvertes et en \u00e9motions, tout en valorisant le patrimoine naturel et culturel de La R\u00e9union.<\/p>\n<\/div><\/div>\n","protected":false},"excerpt":{"rendered":"<p>Dans le cadre du dispositif Gu\u00e9tali port\u00e9 par la R\u00e9gion R\u00e9union, notre lyc\u00e9e a eu le privil\u00e8ge d\u2019accueillir pendant quinze<\/p>\n<p> <a class=\"continue-reading-link\" href=\"https:\/\/etab.ac-reunion.fr\/lyc-amiral-lacaze\/2026\/02\/13\/exposition-percevoir\/\"><span>Lire la suite<\/span><i class=\"crycon-right-dir\"><\/i><\/a> <\/p>\n","protected":false},"author":38644,"featured_media":9440,"comment_status":"closed","ping_status":"closed","sticky":false,"template":"","format":"standard","meta":{"footnotes":""},"categories":[58,5],"tags":[],"class_list":["post-9439","post","type-post","status-publish","format-standard","has-post-thumbnail","hentry","category-accueil","category-articles-recents"],"_links":{"self":[{"href":"https:\/\/etab.ac-reunion.fr\/lyc-amiral-lacaze\/wp-json\/wp\/v2\/posts\/9439","targetHints":{"allow":["GET"]}}],"collection":[{"href":"https:\/\/etab.ac-reunion.fr\/lyc-amiral-lacaze\/wp-json\/wp\/v2\/posts"}],"about":[{"href":"https:\/\/etab.ac-reunion.fr\/lyc-amiral-lacaze\/wp-json\/wp\/v2\/types\/post"}],"author":[{"embeddable":true,"href":"https:\/\/etab.ac-reunion.fr\/lyc-amiral-lacaze\/wp-json\/wp\/v2\/users\/38644"}],"replies":[{"embeddable":true,"href":"https:\/\/etab.ac-reunion.fr\/lyc-amiral-lacaze\/wp-json\/wp\/v2\/comments?post=9439"}],"version-history":[{"count":1,"href":"https:\/\/etab.ac-reunion.fr\/lyc-amiral-lacaze\/wp-json\/wp\/v2\/posts\/9439\/revisions"}],"predecessor-version":[{"id":9441,"href":"https:\/\/etab.ac-reunion.fr\/lyc-amiral-lacaze\/wp-json\/wp\/v2\/posts\/9439\/revisions\/9441"}],"wp:featuredmedia":[{"embeddable":true,"href":"https:\/\/etab.ac-reunion.fr\/lyc-amiral-lacaze\/wp-json\/wp\/v2\/media\/9440"}],"wp:attachment":[{"href":"https:\/\/etab.ac-reunion.fr\/lyc-amiral-lacaze\/wp-json\/wp\/v2\/media?parent=9439"}],"wp:term":[{"taxonomy":"category","embeddable":true,"href":"https:\/\/etab.ac-reunion.fr\/lyc-amiral-lacaze\/wp-json\/wp\/v2\/categories?post=9439"},{"taxonomy":"post_tag","embeddable":true,"href":"https:\/\/etab.ac-reunion.fr\/lyc-amiral-lacaze\/wp-json\/wp\/v2\/tags?post=9439"}],"curies":[{"name":"wp","href":"https:\/\/api.w.org\/{rel}","templated":true}]}}