{"id":9585,"date":"2026-03-23T14:29:54","date_gmt":"2026-03-23T10:29:54","guid":{"rendered":"https:\/\/etab.ac-reunion.fr\/lyc-amiral-lacaze\/?p=9585"},"modified":"2026-03-23T14:31:04","modified_gmt":"2026-03-23T10:31:04","slug":"des-eco-delegues-engages-pour-sensibiliser-a-lenvironnement-dans-les-ecoles-et-colleges","status":"publish","type":"post","link":"https:\/\/etab.ac-reunion.fr\/lyc-amiral-lacaze\/2026\/03\/23\/des-eco-delegues-engages-pour-sensibiliser-a-lenvironnement-dans-les-ecoles-et-colleges\/","title":{"rendered":"Des \u00e9co-d\u00e9l\u00e9gu\u00e9s engag\u00e9s pour sensibiliser \u00e0 l\u2019environnement dans les \u00e9coles et coll\u00e8ges"},"content":{"rendered":"\n<p><strong><u>ODD 11&nbsp;: Villes et communaut\u00e9s durables&nbsp;:<\/u><\/strong> Faire en sorte que les villes et les \u00e9tablissements humains soient ouverts \u00e0 tous, s\u00fbrs, r\u00e9silients et durables.<\/p>\n\n\n\n<p><strong><u>ODD 14&nbsp;: Vie aquatique&nbsp;:<\/u><\/strong> Conserver et exploiter de mani\u00e8re durable les oc\u00e9ans, les mers et les ressources marines aux fins du d\u00e9veloppement durable.<\/p>\n\n\n\n<p><strong><u>ODD 15&nbsp;: Vie terrestre&nbsp;:<\/u><\/strong> Pr\u00e9server et restaurer les \u00e9cosyst\u00e8mes terrestres.<\/p>\n\n\n\n<div class=\"wp-block-columns is-layout-flex wp-container-core-columns-is-layout-9d6595d7 wp-block-columns-is-layout-flex\">\n<div class=\"wp-block-column is-layout-flow wp-block-column-is-layout-flow\">\n<figure class=\"wp-block-image size-full\"><img loading=\"lazy\" decoding=\"async\" width=\"565\" height=\"425\" src=\"https:\/\/etab.ac-reunion.fr\/lyc-amiral-lacaze\/wp-content\/uploads\/sites\/52\/2026\/03\/photo1.jpg\" alt=\"\" class=\"wp-image-9587\" srcset=\"https:\/\/etab.ac-reunion.fr\/lyc-amiral-lacaze\/wp-content\/uploads\/sites\/52\/2026\/03\/photo1.jpg 565w, https:\/\/etab.ac-reunion.fr\/lyc-amiral-lacaze\/wp-content\/uploads\/sites\/52\/2026\/03\/photo1-300x226.jpg 300w, https:\/\/etab.ac-reunion.fr\/lyc-amiral-lacaze\/wp-content\/uploads\/sites\/52\/2026\/03\/photo1-150x113.jpg 150w\" sizes=\"auto, (max-width: 565px) 100vw, 565px\" \/><\/figure>\n\n\n\n<figure class=\"wp-block-image size-full\"><img loading=\"lazy\" decoding=\"async\" width=\"558\" height=\"420\" src=\"https:\/\/etab.ac-reunion.fr\/lyc-amiral-lacaze\/wp-content\/uploads\/sites\/52\/2026\/03\/photo-2.jpg\" alt=\"\" class=\"wp-image-9588\" srcset=\"https:\/\/etab.ac-reunion.fr\/lyc-amiral-lacaze\/wp-content\/uploads\/sites\/52\/2026\/03\/photo-2.jpg 558w, https:\/\/etab.ac-reunion.fr\/lyc-amiral-lacaze\/wp-content\/uploads\/sites\/52\/2026\/03\/photo-2-300x226.jpg 300w, https:\/\/etab.ac-reunion.fr\/lyc-amiral-lacaze\/wp-content\/uploads\/sites\/52\/2026\/03\/photo-2-150x113.jpg 150w\" sizes=\"auto, (max-width: 558px) 100vw, 558px\" \/><\/figure>\n<\/div>\n\n\n\n<div class=\"wp-block-column is-layout-flow wp-block-column-is-layout-flow\">\n<p>Dans le cadre du projet \u00ab Eco-toupies \u00bb et du Projet Professionnel de la classe de Premi\u00e8re baccalaur\u00e9at professionnelle \u00ab Plastiques Composites \u00bb, des \u00e9l\u00e8ves par bin\u00f4me sont all\u00e9s pr\u00e9senter un stand sur le recyclage de bouchons plastiques (\u00e9galement collect\u00e9s dans le r\u00e9seau scolaire environnant) au Coll\u00e8ge du Chaudron le 11 d\u00e9cembre 2025 lors de leur semaine EDD, aux \u00e9l\u00e8ves du Coll\u00e8ge des deux canons le 13 novembre 2025 lors du Forum des formations et aussi \u00e0 l\u2019\u00e9cole maternelle et primaire Notre Dame de la Paix de Sainte-Clotilde le 5 novembre 2025. <\/p>\n\n\n\n<p>A cette occasion ils ont pr\u00e9sent\u00e9 les familles de plastiques et ont fabriqu\u00e9 \u00e0 partir de bouchons broy\u00e9s des toupies \u00e0 l\u2019aide d\u2019une presse qu\u2019ils ont offerts aux \u00e9l\u00e8ves sensibilis\u00e9s \u2026 Pour les \u00e9l\u00e8ves d\u2019\u00e9cole \u00e9l\u00e9mentaire, ils ont \u00e9galement pr\u00e9sent\u00e9 une animation sur les cons\u00e9quences de la pollution plastique.<\/p>\n<\/div>\n<\/div>\n\n\n<div class=\"wp-block-image\">\n<figure class=\"aligncenter size-full\"><img loading=\"lazy\" decoding=\"async\" width=\"652\" height=\"403\" src=\"https:\/\/etab.ac-reunion.fr\/lyc-amiral-lacaze\/wp-content\/uploads\/sites\/52\/2026\/03\/photo3.png\" alt=\"\" class=\"wp-image-9586\" srcset=\"https:\/\/etab.ac-reunion.fr\/lyc-amiral-lacaze\/wp-content\/uploads\/sites\/52\/2026\/03\/photo3.png 652w, https:\/\/etab.ac-reunion.fr\/lyc-amiral-lacaze\/wp-content\/uploads\/sites\/52\/2026\/03\/photo3-300x185.png 300w, https:\/\/etab.ac-reunion.fr\/lyc-amiral-lacaze\/wp-content\/uploads\/sites\/52\/2026\/03\/photo3-150x93.png 150w\" sizes=\"auto, (max-width: 652px) 100vw, 652px\" \/><\/figure>\n<\/div>","protected":false},"excerpt":{"rendered":"<p>ODD 11&nbsp;: Villes et communaut\u00e9s durables&nbsp;: Faire en sorte que les villes et les \u00e9tablissements humains soient ouverts \u00e0 tous,<\/p>\n<p> <a class=\"continue-reading-link\" href=\"https:\/\/etab.ac-reunion.fr\/lyc-amiral-lacaze\/2026\/03\/23\/des-eco-delegues-engages-pour-sensibiliser-a-lenvironnement-dans-les-ecoles-et-colleges\/\"><span>Lire la suite<\/span><i class=\"crycon-right-dir\"><\/i><\/a> <\/p>\n","protected":false},"author":30060,"featured_media":9586,"comment_status":"closed","ping_status":"closed","sticky":false,"template":"","format":"standard","meta":{"footnotes":""},"categories":[61],"tags":[],"class_list":["post-9585","post","type-post","status-publish","format-standard","has-post-thumbnail","hentry","category-edd"],"_links":{"self":[{"href":"https:\/\/etab.ac-reunion.fr\/lyc-amiral-lacaze\/wp-json\/wp\/v2\/posts\/9585","targetHints":{"allow":["GET"]}}],"collection":[{"href":"https:\/\/etab.ac-reunion.fr\/lyc-amiral-lacaze\/wp-json\/wp\/v2\/posts"}],"about":[{"href":"https:\/\/etab.ac-reunion.fr\/lyc-amiral-lacaze\/wp-json\/wp\/v2\/types\/post"}],"author":[{"embeddable":true,"href":"https:\/\/etab.ac-reunion.fr\/lyc-amiral-lacaze\/wp-json\/wp\/v2\/users\/30060"}],"replies":[{"embeddable":true,"href":"https:\/\/etab.ac-reunion.fr\/lyc-amiral-lacaze\/wp-json\/wp\/v2\/comments?post=9585"}],"version-history":[{"count":1,"href":"https:\/\/etab.ac-reunion.fr\/lyc-amiral-lacaze\/wp-json\/wp\/v2\/posts\/9585\/revisions"}],"predecessor-version":[{"id":9589,"href":"https:\/\/etab.ac-reunion.fr\/lyc-amiral-lacaze\/wp-json\/wp\/v2\/posts\/9585\/revisions\/9589"}],"wp:featuredmedia":[{"embeddable":true,"href":"https:\/\/etab.ac-reunion.fr\/lyc-amiral-lacaze\/wp-json\/wp\/v2\/media\/9586"}],"wp:attachment":[{"href":"https:\/\/etab.ac-reunion.fr\/lyc-amiral-lacaze\/wp-json\/wp\/v2\/media?parent=9585"}],"wp:term":[{"taxonomy":"category","embeddable":true,"href":"https:\/\/etab.ac-reunion.fr\/lyc-amiral-lacaze\/wp-json\/wp\/v2\/categories?post=9585"},{"taxonomy":"post_tag","embeddable":true,"href":"https:\/\/etab.ac-reunion.fr\/lyc-amiral-lacaze\/wp-json\/wp\/v2\/tags?post=9585"}],"curies":[{"name":"wp","href":"https:\/\/api.w.org\/{rel}","templated":true}]}}