{"id":10833,"date":"2025-04-17T09:34:27","date_gmt":"2025-04-17T05:34:27","guid":{"rendered":"https:\/\/etab.ac-reunion.fr\/lyc-antoine-de-saint-exupery\/?p=10833"},"modified":"2025-04-17T09:53:49","modified_gmt":"2025-04-17T05:53:49","slug":"concours-academique-de-calcul-mental-kaskoko-2025-un-gagnant-au-lycee-antoine-de-saint-exupery","status":"publish","type":"post","link":"https:\/\/etab.ac-reunion.fr\/lyc-antoine-de-saint-exupery\/concours-academique-de-calcul-mental-kaskoko-2025-un-gagnant-au-lycee-antoine-de-saint-exupery\/","title":{"rendered":"Concours acad\u00e9mique de calcul mental KASKOKO 2025\u00a0: un gagnant au Lyc\u00e9e Antoine de Saint-Exup\u00e9ry"},"content":{"rendered":"\n<ul class=\"wp-block-list\">\n<li>Pour la troisi\u00e8me ann\u00e9e cons\u00e9cutive, le Lyc\u00e9e des Avirons a particip\u00e9 au concours acad\u00e9mique de calcul mental qui r\u00e9unit tous les \u00e9l\u00e8ves de l\u2019enseignement professionnel.<\/li>\n<\/ul>\n\n\n\n<ul class=\"wp-block-list\">\n<li>A l\u2019issue des diff\u00e9rentes \u00e9tapes du concours, notre \u00e9l\u00e8ve <strong><u>GOURDIALSING ALLAN-DENNYS de la classe de 1\u00e8re GA-MCV <\/u><\/strong>a remport\u00e9 la finale acad\u00e9mique du concours Kaskoko 2025 qui s\u2019est d\u00e9roul\u00e9 le vendredi 28 mars au Lyc\u00e9e Patu de Rosemont.<\/li>\n<\/ul>\n\n\n\n<ul class=\"wp-block-list\">\n<li>Ce concours a pour but d\u2019aider les \u00e9l\u00e8ves \u00e0 ma\u00eetriser le calcul mental (addition, soustraction, multiplication, calcul avec les puissances de 10, r\u00e9solution des \u00e9quations simples, calcul alg\u00e9brique).<\/li>\n<\/ul>\n\n\n\n<ul class=\"wp-block-list\">\n<li>Il permet \u00e9galement de\u00a0:<\/li>\n<\/ul>\n\n\n\n<p>&#8211;&nbsp;&nbsp;&nbsp;&nbsp;&nbsp;&nbsp;&nbsp; Motiver les \u00e9l\u00e8ves dans l\u2019apprentissage des calculs automatis\u00e9s.<\/p>\n\n\n\n<p>&#8211;&nbsp;&nbsp;&nbsp;&nbsp;&nbsp;&nbsp;&nbsp; Valoriser les r\u00e9ussites des \u00e9l\u00e8ves du lyc\u00e9e professionnel.<\/p>\n\n\n\n<p>&#8211;&nbsp;&nbsp;&nbsp;&nbsp;&nbsp;&nbsp;&nbsp; Favoriser l\u2019installation de temps d\u00e9di\u00e9s aux automatismes dans la pratique de classe.<\/p>\n\n\n\n<p>&#8211;&nbsp;&nbsp;&nbsp;&nbsp;&nbsp;&nbsp;&nbsp; Favoriser le travail collaboratif entre \u00e9tablissements.<\/p>\n\n\n\n<ul class=\"wp-block-list\">\n<li>Les 11 classes de la section d\u2019enseignement professionnel du lyc\u00e9e (2 classes de CAP et 9 classes de BAC PRO) ont particip\u00e9 au concours en \u00e9tant r\u00e9parti en 3 groupes\u00a0:<\/li>\n<\/ul>\n\n\n\n<p>&#8211;&nbsp;&nbsp;&nbsp;&nbsp;&nbsp;&nbsp;&nbsp; PREMIER GROUPE : les \u00e9l\u00e8ves de seconde CAP et de terminale CAP<\/p>\n\n\n\n<p>&#8211;&nbsp;&nbsp;&nbsp;&nbsp;&nbsp;&nbsp;&nbsp; DEUXI\u00c8ME GROUPE : les \u00e9l\u00e8ves de seconde BAC PRO<\/p>\n\n\n\n<p>&#8211;&nbsp;&nbsp;&nbsp;&nbsp;&nbsp;&nbsp;&nbsp; TROISI\u00c8ME GROUPE : les \u00e9l\u00e8ves de premi\u00e8re et de terminale BAC PRO<\/p>\n\n\n\n<p>Les \u00e9l\u00e8ves se sont affront\u00e9s en phases qualificatives, en finale \u00e9tablissement et en finale du bassin. Pour les phases qualificatives, trois \u00e9l\u00e8ves de chaque classe ont \u00e9t\u00e9 s\u00e9lectionn\u00e9s.<\/p>\n\n\n\n<ul class=\"wp-block-list\">\n<li>A l\u2019issue de la finale \u00e9tablissement, deux \u00e9l\u00e8ves de chaque groupe ont \u00e9t\u00e9 qualifi\u00e9s pour la finale du bassin sud qui s\u2019est d\u00e9roul\u00e9e le jeudi 20 mars au Lyc\u00e9e Roches Maigres\u00a0:<\/li>\n<\/ul>\n\n\n\n<ul class=\"wp-block-list\">\n<li>GOURDIALSING ALLAN-DENNYS en 1\u00e8re GA-MCV<\/li>\n\n\n\n<li>TECHER MELINA en T GA-MCV<\/li>\n\n\n\n<li>CADET MATHIS en 2nd MRC<\/li>\n\n\n\n<li>GENCE NOAH en 2nd MRC<\/li>\n\n\n\n<li>PROMI MATTEO en CAP 2 EPC<\/li>\n\n\n\n<li>REBOUL GABRIEL en CAP 2 EPC<\/li>\n<\/ul>\n\n\n\n<p>L\u2019\u00e9l\u00e8ve GOURDIALSING ALLAN-DENNYS en 1\u00e8re GA-MCV a termin\u00e9 troisi\u00e8me de la finale du bassin sud et a \u00e9t\u00e9 qualifi\u00e9 pour la finale acad\u00e9mique qu\u2019il a ensuite remport\u00e9 brillamment.<\/p>\n\n\n\n<p><strong><u>Finale du bassin sud au Lyc\u00e9e Roches Maigres<\/u><\/strong><\/p>\n\n\n\n<figure class=\"wp-block-image size-full\"><img loading=\"lazy\" decoding=\"async\" width=\"523\" height=\"391\" src=\"https:\/\/etab.ac-reunion.fr\/lyc-antoine-de-saint-exupery\/wp-content\/uploads\/sites\/59\/2025\/04\/1.jpg\" alt=\"\" class=\"wp-image-10834\" srcset=\"https:\/\/etab.ac-reunion.fr\/lyc-antoine-de-saint-exupery\/wp-content\/uploads\/sites\/59\/2025\/04\/1.jpg 523w, https:\/\/etab.ac-reunion.fr\/lyc-antoine-de-saint-exupery\/wp-content\/uploads\/sites\/59\/2025\/04\/1-300x224.jpg 300w\" sizes=\"auto, (max-width: 523px) 100vw, 523px\" \/><\/figure>\n\n\n\n<figure class=\"wp-block-image size-large\"><img loading=\"lazy\" decoding=\"async\" width=\"682\" height=\"1024\" src=\"https:\/\/etab.ac-reunion.fr\/lyc-antoine-de-saint-exupery\/wp-content\/uploads\/sites\/59\/2025\/04\/2-682x1024.jpg\" alt=\"\" class=\"wp-image-10835\" srcset=\"https:\/\/etab.ac-reunion.fr\/lyc-antoine-de-saint-exupery\/wp-content\/uploads\/sites\/59\/2025\/04\/2-682x1024.jpg 682w, https:\/\/etab.ac-reunion.fr\/lyc-antoine-de-saint-exupery\/wp-content\/uploads\/sites\/59\/2025\/04\/2-200x300.jpg 200w, https:\/\/etab.ac-reunion.fr\/lyc-antoine-de-saint-exupery\/wp-content\/uploads\/sites\/59\/2025\/04\/2-768x1152.jpg 768w, https:\/\/etab.ac-reunion.fr\/lyc-antoine-de-saint-exupery\/wp-content\/uploads\/sites\/59\/2025\/04\/2.jpg 853w\" sizes=\"auto, (max-width: 682px) 100vw, 682px\" \/><\/figure>\n\n\n\n<p><strong><u>Finale acad\u00e9mique au Lyc\u00e9e Patu de Rosemont<\/u><\/strong><\/p>\n\n\n\n<figure class=\"wp-block-image size-large\"><img loading=\"lazy\" decoding=\"async\" width=\"1024\" height=\"768\" src=\"https:\/\/etab.ac-reunion.fr\/lyc-antoine-de-saint-exupery\/wp-content\/uploads\/sites\/59\/2025\/04\/3-1024x768.jpg\" alt=\"\" class=\"wp-image-10836\" srcset=\"https:\/\/etab.ac-reunion.fr\/lyc-antoine-de-saint-exupery\/wp-content\/uploads\/sites\/59\/2025\/04\/3-1024x768.jpg 1024w, https:\/\/etab.ac-reunion.fr\/lyc-antoine-de-saint-exupery\/wp-content\/uploads\/sites\/59\/2025\/04\/3-300x225.jpg 300w, https:\/\/etab.ac-reunion.fr\/lyc-antoine-de-saint-exupery\/wp-content\/uploads\/sites\/59\/2025\/04\/3-768x576.jpg 768w, https:\/\/etab.ac-reunion.fr\/lyc-antoine-de-saint-exupery\/wp-content\/uploads\/sites\/59\/2025\/04\/3.jpg 1386w\" sizes=\"auto, (max-width: 1024px) 100vw, 1024px\" \/><\/figure>\n\n\n\n<figure class=\"wp-block-image size-large\"><img loading=\"lazy\" decoding=\"async\" width=\"1024\" height=\"768\" src=\"https:\/\/etab.ac-reunion.fr\/lyc-antoine-de-saint-exupery\/wp-content\/uploads\/sites\/59\/2025\/04\/4-1024x768.png\" alt=\"\" class=\"wp-image-10837\" srcset=\"https:\/\/etab.ac-reunion.fr\/lyc-antoine-de-saint-exupery\/wp-content\/uploads\/sites\/59\/2025\/04\/4-1024x768.png 1024w, https:\/\/etab.ac-reunion.fr\/lyc-antoine-de-saint-exupery\/wp-content\/uploads\/sites\/59\/2025\/04\/4-300x225.png 300w, https:\/\/etab.ac-reunion.fr\/lyc-antoine-de-saint-exupery\/wp-content\/uploads\/sites\/59\/2025\/04\/4-768x576.png 768w, https:\/\/etab.ac-reunion.fr\/lyc-antoine-de-saint-exupery\/wp-content\/uploads\/sites\/59\/2025\/04\/4.png 1386w\" sizes=\"auto, (max-width: 1024px) 100vw, 1024px\" \/><\/figure>\n","protected":false},"excerpt":{"rendered":"<p>&#8211;&nbsp;&nbsp;&nbsp;&nbsp;&nbsp;&nbsp;&nbsp; Motiver les \u00e9l\u00e8ves dans l\u2019apprentissage des calculs automatis\u00e9s. &#8211;&nbsp;&nbsp;&nbsp;&nbsp;&nbsp;&nbsp;&nbsp; Valoriser les r\u00e9ussites des \u00e9l\u00e8ves du lyc\u00e9e professionnel. &#8211;&nbsp;&nbsp;&nbsp;&nbsp;&nbsp;&nbsp;&nbsp; Favoriser l\u2019installation de temps d\u00e9di\u00e9s aux automatismes dans la pratique de classe. &#8211;&nbsp;&nbsp;&nbsp;&nbsp;&nbsp;&nbsp;&nbsp; Favoriser le travail collaboratif entre \u00e9tablissements. &#8211;&nbsp;&nbsp;&nbsp;&nbsp;&nbsp;&nbsp;&nbsp; PREMIER GROUPE : les \u00e9l\u00e8ves de seconde CAP et de terminale CAP &#8211;&nbsp;&nbsp;&nbsp;&nbsp;&nbsp;&nbsp;&nbsp; DEUXI\u00c8ME GROUPE : [&hellip;]<\/p>\n","protected":false},"author":23092,"featured_media":10836,"comment_status":"closed","ping_status":"closed","sticky":false,"template":"","format":"standard","meta":{"footnotes":""},"categories":[1,30],"tags":[],"class_list":["post-10833","post","type-post","status-publish","format-standard","has-post-thumbnail","hentry","category-non-classe","category-vie-du-lycee"],"_links":{"self":[{"href":"https:\/\/etab.ac-reunion.fr\/lyc-antoine-de-saint-exupery\/wp-json\/wp\/v2\/posts\/10833","targetHints":{"allow":["GET"]}}],"collection":[{"href":"https:\/\/etab.ac-reunion.fr\/lyc-antoine-de-saint-exupery\/wp-json\/wp\/v2\/posts"}],"about":[{"href":"https:\/\/etab.ac-reunion.fr\/lyc-antoine-de-saint-exupery\/wp-json\/wp\/v2\/types\/post"}],"author":[{"embeddable":true,"href":"https:\/\/etab.ac-reunion.fr\/lyc-antoine-de-saint-exupery\/wp-json\/wp\/v2\/users\/23092"}],"replies":[{"embeddable":true,"href":"https:\/\/etab.ac-reunion.fr\/lyc-antoine-de-saint-exupery\/wp-json\/wp\/v2\/comments?post=10833"}],"version-history":[{"count":1,"href":"https:\/\/etab.ac-reunion.fr\/lyc-antoine-de-saint-exupery\/wp-json\/wp\/v2\/posts\/10833\/revisions"}],"predecessor-version":[{"id":10838,"href":"https:\/\/etab.ac-reunion.fr\/lyc-antoine-de-saint-exupery\/wp-json\/wp\/v2\/posts\/10833\/revisions\/10838"}],"wp:featuredmedia":[{"embeddable":true,"href":"https:\/\/etab.ac-reunion.fr\/lyc-antoine-de-saint-exupery\/wp-json\/wp\/v2\/media\/10836"}],"wp:attachment":[{"href":"https:\/\/etab.ac-reunion.fr\/lyc-antoine-de-saint-exupery\/wp-json\/wp\/v2\/media?parent=10833"}],"wp:term":[{"taxonomy":"category","embeddable":true,"href":"https:\/\/etab.ac-reunion.fr\/lyc-antoine-de-saint-exupery\/wp-json\/wp\/v2\/categories?post=10833"},{"taxonomy":"post_tag","embeddable":true,"href":"https:\/\/etab.ac-reunion.fr\/lyc-antoine-de-saint-exupery\/wp-json\/wp\/v2\/tags?post=10833"}],"curies":[{"name":"wp","href":"https:\/\/api.w.org\/{rel}","templated":true}]}}