{"id":10851,"date":"2025-04-23T08:11:17","date_gmt":"2025-04-23T04:11:17","guid":{"rendered":"https:\/\/etab.ac-reunion.fr\/lyc-antoine-de-saint-exupery\/?p=10851"},"modified":"2025-04-23T08:17:02","modified_gmt":"2025-04-23T04:17:02","slug":"%e2%99%bb%ef%b8%8f-clean-up-day-au-lycee-une-action-citoyenne-et-eco-responsable-%f0%9f%8c%bf","status":"publish","type":"post","link":"https:\/\/etab.ac-reunion.fr\/lyc-antoine-de-saint-exupery\/%e2%99%bb%ef%b8%8f-clean-up-day-au-lycee-une-action-citoyenne-et-eco-responsable-%f0%9f%8c%bf\/","title":{"rendered":"\u267b\ufe0f Clean-Up Day au Lyc\u00e9e : une action citoyenne et \u00e9co-responsable \ud83c\udf3f"},"content":{"rendered":"\n<p>Ce Vendredi 18 avril 2025 au matin, plusieurs classes de seconde se sont r\u00e9unies pour participer au Clean-up du lyc\u00e9e et de ses alentours. Cet \u00e9v\u00e8nement \u00e9co-responsable visait \u00e0 sensibiliser les \u00e9l\u00e8ves sur la question de la pollution dans l\u2019\u00e9tablissement, tout en les incitant \u00e0 adopter une attitude citoyenne. Tous se sont motiv\u00e9s \u00e0 nettoyer le lyc\u00e9e, et de nombreuses trouvailles ont \u00e9t\u00e9 faites: des pots cass\u00e9s aux petits bouts de papier dans l\u2019herbe, tout a \u00e9t\u00e9 jet\u00e9. Les lyc\u00e9ens ont aussi pu \u00eatre avertis sur la mani\u00e8re dont le lyc\u00e9e proc\u00e9dait lui-m\u00eame au tri des d\u00e9chets \u00e0 la cuisine centrale. Enfin, ils ont pu visiter (ou pour certains revisiter !) l&rsquo;Arboretum du lyc\u00e9e. De nombreux arbres end\u00e9miques y sont plant\u00e9s notamment par des \u00e9l\u00e8ves participants au programme ERASMUS.<\/p>\n\n\n\n<p>YEHOUENOU Ariel-Irfane, 2GT6<\/p>\n\n\n\n<figure class=\"wp-block-image size-large\"><img loading=\"lazy\" decoding=\"async\" width=\"1024\" height=\"576\" src=\"https:\/\/etab.ac-reunion.fr\/lyc-antoine-de-saint-exupery\/wp-content\/uploads\/sites\/59\/2025\/04\/FullSizeRender-1024x576.jpg\" alt=\"\" class=\"wp-image-10852\" srcset=\"https:\/\/etab.ac-reunion.fr\/lyc-antoine-de-saint-exupery\/wp-content\/uploads\/sites\/59\/2025\/04\/FullSizeRender-1024x576.jpg 1024w, https:\/\/etab.ac-reunion.fr\/lyc-antoine-de-saint-exupery\/wp-content\/uploads\/sites\/59\/2025\/04\/FullSizeRender-300x169.jpg 300w, https:\/\/etab.ac-reunion.fr\/lyc-antoine-de-saint-exupery\/wp-content\/uploads\/sites\/59\/2025\/04\/FullSizeRender-768x432.jpg 768w, https:\/\/etab.ac-reunion.fr\/lyc-antoine-de-saint-exupery\/wp-content\/uploads\/sites\/59\/2025\/04\/FullSizeRender-1536x864.jpg 1536w, https:\/\/etab.ac-reunion.fr\/lyc-antoine-de-saint-exupery\/wp-content\/uploads\/sites\/59\/2025\/04\/FullSizeRender-2048x1152.jpg 2048w, https:\/\/etab.ac-reunion.fr\/lyc-antoine-de-saint-exupery\/wp-content\/uploads\/sites\/59\/2025\/04\/FullSizeRender-95x54.jpg 95w\" sizes=\"auto, (max-width: 1024px) 100vw, 1024px\" \/><\/figure>\n","protected":false},"excerpt":{"rendered":"<p>Ce Vendredi 18 avril 2025 au matin, plusieurs classes de seconde se sont r\u00e9unies pour participer au Clean-up du lyc\u00e9e et de ses alentours. Cet \u00e9v\u00e8nement \u00e9co-responsable visait \u00e0 sensibiliser les \u00e9l\u00e8ves sur la question de la pollution dans l\u2019\u00e9tablissement, tout en les incitant \u00e0 adopter une attitude citoyenne. Tous se sont motiv\u00e9s \u00e0 nettoyer [&hellip;]<\/p>\n","protected":false},"author":23092,"featured_media":10852,"comment_status":"closed","ping_status":"closed","sticky":false,"template":"","format":"standard","meta":{"footnotes":""},"categories":[30],"tags":[],"class_list":["post-10851","post","type-post","status-publish","format-standard","has-post-thumbnail","hentry","category-vie-du-lycee"],"_links":{"self":[{"href":"https:\/\/etab.ac-reunion.fr\/lyc-antoine-de-saint-exupery\/wp-json\/wp\/v2\/posts\/10851","targetHints":{"allow":["GET"]}}],"collection":[{"href":"https:\/\/etab.ac-reunion.fr\/lyc-antoine-de-saint-exupery\/wp-json\/wp\/v2\/posts"}],"about":[{"href":"https:\/\/etab.ac-reunion.fr\/lyc-antoine-de-saint-exupery\/wp-json\/wp\/v2\/types\/post"}],"author":[{"embeddable":true,"href":"https:\/\/etab.ac-reunion.fr\/lyc-antoine-de-saint-exupery\/wp-json\/wp\/v2\/users\/23092"}],"replies":[{"embeddable":true,"href":"https:\/\/etab.ac-reunion.fr\/lyc-antoine-de-saint-exupery\/wp-json\/wp\/v2\/comments?post=10851"}],"version-history":[{"count":1,"href":"https:\/\/etab.ac-reunion.fr\/lyc-antoine-de-saint-exupery\/wp-json\/wp\/v2\/posts\/10851\/revisions"}],"predecessor-version":[{"id":10853,"href":"https:\/\/etab.ac-reunion.fr\/lyc-antoine-de-saint-exupery\/wp-json\/wp\/v2\/posts\/10851\/revisions\/10853"}],"wp:featuredmedia":[{"embeddable":true,"href":"https:\/\/etab.ac-reunion.fr\/lyc-antoine-de-saint-exupery\/wp-json\/wp\/v2\/media\/10852"}],"wp:attachment":[{"href":"https:\/\/etab.ac-reunion.fr\/lyc-antoine-de-saint-exupery\/wp-json\/wp\/v2\/media?parent=10851"}],"wp:term":[{"taxonomy":"category","embeddable":true,"href":"https:\/\/etab.ac-reunion.fr\/lyc-antoine-de-saint-exupery\/wp-json\/wp\/v2\/categories?post=10851"},{"taxonomy":"post_tag","embeddable":true,"href":"https:\/\/etab.ac-reunion.fr\/lyc-antoine-de-saint-exupery\/wp-json\/wp\/v2\/tags?post=10851"}],"curies":[{"name":"wp","href":"https:\/\/api.w.org\/{rel}","templated":true}]}}