{"id":10854,"date":"2025-04-25T10:28:48","date_gmt":"2025-04-25T06:28:48","guid":{"rendered":"https:\/\/etab.ac-reunion.fr\/lyc-antoine-de-saint-exupery\/?p=10854"},"modified":"2025-04-25T10:30:46","modified_gmt":"2025-04-25T06:30:46","slug":"voyage-scolaire-a-cordoue-actions-pour-financer-le-projet","status":"publish","type":"post","link":"https:\/\/etab.ac-reunion.fr\/lyc-antoine-de-saint-exupery\/voyage-scolaire-a-cordoue-actions-pour-financer-le-projet\/","title":{"rendered":"Voyage scolaire \u00e0 Cordoue : Actions pour financer le projet"},"content":{"rendered":"\n<figure class=\"wp-block-image size-large\"><img loading=\"lazy\" decoding=\"async\" width=\"1024\" height=\"577\" src=\"https:\/\/etab.ac-reunion.fr\/lyc-antoine-de-saint-exupery\/wp-content\/uploads\/sites\/59\/2025\/04\/voyage-1024x577.jpg\" alt=\"\" class=\"wp-image-10857\" srcset=\"https:\/\/etab.ac-reunion.fr\/lyc-antoine-de-saint-exupery\/wp-content\/uploads\/sites\/59\/2025\/04\/voyage-1024x577.jpg 1024w, https:\/\/etab.ac-reunion.fr\/lyc-antoine-de-saint-exupery\/wp-content\/uploads\/sites\/59\/2025\/04\/voyage-300x169.jpg 300w, https:\/\/etab.ac-reunion.fr\/lyc-antoine-de-saint-exupery\/wp-content\/uploads\/sites\/59\/2025\/04\/voyage-768x433.jpg 768w, https:\/\/etab.ac-reunion.fr\/lyc-antoine-de-saint-exupery\/wp-content\/uploads\/sites\/59\/2025\/04\/voyage-95x54.jpg 95w, https:\/\/etab.ac-reunion.fr\/lyc-antoine-de-saint-exupery\/wp-content\/uploads\/sites\/59\/2025\/04\/voyage.jpg 1060w\" sizes=\"auto, (max-width: 1024px) 100vw, 1024px\" \/><\/figure>\n\n\n\n<p>Du 5 au 15 octobre 2025, 44 \u00e9l\u00e8ves de 1\u00e8re et de Terminale de la section euro espagnole se rendront \u00e0 Cordoue, avec des excursions \u00e0 S\u00e9ville et \u00e0 Grenade. Afin de r\u00e9duire le co\u00fbt du voyage, plusieurs actions sont mises en place par les \u00e9l\u00e8ves et l\u2019\u00e9quipe p\u00e9dagogique.<\/p>\n\n\n\n<p>Voici quelques initiatives \u00e0 ne pas manquer :<\/p>\n\n\n\n<ol class=\"wp-block-list\">\n<li><strong>Pi\u00e8ce de th\u00e9\u00e2tre \u00ab\u00a0Vernissage\u00a0\u00bb<\/strong><br \/>Le mardi 27 mai \u00e0 20h, \u00e0 la salle Georges Brassens, la troupe d\u2019\u00e9l\u00e8ves vous invite \u00e0 d\u00e9couvrir leur pi\u00e8ce de th\u00e9\u00e2tre. Les places sont disponibles \u00e0 l\u2019entr\u00e9e ou aupr\u00e8s des \u00e9l\u00e8ves. Une buvette avec petite restauration sera \u00e9galement propos\u00e9e sur place.<br \/><\/li>\n<\/ol>\n\n\n\n<figure class=\"wp-block-image size-full is-resized\"><img loading=\"lazy\" decoding=\"async\" width=\"630\" height=\"860\" src=\"https:\/\/etab.ac-reunion.fr\/lyc-antoine-de-saint-exupery\/wp-content\/uploads\/sites\/59\/2025\/04\/image-3.png\" alt=\"\" class=\"wp-image-10855\" style=\"width:379px;height:auto\" srcset=\"https:\/\/etab.ac-reunion.fr\/lyc-antoine-de-saint-exupery\/wp-content\/uploads\/sites\/59\/2025\/04\/image-3.png 630w, https:\/\/etab.ac-reunion.fr\/lyc-antoine-de-saint-exupery\/wp-content\/uploads\/sites\/59\/2025\/04\/image-3-220x300.png 220w\" sizes=\"auto, (max-width: 630px) 100vw, 630px\" \/><\/figure>\n\n\n\n<p><strong>Synopsis :<\/strong> Un d\u00e9g\u00e2t des eaux dans une galerie parisienne menace le vernissage d\u2019une artiste exigeante. La galeriste doit jongler avec les imp\u00e9ratifs de l\u2019artiste et les ouvriers du b\u00e2timent pour que l\u2019exposition ait lieu.<\/p>\n\n\n\n<ol class=\"wp-block-list\">\n<li><strong>Tombola<\/strong><br \/>De magnifiques lots \u00e0 gagner : des visites \u00e0 l\u2019observatoire astronomique des Makes, des entr\u00e9es Escape Game, des bapt\u00eames de parapente, des massages, des bons pizzas, et des entr\u00e9es dans divers mus\u00e9es r\u00e9gionaux.<\/li>\n\n\n\n<li><strong>Cagnotte solidaire<\/strong><br \/>Pour soutenir ce projet, une cagnotte a \u00e9t\u00e9 mise en place sur le site <em>La trousse \u00e0 projets<\/em>. Vous pouvez y contribuer directement via ce lien : <a class=\"\" href=\"https:\/\/trousseaprojets.fr\/projet\/14880-de-la-reunion-a-l-andalousie-aidez-nos-eleves-a-realiser-leur-reve\">Cagnotte solidaire \u2013 Voyage \u00e0 Cordoue<\/a><\/li>\n\n\n\n<li><strong>Vente de T-shirts<\/strong><br \/>Des T-shirts au profit du voyage seront bient\u00f4t disponibles \u00e0 la vente pour 20 euros. Restez \u00e0 l&rsquo;aff\u00fbt !<\/li>\n\n\n\n<li><strong>Lotoquine<\/strong><br \/>Nous pr\u00e9voyons \u00e9galement d\u2019organiser un lotoquine le 23 mai \u00e0 la salle Blue Bayou. Plus d\u2019informations \u00e0 venir tr\u00e8s bient\u00f4t.<\/li>\n<\/ol>\n\n\n\n<p>Merci \u00e0 tous ceux qui soutiennent ces actions et participent \u00e0 cette belle aventure !<\/p>\n","protected":false},"excerpt":{"rendered":"<p>Du 5 au 15 octobre 2025, 44 \u00e9l\u00e8ves de 1\u00e8re et de Terminale de la section euro espagnole se rendront \u00e0 Cordoue, avec des excursions \u00e0 S\u00e9ville et \u00e0 Grenade. Afin de r\u00e9duire le co\u00fbt du voyage, plusieurs actions sont mises en place par les \u00e9l\u00e8ves et l\u2019\u00e9quipe p\u00e9dagogique. Voici quelques initiatives \u00e0 ne pas [&hellip;]<\/p>\n","protected":false},"author":23092,"featured_media":10857,"comment_status":"closed","ping_status":"closed","sticky":false,"template":"","format":"standard","meta":{"footnotes":""},"categories":[134,84,126,30],"tags":[],"class_list":["post-10854","post","type-post","status-publish","format-standard","has-post-thumbnail","hentry","category-etwinning","category-international","category-section-dnl-espagnolhistoire-geographie","category-vie-du-lycee"],"_links":{"self":[{"href":"https:\/\/etab.ac-reunion.fr\/lyc-antoine-de-saint-exupery\/wp-json\/wp\/v2\/posts\/10854","targetHints":{"allow":["GET"]}}],"collection":[{"href":"https:\/\/etab.ac-reunion.fr\/lyc-antoine-de-saint-exupery\/wp-json\/wp\/v2\/posts"}],"about":[{"href":"https:\/\/etab.ac-reunion.fr\/lyc-antoine-de-saint-exupery\/wp-json\/wp\/v2\/types\/post"}],"author":[{"embeddable":true,"href":"https:\/\/etab.ac-reunion.fr\/lyc-antoine-de-saint-exupery\/wp-json\/wp\/v2\/users\/23092"}],"replies":[{"embeddable":true,"href":"https:\/\/etab.ac-reunion.fr\/lyc-antoine-de-saint-exupery\/wp-json\/wp\/v2\/comments?post=10854"}],"version-history":[{"count":2,"href":"https:\/\/etab.ac-reunion.fr\/lyc-antoine-de-saint-exupery\/wp-json\/wp\/v2\/posts\/10854\/revisions"}],"predecessor-version":[{"id":10858,"href":"https:\/\/etab.ac-reunion.fr\/lyc-antoine-de-saint-exupery\/wp-json\/wp\/v2\/posts\/10854\/revisions\/10858"}],"wp:featuredmedia":[{"embeddable":true,"href":"https:\/\/etab.ac-reunion.fr\/lyc-antoine-de-saint-exupery\/wp-json\/wp\/v2\/media\/10857"}],"wp:attachment":[{"href":"https:\/\/etab.ac-reunion.fr\/lyc-antoine-de-saint-exupery\/wp-json\/wp\/v2\/media?parent=10854"}],"wp:term":[{"taxonomy":"category","embeddable":true,"href":"https:\/\/etab.ac-reunion.fr\/lyc-antoine-de-saint-exupery\/wp-json\/wp\/v2\/categories?post=10854"},{"taxonomy":"post_tag","embeddable":true,"href":"https:\/\/etab.ac-reunion.fr\/lyc-antoine-de-saint-exupery\/wp-json\/wp\/v2\/tags?post=10854"}],"curies":[{"name":"wp","href":"https:\/\/api.w.org\/{rel}","templated":true}]}}