{"id":10873,"date":"2025-05-23T10:12:53","date_gmt":"2025-05-23T06:12:53","guid":{"rendered":"https:\/\/etab.ac-reunion.fr\/lyc-antoine-de-saint-exupery\/?p=10873"},"modified":"2025-05-23T10:12:54","modified_gmt":"2025-05-23T06:12:54","slug":"bann-marmay-desou-pie-pongamia-pinnata-po-get-spektak-somin-la-fore-la","status":"publish","type":"post","link":"https:\/\/etab.ac-reunion.fr\/lyc-antoine-de-saint-exupery\/bann-marmay-desou-pie-pongamia-pinnata-po-get-spektak-somin-la-fore-la\/","title":{"rendered":"\u00ab\u00a0Bann marmay desou pi\u00e9-pongamia-pinnata po get spektak somin la for\u00e9-la\u00a0\u00bb"},"content":{"rendered":"\n<p>Le 23 avril 2025, \u00e0 l\u2019occasion de la <strong>Journ\u00e9e de la Terre<\/strong>, le lyc\u00e9e Antoine de Saint-Exup\u00e9ry a eu l\u2019honneur d\u2019accueillir la compagnie <strong>\u00ab\u00a0Ti lamp ala gayar\u00a0\u00bb<\/strong> pour une repr\u00e9sentation de son spectacle <strong>\u00ab\u00a0Somin la for\u00e9\u00a0\u00bb<\/strong>, donn\u00e9 sous un pied de pongamia dans les jardins du lyc\u00e9e.<\/p>\n\n\n\n<p>Ce <strong>conte musical bilingue fran\u00e7ais-cr\u00e9ole<\/strong>, \u00e0 la fois po\u00e9tique et engag\u00e9, visait \u00e0 <strong>sensibiliser les \u00e9l\u00e8ves \u00e0 leur relation \u00e0 la nature<\/strong>. Cette repr\u00e9sentation, offerte aux <strong>\u00e9co-d\u00e9l\u00e9gu\u00e9s<\/strong> en reconnaissance de leur implication dans les projets de <strong>d\u00e9veloppement durable<\/strong>, a \u00e9t\u00e9 suivie d\u2019un <strong>atelier musical<\/strong>, au cours duquel les \u00e9l\u00e8ves ont pu d\u00e9couvrir et manipuler divers instruments de percussion.<\/p>\n\n\n\n<p>Extrait du spectacle :<\/p>\n\n\n\n<blockquote class=\"wp-block-quote is-layout-flow wp-block-quote-is-layout-flow\">\n<p>\u00ab\u00a0Ou finn antann karodobwa i koz<br \/>Karodobwa i sant ou finn antann i dans<br \/>Karodbwa i pl\u00e8r i ri<br \/>For\u00e9-la i sa koz i sa sant ek ou<br \/>dann in sp\u00e8ktak Mizikoz\u00e9 for\u00e9-la<br \/>i sa batouy \u00e8k ou\u2026.Ariv-aou !\u00a0\u00bb<\/p>\n<\/blockquote>\n\n\n\n<p>\ud83d\udc49 Ce beau moment a \u00e9t\u00e9 encadr\u00e9 par :<\/p>\n\n\n\n<ul class=\"wp-block-list\">\n<li>Mme <strong>Limousin<\/strong>, Professeur de langues<\/li>\n\n\n\n<li>Mme <strong>Bihannic<\/strong>, R\u00e9f\u00e9rente d\u00e9veloppement durable<\/li>\n\n\n\n<li>M. <strong>Dupuis<\/strong>, Documentaliste<\/li>\n\n\n\n<li>Mme <strong>Marimoutou<\/strong>, CPE<\/li>\n<\/ul>\n\n\n\n<p>Un <strong>grand merci<\/strong> \u00e0 Mme <strong>Bourdin<\/strong>, Proviseure, pour son soutien au projet, ainsi qu\u2019\u00e0 M. <strong>Ferrere<\/strong> et aux agents pour l\u2019entretien de l\u2019espace vert qui a permis d\u2019accueillir ce spectacle dans un cadre aussi agr\u00e9able.<\/p>\n\n\n\n<figure class=\"wp-block-image size-large\"><img loading=\"lazy\" decoding=\"async\" width=\"768\" height=\"1024\" src=\"https:\/\/etab.ac-reunion.fr\/lyc-antoine-de-saint-exupery\/wp-content\/uploads\/sites\/59\/2025\/05\/IMG-20250425-WA0005-768x1024.jpg\" alt=\"\" class=\"wp-image-10874\" srcset=\"https:\/\/etab.ac-reunion.fr\/lyc-antoine-de-saint-exupery\/wp-content\/uploads\/sites\/59\/2025\/05\/IMG-20250425-WA0005-768x1024.jpg 768w, https:\/\/etab.ac-reunion.fr\/lyc-antoine-de-saint-exupery\/wp-content\/uploads\/sites\/59\/2025\/05\/IMG-20250425-WA0005-225x300.jpg 225w, https:\/\/etab.ac-reunion.fr\/lyc-antoine-de-saint-exupery\/wp-content\/uploads\/sites\/59\/2025\/05\/IMG-20250425-WA0005.jpg 960w\" sizes=\"auto, (max-width: 768px) 100vw, 768px\" \/><\/figure>\n","protected":false},"excerpt":{"rendered":"<p>Le 23 avril 2025, \u00e0 l\u2019occasion de la Journ\u00e9e de la Terre, le lyc\u00e9e Antoine de Saint-Exup\u00e9ry a eu l\u2019honneur d\u2019accueillir la compagnie \u00ab\u00a0Ti lamp ala gayar\u00a0\u00bb pour une repr\u00e9sentation de son spectacle \u00ab\u00a0Somin la for\u00e9\u00a0\u00bb, donn\u00e9 sous un pied de pongamia dans les jardins du lyc\u00e9e. Ce conte musical bilingue fran\u00e7ais-cr\u00e9ole, \u00e0 la fois [&hellip;]<\/p>\n","protected":false},"author":23092,"featured_media":10875,"comment_status":"closed","ping_status":"closed","sticky":false,"template":"","format":"standard","meta":{"footnotes":""},"categories":[30],"tags":[],"class_list":["post-10873","post","type-post","status-publish","format-standard","has-post-thumbnail","hentry","category-vie-du-lycee"],"_links":{"self":[{"href":"https:\/\/etab.ac-reunion.fr\/lyc-antoine-de-saint-exupery\/wp-json\/wp\/v2\/posts\/10873","targetHints":{"allow":["GET"]}}],"collection":[{"href":"https:\/\/etab.ac-reunion.fr\/lyc-antoine-de-saint-exupery\/wp-json\/wp\/v2\/posts"}],"about":[{"href":"https:\/\/etab.ac-reunion.fr\/lyc-antoine-de-saint-exupery\/wp-json\/wp\/v2\/types\/post"}],"author":[{"embeddable":true,"href":"https:\/\/etab.ac-reunion.fr\/lyc-antoine-de-saint-exupery\/wp-json\/wp\/v2\/users\/23092"}],"replies":[{"embeddable":true,"href":"https:\/\/etab.ac-reunion.fr\/lyc-antoine-de-saint-exupery\/wp-json\/wp\/v2\/comments?post=10873"}],"version-history":[{"count":1,"href":"https:\/\/etab.ac-reunion.fr\/lyc-antoine-de-saint-exupery\/wp-json\/wp\/v2\/posts\/10873\/revisions"}],"predecessor-version":[{"id":10876,"href":"https:\/\/etab.ac-reunion.fr\/lyc-antoine-de-saint-exupery\/wp-json\/wp\/v2\/posts\/10873\/revisions\/10876"}],"wp:featuredmedia":[{"embeddable":true,"href":"https:\/\/etab.ac-reunion.fr\/lyc-antoine-de-saint-exupery\/wp-json\/wp\/v2\/media\/10875"}],"wp:attachment":[{"href":"https:\/\/etab.ac-reunion.fr\/lyc-antoine-de-saint-exupery\/wp-json\/wp\/v2\/media?parent=10873"}],"wp:term":[{"taxonomy":"category","embeddable":true,"href":"https:\/\/etab.ac-reunion.fr\/lyc-antoine-de-saint-exupery\/wp-json\/wp\/v2\/categories?post=10873"},{"taxonomy":"post_tag","embeddable":true,"href":"https:\/\/etab.ac-reunion.fr\/lyc-antoine-de-saint-exupery\/wp-json\/wp\/v2\/tags?post=10873"}],"curies":[{"name":"wp","href":"https:\/\/api.w.org\/{rel}","templated":true}]}}