{"id":11017,"date":"2025-08-26T13:46:48","date_gmt":"2025-08-26T09:46:48","guid":{"rendered":"https:\/\/etab.ac-reunion.fr\/lyc-antoine-de-saint-exupery\/?p=11017"},"modified":"2025-08-26T13:46:48","modified_gmt":"2025-08-26T09:46:48","slug":"%f0%9f%8c%b1-invitation-a-latelier-vert-%f0%9f%8c%b1","status":"publish","type":"post","link":"https:\/\/etab.ac-reunion.fr\/lyc-antoine-de-saint-exupery\/%f0%9f%8c%b1-invitation-a-latelier-vert-%f0%9f%8c%b1\/","title":{"rendered":"\ud83c\udf31 Invitation \u00e0 l\u2019Atelier Vert \ud83c\udf31"},"content":{"rendered":"\n<p>Bonjour \u00e0 toutes et \u00e0 tous,<\/p>\n\n\n\n<p>Tu aimes la nature et ton \u00eele ?<br \/>Tu veux apprendre \u00e0 la prot\u00e9ger et \u00e0 en prendre soin ?<\/p>\n\n\n\n<p>Rejoins l\u2019<strong>Atelier Vert<\/strong> et d\u00e9couvre nos activit\u00e9s :<\/p>\n\n\n\n<ul class=\"wp-block-list\">\n<li><strong>Jardin partag\u00e9<\/strong><\/li>\n\n\n\n<li><strong>Arboretum<\/strong><\/li>\n\n\n\n<li><strong>Z\u00e9ro d\u00e9chet<\/strong><\/li>\n\n\n\n<li>Fabrication de produits naturels bons pour toi et pour l\u2019environnement<\/li>\n<\/ul>\n\n\n\n<p>\ud83d\udcc5 <strong>R\u00e9union d\u2019information<\/strong><br \/><strong>Lundi 1er septembre \u00e0 11h40<\/strong><br \/>\ud83d\udccd Rendez-vous devant le laboratoire de S.V.T.<\/p>\n\n\n\n<p>L\u2019Atelier Vert se r\u00e9unit ensuite <strong>tous les lundis \u00e0 l\u2019heure m\u00e9ridienne<\/strong>.<br \/>Viens partager tes id\u00e9es, tes \u00e9nergies et contribuer \u00e0 faire rayonner le lyc\u00e9e dans toute l\u2019\u00eele \ud83c\udf3a.<\/p>\n\n\n\n<p>Nous t\u2019attendons nombreux !<\/p>\n\n\n\n<p><strong>L\u2019\u00e9quipe de l\u2019Atelier Vert<\/strong><\/p>\n\n\n\n<ul class=\"wp-block-list\">\n<li>Mme PAYET-JUGAND Pascale<\/li>\n\n\n\n<li>Mme RIVI\u00c8RE Nicole<\/li>\n\n\n\n<li>M. JUGAND Simon<\/li>\n\n\n\n<li>Mme BIHANNIC Catherine<\/li>\n<\/ul>\n\n\n\n<figure class=\"wp-block-image size-large\"><img loading=\"lazy\" decoding=\"async\" width=\"724\" height=\"1024\" src=\"https:\/\/etab.ac-reunion.fr\/lyc-antoine-de-saint-exupery\/wp-content\/uploads\/sites\/59\/2025\/08\/Clubs-EDD-724x1024.png\" alt=\"\" class=\"wp-image-11018\" srcset=\"https:\/\/etab.ac-reunion.fr\/lyc-antoine-de-saint-exupery\/wp-content\/uploads\/sites\/59\/2025\/08\/Clubs-EDD-724x1024.png 724w, https:\/\/etab.ac-reunion.fr\/lyc-antoine-de-saint-exupery\/wp-content\/uploads\/sites\/59\/2025\/08\/Clubs-EDD-212x300.png 212w, https:\/\/etab.ac-reunion.fr\/lyc-antoine-de-saint-exupery\/wp-content\/uploads\/sites\/59\/2025\/08\/Clubs-EDD-768x1087.png 768w, https:\/\/etab.ac-reunion.fr\/lyc-antoine-de-saint-exupery\/wp-content\/uploads\/sites\/59\/2025\/08\/Clubs-EDD.png 1060w\" sizes=\"auto, (max-width: 724px) 100vw, 724px\" \/><\/figure>\n","protected":false},"excerpt":{"rendered":"<p>Bonjour \u00e0 toutes et \u00e0 tous, Tu aimes la nature et ton \u00eele ?Tu veux apprendre \u00e0 la prot\u00e9ger et \u00e0 en prendre soin ? Rejoins l\u2019Atelier Vert et d\u00e9couvre nos activit\u00e9s : \ud83d\udcc5 R\u00e9union d\u2019informationLundi 1er septembre \u00e0 11h40\ud83d\udccd Rendez-vous devant le laboratoire de S.V.T. L\u2019Atelier Vert se r\u00e9unit ensuite tous les lundis \u00e0 [&hellip;]<\/p>\n","protected":false},"author":23092,"featured_media":11018,"comment_status":"closed","ping_status":"closed","sticky":false,"template":"","format":"standard","meta":{"footnotes":""},"categories":[30],"tags":[],"class_list":["post-11017","post","type-post","status-publish","format-standard","has-post-thumbnail","hentry","category-vie-du-lycee"],"_links":{"self":[{"href":"https:\/\/etab.ac-reunion.fr\/lyc-antoine-de-saint-exupery\/wp-json\/wp\/v2\/posts\/11017","targetHints":{"allow":["GET"]}}],"collection":[{"href":"https:\/\/etab.ac-reunion.fr\/lyc-antoine-de-saint-exupery\/wp-json\/wp\/v2\/posts"}],"about":[{"href":"https:\/\/etab.ac-reunion.fr\/lyc-antoine-de-saint-exupery\/wp-json\/wp\/v2\/types\/post"}],"author":[{"embeddable":true,"href":"https:\/\/etab.ac-reunion.fr\/lyc-antoine-de-saint-exupery\/wp-json\/wp\/v2\/users\/23092"}],"replies":[{"embeddable":true,"href":"https:\/\/etab.ac-reunion.fr\/lyc-antoine-de-saint-exupery\/wp-json\/wp\/v2\/comments?post=11017"}],"version-history":[{"count":1,"href":"https:\/\/etab.ac-reunion.fr\/lyc-antoine-de-saint-exupery\/wp-json\/wp\/v2\/posts\/11017\/revisions"}],"predecessor-version":[{"id":11019,"href":"https:\/\/etab.ac-reunion.fr\/lyc-antoine-de-saint-exupery\/wp-json\/wp\/v2\/posts\/11017\/revisions\/11019"}],"wp:featuredmedia":[{"embeddable":true,"href":"https:\/\/etab.ac-reunion.fr\/lyc-antoine-de-saint-exupery\/wp-json\/wp\/v2\/media\/11018"}],"wp:attachment":[{"href":"https:\/\/etab.ac-reunion.fr\/lyc-antoine-de-saint-exupery\/wp-json\/wp\/v2\/media?parent=11017"}],"wp:term":[{"taxonomy":"category","embeddable":true,"href":"https:\/\/etab.ac-reunion.fr\/lyc-antoine-de-saint-exupery\/wp-json\/wp\/v2\/categories?post=11017"},{"taxonomy":"post_tag","embeddable":true,"href":"https:\/\/etab.ac-reunion.fr\/lyc-antoine-de-saint-exupery\/wp-json\/wp\/v2\/tags?post=11017"}],"curies":[{"name":"wp","href":"https:\/\/api.w.org\/{rel}","templated":true}]}}