{"id":11135,"date":"2025-09-25T13:19:19","date_gmt":"2025-09-25T09:19:19","guid":{"rendered":"https:\/\/etab.ac-reunion.fr\/lyc-antoine-de-saint-exupery\/?p=11135"},"modified":"2025-09-25T13:21:39","modified_gmt":"2025-09-25T09:21:39","slug":"rencontre-enrichissante-avec-les-professionnels-de-limmobilier-de-citya","status":"publish","type":"post","link":"https:\/\/etab.ac-reunion.fr\/lyc-antoine-de-saint-exupery\/rencontre-enrichissante-avec-les-professionnels-de-limmobilier-de-citya\/","title":{"rendered":"Rencontre enrichissante avec les professionnels de l\u2019immobilier de CITYA"},"content":{"rendered":"\n<p>Le mardi 23 septembre 2025, le lyc\u00e9e des Avirons a eu l\u2019honneur d\u2019accueillir plusieurs repr\u00e9sentants de l\u2019agence CITYA France immobilier. Camille (copropri\u00e9t\u00e9), Vanicha (n\u00e9gociation-location) et Emmanuel (g\u00e9rance), \u00e9taient pr\u00e9sents aux c\u00f4t\u00e9s de leur directeur, M. J\u00e9r\u00e9my Ample.<\/p>\n\n\n\n<p>Au cours de cette rencontre, nos \u00e9l\u00e8ves et \u00e9tudiants ont b\u00e9n\u00e9fici\u00e9 d\u2019un t\u00e9moignage pr\u00e9cieux sur la diversit\u00e9 des m\u00e9tiers de l\u2019immobilier. Les \u00e9changes ont permis d\u2019illustrer de mani\u00e8re concr\u00e8te les r\u00e9alit\u00e9s du terrain et de donner un aper\u00e7u des comp\u00e9tences attendues dans les diff\u00e9rents domaines de la profession : Direction, copropri\u00e9t\u00e9, location et g\u00e9rance.<\/p>\n\n\n\n<p>Ces interventions constituent une v\u00e9ritable source d\u2019inspiration pour nos jeunes. Elles renforcent leur motivation, enrichissent leur formation et les aident \u00e0 mieux envisager leurs futures perspectives professionnelles.<\/p>\n\n\n\n<p>Nous remercions chaleureusement l\u2019\u00e9quipe de CITYA pour sa disponibilit\u00e9 et son engagement aupr\u00e8s de nos \u00e9tudiants. Le lyc\u00e9e A. de St Exup\u00e9ry esp\u00e8re pouvoir renouveler ce partenariat privil\u00e9gi\u00e9, au b\u00e9n\u00e9fice des prochaines promotions du BTS Professions Immobili\u00e8res.<\/p>\n\n\n\n<figure class=\"wp-block-image size-full\"><img loading=\"lazy\" decoding=\"async\" width=\"302\" height=\"247\" src=\"https:\/\/etab.ac-reunion.fr\/lyc-antoine-de-saint-exupery\/wp-content\/uploads\/sites\/59\/2025\/09\/image-2.png\" alt=\"\" class=\"wp-image-11138\" srcset=\"https:\/\/etab.ac-reunion.fr\/lyc-antoine-de-saint-exupery\/wp-content\/uploads\/sites\/59\/2025\/09\/image-2.png 302w, https:\/\/etab.ac-reunion.fr\/lyc-antoine-de-saint-exupery\/wp-content\/uploads\/sites\/59\/2025\/09\/image-2-300x245.png 300w\" sizes=\"auto, (max-width: 302px) 100vw, 302px\" \/><\/figure>\n","protected":false},"excerpt":{"rendered":"<p>Le mardi 23 septembre 2025, le lyc\u00e9e des Avirons a eu l\u2019honneur d\u2019accueillir plusieurs repr\u00e9sentants de l\u2019agence CITYA France immobilier. Camille (copropri\u00e9t\u00e9), Vanicha (n\u00e9gociation-location) et Emmanuel (g\u00e9rance), \u00e9taient pr\u00e9sents aux c\u00f4t\u00e9s de leur directeur, M. J\u00e9r\u00e9my Ample. Au cours de cette rencontre, nos \u00e9l\u00e8ves et \u00e9tudiants ont b\u00e9n\u00e9fici\u00e9 d\u2019un t\u00e9moignage pr\u00e9cieux sur la diversit\u00e9 des [&hellip;]<\/p>\n","protected":false},"author":23092,"featured_media":11136,"comment_status":"closed","ping_status":"closed","sticky":false,"template":"","format":"standard","meta":{"footnotes":""},"categories":[174,12,30],"tags":[],"class_list":["post-11135","post","type-post","status-publish","format-standard","has-post-thumbnail","hentry","category-bts-pim","category-diaporama","category-vie-du-lycee"],"_links":{"self":[{"href":"https:\/\/etab.ac-reunion.fr\/lyc-antoine-de-saint-exupery\/wp-json\/wp\/v2\/posts\/11135","targetHints":{"allow":["GET"]}}],"collection":[{"href":"https:\/\/etab.ac-reunion.fr\/lyc-antoine-de-saint-exupery\/wp-json\/wp\/v2\/posts"}],"about":[{"href":"https:\/\/etab.ac-reunion.fr\/lyc-antoine-de-saint-exupery\/wp-json\/wp\/v2\/types\/post"}],"author":[{"embeddable":true,"href":"https:\/\/etab.ac-reunion.fr\/lyc-antoine-de-saint-exupery\/wp-json\/wp\/v2\/users\/23092"}],"replies":[{"embeddable":true,"href":"https:\/\/etab.ac-reunion.fr\/lyc-antoine-de-saint-exupery\/wp-json\/wp\/v2\/comments?post=11135"}],"version-history":[{"count":2,"href":"https:\/\/etab.ac-reunion.fr\/lyc-antoine-de-saint-exupery\/wp-json\/wp\/v2\/posts\/11135\/revisions"}],"predecessor-version":[{"id":11139,"href":"https:\/\/etab.ac-reunion.fr\/lyc-antoine-de-saint-exupery\/wp-json\/wp\/v2\/posts\/11135\/revisions\/11139"}],"wp:featuredmedia":[{"embeddable":true,"href":"https:\/\/etab.ac-reunion.fr\/lyc-antoine-de-saint-exupery\/wp-json\/wp\/v2\/media\/11136"}],"wp:attachment":[{"href":"https:\/\/etab.ac-reunion.fr\/lyc-antoine-de-saint-exupery\/wp-json\/wp\/v2\/media?parent=11135"}],"wp:term":[{"taxonomy":"category","embeddable":true,"href":"https:\/\/etab.ac-reunion.fr\/lyc-antoine-de-saint-exupery\/wp-json\/wp\/v2\/categories?post=11135"},{"taxonomy":"post_tag","embeddable":true,"href":"https:\/\/etab.ac-reunion.fr\/lyc-antoine-de-saint-exupery\/wp-json\/wp\/v2\/tags?post=11135"}],"curies":[{"name":"wp","href":"https:\/\/api.w.org\/{rel}","templated":true}]}}