{"id":11254,"date":"2025-11-19T08:02:25","date_gmt":"2025-11-19T04:02:25","guid":{"rendered":"https:\/\/etab.ac-reunion.fr\/lyc-antoine-de-saint-exupery\/?p=11254"},"modified":"2025-11-19T08:02:25","modified_gmt":"2025-11-19T04:02:25","slug":"informations-aux-metiers-du-sport","status":"publish","type":"post","link":"https:\/\/etab.ac-reunion.fr\/lyc-antoine-de-saint-exupery\/informations-aux-metiers-du-sport\/","title":{"rendered":"Informations aux m\u00e9tiers du sport"},"content":{"rendered":"\n<p>La f\u00e9d\u00e9ration Nationale Profession Sport et Loisir en partenariat avec la DRAJES et le CROS de la R\u00e9union organise une journ\u00e9e des m\u00e9tiers du sport qui se tiendra le<strong> mardi 2 d\u00e9cembre 2025 de 13h30 \u00e0 18h30 \u00e0 la Maison R\u00e9gionale des Sports<\/strong> (St Denis).\u00a0<\/p>\n\n\n\n<figure class=\"wp-block-image size-full\"><img loading=\"lazy\" decoding=\"async\" width=\"643\" height=\"821\" src=\"https:\/\/etab.ac-reunion.fr\/lyc-antoine-de-saint-exupery\/wp-content\/uploads\/sites\/59\/2025\/11\/image-5.png\" alt=\"\" class=\"wp-image-11255\" srcset=\"https:\/\/etab.ac-reunion.fr\/lyc-antoine-de-saint-exupery\/wp-content\/uploads\/sites\/59\/2025\/11\/image-5.png 643w, https:\/\/etab.ac-reunion.fr\/lyc-antoine-de-saint-exupery\/wp-content\/uploads\/sites\/59\/2025\/11\/image-5-235x300.png 235w\" sizes=\"auto, (max-width: 643px) 100vw, 643px\" \/><\/figure>\n\n\n\n<ul class=\"wp-block-list\">\n<li><strong><a href=\"https:\/\/etab.ac-reunion.fr\/lyc-antoine-de-saint-exupery\/wp-content\/uploads\/sites\/59\/2025\/11\/Courrier-Etablissements-scolaires.pdf\">le courrier d&rsquo;invitation<\/a><\/strong><\/li>\n<\/ul>\n","protected":false},"excerpt":{"rendered":"<p>La f\u00e9d\u00e9ration Nationale Profession Sport et Loisir en partenariat avec la DRAJES et le CROS de la R\u00e9union organise une journ\u00e9e des m\u00e9tiers du sport qui se tiendra le mardi 2 d\u00e9cembre 2025 de 13h30 \u00e0 18h30 \u00e0 la Maison R\u00e9gionale des Sports (St Denis).\u00a0<\/p>\n","protected":false},"author":23092,"featured_media":11255,"comment_status":"closed","ping_status":"closed","sticky":false,"template":"","format":"standard","meta":{"footnotes":""},"categories":[169,193],"tags":[],"class_list":["post-11254","post","type-post","status-publish","format-standard","has-post-thumbnail","hentry","category-informations-journee-portes-ouvertes-exterieure","category-orientation-2025-2026"],"_links":{"self":[{"href":"https:\/\/etab.ac-reunion.fr\/lyc-antoine-de-saint-exupery\/wp-json\/wp\/v2\/posts\/11254","targetHints":{"allow":["GET"]}}],"collection":[{"href":"https:\/\/etab.ac-reunion.fr\/lyc-antoine-de-saint-exupery\/wp-json\/wp\/v2\/posts"}],"about":[{"href":"https:\/\/etab.ac-reunion.fr\/lyc-antoine-de-saint-exupery\/wp-json\/wp\/v2\/types\/post"}],"author":[{"embeddable":true,"href":"https:\/\/etab.ac-reunion.fr\/lyc-antoine-de-saint-exupery\/wp-json\/wp\/v2\/users\/23092"}],"replies":[{"embeddable":true,"href":"https:\/\/etab.ac-reunion.fr\/lyc-antoine-de-saint-exupery\/wp-json\/wp\/v2\/comments?post=11254"}],"version-history":[{"count":1,"href":"https:\/\/etab.ac-reunion.fr\/lyc-antoine-de-saint-exupery\/wp-json\/wp\/v2\/posts\/11254\/revisions"}],"predecessor-version":[{"id":11257,"href":"https:\/\/etab.ac-reunion.fr\/lyc-antoine-de-saint-exupery\/wp-json\/wp\/v2\/posts\/11254\/revisions\/11257"}],"wp:featuredmedia":[{"embeddable":true,"href":"https:\/\/etab.ac-reunion.fr\/lyc-antoine-de-saint-exupery\/wp-json\/wp\/v2\/media\/11255"}],"wp:attachment":[{"href":"https:\/\/etab.ac-reunion.fr\/lyc-antoine-de-saint-exupery\/wp-json\/wp\/v2\/media?parent=11254"}],"wp:term":[{"taxonomy":"category","embeddable":true,"href":"https:\/\/etab.ac-reunion.fr\/lyc-antoine-de-saint-exupery\/wp-json\/wp\/v2\/categories?post=11254"},{"taxonomy":"post_tag","embeddable":true,"href":"https:\/\/etab.ac-reunion.fr\/lyc-antoine-de-saint-exupery\/wp-json\/wp\/v2\/tags?post=11254"}],"curies":[{"name":"wp","href":"https:\/\/api.w.org\/{rel}","templated":true}]}}