{"id":11265,"date":"2025-11-19T11:54:27","date_gmt":"2025-11-19T07:54:27","guid":{"rendered":"https:\/\/etab.ac-reunion.fr\/lyc-antoine-de-saint-exupery\/?p=11265"},"modified":"2025-11-19T11:54:27","modified_gmt":"2025-11-19T07:54:27","slug":"decouverte-des-formations-les-mercredis-apres-midi-au-lycee-emile-boyer-de-la-giroday","status":"publish","type":"post","link":"https:\/\/etab.ac-reunion.fr\/lyc-antoine-de-saint-exupery\/decouverte-des-formations-les-mercredis-apres-midi-au-lycee-emile-boyer-de-la-giroday\/","title":{"rendered":"D\u00e9couverte des formations les mercredis apr\u00e8s-midi au lyc\u00e9e \u00ab\u00a0Emile Boyer de la Giroday\u00a0\u00bb"},"content":{"rendered":"\n<p>Dans le cadre de l&rsquo;orientation, le lyc\u00e9e \u00ab\u00a0Emile Boyer de la Giroday\u00a0\u00bb organise \u00ab\u00a0les mercredis de d\u00e9couverte des formations\u00a0\u00bb jusqu&rsquo;au mercredi 24 juin 2026, de 13h00 \u00e0 17h00.<\/p>\n\n\n\n<figure class=\"wp-block-image size-full\"><img loading=\"lazy\" decoding=\"async\" width=\"639\" height=\"926\" src=\"https:\/\/etab.ac-reunion.fr\/lyc-antoine-de-saint-exupery\/wp-content\/uploads\/sites\/59\/2025\/11\/image-7.png\" alt=\"\" class=\"wp-image-11266\" srcset=\"https:\/\/etab.ac-reunion.fr\/lyc-antoine-de-saint-exupery\/wp-content\/uploads\/sites\/59\/2025\/11\/image-7.png 639w, https:\/\/etab.ac-reunion.fr\/lyc-antoine-de-saint-exupery\/wp-content\/uploads\/sites\/59\/2025\/11\/image-7-207x300.png 207w\" sizes=\"auto, (max-width: 639px) 100vw, 639px\" \/><\/figure>\n","protected":false},"excerpt":{"rendered":"<p>Dans le cadre de l&rsquo;orientation, le lyc\u00e9e \u00ab\u00a0Emile Boyer de la Giroday\u00a0\u00bb organise \u00ab\u00a0les mercredis de d\u00e9couverte des formations\u00a0\u00bb jusqu&rsquo;au mercredi 24 juin 2026, de 13h00 \u00e0 17h00.<\/p>\n","protected":false},"author":23092,"featured_media":11266,"comment_status":"closed","ping_status":"closed","sticky":false,"template":"","format":"standard","meta":{"footnotes":""},"categories":[169,152,193],"tags":[],"class_list":["post-11265","post","type-post","status-publish","format-standard","has-post-thumbnail","hentry","category-informations-journee-portes-ouvertes-exterieure","category-infos-journees-portes-ouvertes","category-orientation-2025-2026"],"_links":{"self":[{"href":"https:\/\/etab.ac-reunion.fr\/lyc-antoine-de-saint-exupery\/wp-json\/wp\/v2\/posts\/11265","targetHints":{"allow":["GET"]}}],"collection":[{"href":"https:\/\/etab.ac-reunion.fr\/lyc-antoine-de-saint-exupery\/wp-json\/wp\/v2\/posts"}],"about":[{"href":"https:\/\/etab.ac-reunion.fr\/lyc-antoine-de-saint-exupery\/wp-json\/wp\/v2\/types\/post"}],"author":[{"embeddable":true,"href":"https:\/\/etab.ac-reunion.fr\/lyc-antoine-de-saint-exupery\/wp-json\/wp\/v2\/users\/23092"}],"replies":[{"embeddable":true,"href":"https:\/\/etab.ac-reunion.fr\/lyc-antoine-de-saint-exupery\/wp-json\/wp\/v2\/comments?post=11265"}],"version-history":[{"count":1,"href":"https:\/\/etab.ac-reunion.fr\/lyc-antoine-de-saint-exupery\/wp-json\/wp\/v2\/posts\/11265\/revisions"}],"predecessor-version":[{"id":11267,"href":"https:\/\/etab.ac-reunion.fr\/lyc-antoine-de-saint-exupery\/wp-json\/wp\/v2\/posts\/11265\/revisions\/11267"}],"wp:featuredmedia":[{"embeddable":true,"href":"https:\/\/etab.ac-reunion.fr\/lyc-antoine-de-saint-exupery\/wp-json\/wp\/v2\/media\/11266"}],"wp:attachment":[{"href":"https:\/\/etab.ac-reunion.fr\/lyc-antoine-de-saint-exupery\/wp-json\/wp\/v2\/media?parent=11265"}],"wp:term":[{"taxonomy":"category","embeddable":true,"href":"https:\/\/etab.ac-reunion.fr\/lyc-antoine-de-saint-exupery\/wp-json\/wp\/v2\/categories?post=11265"},{"taxonomy":"post_tag","embeddable":true,"href":"https:\/\/etab.ac-reunion.fr\/lyc-antoine-de-saint-exupery\/wp-json\/wp\/v2\/tags?post=11265"}],"curies":[{"name":"wp","href":"https:\/\/api.w.org\/{rel}","templated":true}]}}