{"id":11497,"date":"2026-01-28T10:57:00","date_gmt":"2026-01-28T06:57:00","guid":{"rendered":"https:\/\/etab.ac-reunion.fr\/lyc-antoine-de-saint-exupery\/?p=11497"},"modified":"2026-01-28T10:57:00","modified_gmt":"2026-01-28T06:57:00","slug":"journee-portes-ouvertes-lycee-gerard-etheve-ex-stella-samedi-21-fevrier-2026","status":"publish","type":"post","link":"https:\/\/etab.ac-reunion.fr\/lyc-antoine-de-saint-exupery\/journee-portes-ouvertes-lycee-gerard-etheve-ex-stella-samedi-21-fevrier-2026\/","title":{"rendered":"Journ\u00e9e Portes Ouvertes Lyc\u00e9e G\u00e9rard Eth\u00e8ve (ex-Stella)- samedi 21 f\u00e9vrier 2026"},"content":{"rendered":"\n<p>Le <strong>lyc\u00e9e des Avirons<\/strong> relaie une information transmise par le <strong>lyc\u00e9e G\u00e9rard Eth\u00e8ve (ex-Stella)<\/strong> concernant l\u2019organisation de sa <strong>Journ\u00e9e Portes Ouvertes A\u00e9ronautique<\/strong>.<\/p>\n\n\n\n<p>\ud83d\udcc5 <strong>Date<\/strong> : <strong>Samedi 21 f\u00e9vrier 2026<\/strong><br \/>\ud83d\udd63 <strong>Horaire<\/strong> : de <strong>8h30 \u00e0 11h30<\/strong><br \/>\ud83d\udccd <strong>Lieu<\/strong> : Lyc\u00e9e G\u00e9rard Eth\u00e8ve<\/p>\n\n\n\n<p>Cette matin\u00e9e sera l\u2019occasion pour les <strong>\u00e9l\u00e8ves, leurs parents et les \u00e9quipes \u00e9ducatives<\/strong> de d\u00e9couvrir les <strong>formations a\u00e9ronautiques<\/strong> propos\u00e9es par l\u2019\u00e9tablissement :<\/p>\n\n\n\n<ul class=\"wp-block-list\">\n<li><strong>Baccalaur\u00e9at professionnel A\u00e9ronautique \u2013 option syst\u00e8mes<\/strong> ;<\/li>\n\n\n\n<li><strong>BTS A\u00e9ronautique<\/strong>.<\/li>\n<\/ul>\n\n\n\n<p>Les participants pourront :<\/p>\n\n\n\n<ul class=\"wp-block-list\">\n<li>d\u00e9couvrir le <strong>secteur de l\u2019a\u00e9ronautique<\/strong> ;<\/li>\n\n\n\n<li>rencontrer les <strong>\u00e9quipes p\u00e9dagogiques<\/strong> ;<\/li>\n\n\n\n<li>\u00e9changer avec les <strong>\u00e9l\u00e8ves et \u00e9tudiants en formation<\/strong> ;<\/li>\n\n\n\n<li>obtenir des informations sur les <strong>attendus sp\u00e9cifiques<\/strong>, les <strong>modalit\u00e9s de formation<\/strong> et les <strong>atouts de ces parcours<\/strong>.<\/li>\n<\/ul>\n\n\n\n<p>\ud83c\udfaf Cette Journ\u00e9e Portes Ouvertes s\u2019adresse plus particuli\u00e8rement :<\/p>\n\n\n\n<ul class=\"wp-block-list\">\n<li>aux <strong>\u00e9l\u00e8ves de 3e<\/strong> ;<\/li>\n\n\n\n<li>aux <strong>lyc\u00e9ens de la fili\u00e8re g\u00e9n\u00e9rale<\/strong> (enseignements de sp\u00e9cialit\u00e9 scientifiques : <strong>Math\u00e9matiques, Physique-Chimie, NSI, Sciences de l\u2019Ing\u00e9nieur<\/strong>) ;<\/li>\n\n\n\n<li>aux \u00e9l\u00e8ves de la <strong>fili\u00e8re technologique STI2D<\/strong> ;<\/li>\n\n\n\n<li>aux \u00e9l\u00e8ves des <strong>fili\u00e8res professionnelles industrielles<\/strong>, notamment <strong>MSPC<\/strong>.<\/li>\n<\/ul>\n\n\n\n<p>\ud83d\udc49 Le <strong>lyc\u00e9e des Avirons diffuse cette information \u00e0 titre informatif<\/strong>, dans le cadre de l\u2019accompagnement \u00e0 l\u2019orientation des \u00e9l\u00e8ves.<\/p>\n\n\n\n<figure class=\"wp-block-image size-full\"><img loading=\"lazy\" decoding=\"async\" width=\"544\" height=\"777\" src=\"https:\/\/etab.ac-reunion.fr\/lyc-antoine-de-saint-exupery\/wp-content\/uploads\/sites\/59\/2026\/01\/image-26.png\" alt=\"\" class=\"wp-image-11498\" srcset=\"https:\/\/etab.ac-reunion.fr\/lyc-antoine-de-saint-exupery\/wp-content\/uploads\/sites\/59\/2026\/01\/image-26.png 544w, https:\/\/etab.ac-reunion.fr\/lyc-antoine-de-saint-exupery\/wp-content\/uploads\/sites\/59\/2026\/01\/image-26-210x300.png 210w\" sizes=\"auto, (max-width: 544px) 100vw, 544px\" \/><\/figure>\n","protected":false},"excerpt":{"rendered":"<p>Le lyc\u00e9e des Avirons relaie une information transmise par le lyc\u00e9e G\u00e9rard Eth\u00e8ve (ex-Stella) concernant l\u2019organisation de sa Journ\u00e9e Portes Ouvertes A\u00e9ronautique. \ud83d\udcc5 Date : Samedi 21 f\u00e9vrier 2026\ud83d\udd63 Horaire : de 8h30 \u00e0 11h30\ud83d\udccd Lieu : Lyc\u00e9e G\u00e9rard Eth\u00e8ve Cette matin\u00e9e sera l\u2019occasion pour les \u00e9l\u00e8ves, leurs parents et les \u00e9quipes \u00e9ducatives de d\u00e9couvrir [&hellip;]<\/p>\n","protected":false},"author":23092,"featured_media":11498,"comment_status":"closed","ping_status":"closed","sticky":false,"template":"","format":"standard","meta":{"footnotes":""},"categories":[169,193],"tags":[],"class_list":["post-11497","post","type-post","status-publish","format-standard","has-post-thumbnail","hentry","category-informations-journee-portes-ouvertes-exterieure","category-orientation-2025-2026"],"_links":{"self":[{"href":"https:\/\/etab.ac-reunion.fr\/lyc-antoine-de-saint-exupery\/wp-json\/wp\/v2\/posts\/11497","targetHints":{"allow":["GET"]}}],"collection":[{"href":"https:\/\/etab.ac-reunion.fr\/lyc-antoine-de-saint-exupery\/wp-json\/wp\/v2\/posts"}],"about":[{"href":"https:\/\/etab.ac-reunion.fr\/lyc-antoine-de-saint-exupery\/wp-json\/wp\/v2\/types\/post"}],"author":[{"embeddable":true,"href":"https:\/\/etab.ac-reunion.fr\/lyc-antoine-de-saint-exupery\/wp-json\/wp\/v2\/users\/23092"}],"replies":[{"embeddable":true,"href":"https:\/\/etab.ac-reunion.fr\/lyc-antoine-de-saint-exupery\/wp-json\/wp\/v2\/comments?post=11497"}],"version-history":[{"count":1,"href":"https:\/\/etab.ac-reunion.fr\/lyc-antoine-de-saint-exupery\/wp-json\/wp\/v2\/posts\/11497\/revisions"}],"predecessor-version":[{"id":11499,"href":"https:\/\/etab.ac-reunion.fr\/lyc-antoine-de-saint-exupery\/wp-json\/wp\/v2\/posts\/11497\/revisions\/11499"}],"wp:featuredmedia":[{"embeddable":true,"href":"https:\/\/etab.ac-reunion.fr\/lyc-antoine-de-saint-exupery\/wp-json\/wp\/v2\/media\/11498"}],"wp:attachment":[{"href":"https:\/\/etab.ac-reunion.fr\/lyc-antoine-de-saint-exupery\/wp-json\/wp\/v2\/media?parent=11497"}],"wp:term":[{"taxonomy":"category","embeddable":true,"href":"https:\/\/etab.ac-reunion.fr\/lyc-antoine-de-saint-exupery\/wp-json\/wp\/v2\/categories?post=11497"},{"taxonomy":"post_tag","embeddable":true,"href":"https:\/\/etab.ac-reunion.fr\/lyc-antoine-de-saint-exupery\/wp-json\/wp\/v2\/tags?post=11497"}],"curies":[{"name":"wp","href":"https:\/\/api.w.org\/{rel}","templated":true}]}}