{"id":11546,"date":"2026-02-05T09:54:34","date_gmt":"2026-02-05T05:54:34","guid":{"rendered":"https:\/\/etab.ac-reunion.fr\/lyc-antoine-de-saint-exupery\/?p=11546"},"modified":"2026-02-05T09:54:34","modified_gmt":"2026-02-05T05:54:34","slug":"information-journees-portes-ouvertes-2026-de-luniversite-de-la-reunion","status":"publish","type":"post","link":"https:\/\/etab.ac-reunion.fr\/lyc-antoine-de-saint-exupery\/information-journees-portes-ouvertes-2026-de-luniversite-de-la-reunion\/","title":{"rendered":"Information \u2013 Journ\u00e9es Portes Ouvertes 2026 de l\u2019Universit\u00e9 de La R\u00e9union"},"content":{"rendered":"\n<figure class=\"wp-block-image size-full\"><img loading=\"lazy\" decoding=\"async\" width=\"308\" height=\"99\" src=\"https:\/\/etab.ac-reunion.fr\/lyc-antoine-de-saint-exupery\/wp-content\/uploads\/sites\/59\/2026\/02\/image-2.png\" alt=\"\" class=\"wp-image-11547\" srcset=\"https:\/\/etab.ac-reunion.fr\/lyc-antoine-de-saint-exupery\/wp-content\/uploads\/sites\/59\/2026\/02\/image-2.png 308w, https:\/\/etab.ac-reunion.fr\/lyc-antoine-de-saint-exupery\/wp-content\/uploads\/sites\/59\/2026\/02\/image-2-300x96.png 300w\" sizes=\"auto, (max-width: 308px) 100vw, 308px\" \/><\/figure>\n\n\n\n<p>Le <strong>lyc\u00e9e des Avirons<\/strong> relaie l\u2019information suivante \u00e0 destination de nos \u00e9l\u00e8ves et de leurs familles.<\/p>\n\n\n\n<p>L\u2019<strong>Universit\u00e9 de La R\u00e9union<\/strong> organise ses <strong>Journ\u00e9es Portes Ouvertes 2026<\/strong> aux dates et sur les campus suivants :<\/p>\n\n\n\n<ul class=\"wp-block-list\">\n<li><strong>Samedi 07 f\u00e9vrier 2026<\/strong> : campus du <strong>Moufia<\/strong><\/li>\n\n\n\n<li><strong>Samedi 14 f\u00e9vrier 2026<\/strong> : campus du <strong>Tampon<\/strong><\/li>\n\n\n\n<li><strong>Samedi 28 f\u00e9vrier 2026<\/strong> : campus de <strong>Terre-Sainte<\/strong><\/li>\n<\/ul>\n\n\n\n<p>Ces journ\u00e9es permettront aux <strong>lyc\u00e9ens et \u00e0 leurs familles<\/strong> de d\u00e9couvrir :<\/p>\n\n\n\n<ul class=\"wp-block-list\">\n<li>l\u2019ensemble des <strong>formations propos\u00e9es<\/strong>,<\/li>\n\n\n\n<li>les <strong>\u00e9quipes p\u00e9dagogiques<\/strong>,<\/li>\n\n\n\n<li>les <strong>services universitaires<\/strong> (vie \u00e9tudiante, accompagnement, orientation, etc.).<\/li>\n<\/ul>\n\n\n\n<p>Des informations compl\u00e9mentaires sont disponibles sur le site de l\u2019Universit\u00e9 de La R\u00e9union :<br \/>\ud83d\udd17 <a href=\"https:\/\/www.univ-reunion.fr\/agenda\/vie-etudiante-agenda\/journees-portes-ouvertes\/\">https:\/\/www.univ-reunion.fr\/agenda\/vie-etudiante-agenda\/journees-portes-ouvertes\/<\/a><\/p>\n\n\n\n<p>\ud83d\udc49 Le <strong>lyc\u00e9e des Avirons diffuse cette information \u00e0 titre indicatif<\/strong>. Pour toute pr\u00e9cision, les familles sont invit\u00e9es \u00e0 consulter directement le site de l\u2019Universit\u00e9 de La R\u00e9union.<\/p>\n","protected":false},"excerpt":{"rendered":"<p>Le lyc\u00e9e des Avirons relaie l\u2019information suivante \u00e0 destination de nos \u00e9l\u00e8ves et de leurs familles. L\u2019Universit\u00e9 de La R\u00e9union organise ses Journ\u00e9es Portes Ouvertes 2026 aux dates et sur les campus suivants : Ces journ\u00e9es permettront aux lyc\u00e9ens et \u00e0 leurs familles de d\u00e9couvrir : Des informations compl\u00e9mentaires sont disponibles sur le site de [&hellip;]<\/p>\n","protected":false},"author":23092,"featured_media":11547,"comment_status":"closed","ping_status":"closed","sticky":false,"template":"","format":"standard","meta":{"footnotes":""},"categories":[169,193],"tags":[],"class_list":["post-11546","post","type-post","status-publish","format-standard","has-post-thumbnail","hentry","category-informations-journee-portes-ouvertes-exterieure","category-orientation-2025-2026"],"_links":{"self":[{"href":"https:\/\/etab.ac-reunion.fr\/lyc-antoine-de-saint-exupery\/wp-json\/wp\/v2\/posts\/11546","targetHints":{"allow":["GET"]}}],"collection":[{"href":"https:\/\/etab.ac-reunion.fr\/lyc-antoine-de-saint-exupery\/wp-json\/wp\/v2\/posts"}],"about":[{"href":"https:\/\/etab.ac-reunion.fr\/lyc-antoine-de-saint-exupery\/wp-json\/wp\/v2\/types\/post"}],"author":[{"embeddable":true,"href":"https:\/\/etab.ac-reunion.fr\/lyc-antoine-de-saint-exupery\/wp-json\/wp\/v2\/users\/23092"}],"replies":[{"embeddable":true,"href":"https:\/\/etab.ac-reunion.fr\/lyc-antoine-de-saint-exupery\/wp-json\/wp\/v2\/comments?post=11546"}],"version-history":[{"count":1,"href":"https:\/\/etab.ac-reunion.fr\/lyc-antoine-de-saint-exupery\/wp-json\/wp\/v2\/posts\/11546\/revisions"}],"predecessor-version":[{"id":11548,"href":"https:\/\/etab.ac-reunion.fr\/lyc-antoine-de-saint-exupery\/wp-json\/wp\/v2\/posts\/11546\/revisions\/11548"}],"wp:featuredmedia":[{"embeddable":true,"href":"https:\/\/etab.ac-reunion.fr\/lyc-antoine-de-saint-exupery\/wp-json\/wp\/v2\/media\/11547"}],"wp:attachment":[{"href":"https:\/\/etab.ac-reunion.fr\/lyc-antoine-de-saint-exupery\/wp-json\/wp\/v2\/media?parent=11546"}],"wp:term":[{"taxonomy":"category","embeddable":true,"href":"https:\/\/etab.ac-reunion.fr\/lyc-antoine-de-saint-exupery\/wp-json\/wp\/v2\/categories?post=11546"},{"taxonomy":"post_tag","embeddable":true,"href":"https:\/\/etab.ac-reunion.fr\/lyc-antoine-de-saint-exupery\/wp-json\/wp\/v2\/tags?post=11546"}],"curies":[{"name":"wp","href":"https:\/\/api.w.org\/{rel}","templated":true}]}}