{"id":11558,"date":"2026-02-06T08:02:07","date_gmt":"2026-02-06T04:02:07","guid":{"rendered":"https:\/\/etab.ac-reunion.fr\/lyc-antoine-de-saint-exupery\/?p=11558"},"modified":"2026-02-06T08:02:08","modified_gmt":"2026-02-06T04:02:08","slug":"webinaire-medecine-et-etudes-de-sante-samedi-14-fevrier","status":"publish","type":"post","link":"https:\/\/etab.ac-reunion.fr\/lyc-antoine-de-saint-exupery\/webinaire-medecine-et-etudes-de-sante-samedi-14-fevrier\/","title":{"rendered":"Webinaire \u00ab M\u00e9decine et \u00e9tudes de sant\u00e9 \u00bb \u2013 Samedi 14 f\u00e9vrier"},"content":{"rendered":"\n<p>\u00c0 l\u2019occasion de l\u2019ouverture de <strong>Parcoursup<\/strong>, nous souhaitons relayer une information susceptible d\u2019int\u00e9resser les \u00e9l\u00e8ves du <strong>lyc\u00e9e des Avirons<\/strong>, leurs familles ainsi que le personnel \u00e9ducatif.<\/p>\n\n\n\n<p>Un <strong>webinaire d\u00e9di\u00e9 aux \u00e9tudes de m\u00e9decine et de sant\u00e9<\/strong> est organis\u00e9 afin de r\u00e9pondre aux nombreuses interrogations des lyc\u00e9ens :<br \/>niveau attendu, rythme de travail, organisation des \u00e9tudes, sp\u00e9cialit\u00e9s propos\u00e9es, voies d\u2019acc\u00e8s et d\u00e9bouch\u00e9s professionnels.<\/p>\n\n\n\n<p>\ud83d\udcc5 <strong>Date :<\/strong> samedi 14 f\u00e9vrier<br \/>\ud83d\udd5f <strong>Horaire :<\/strong> de 16h30 \u00e0 18h<br \/>\ud83d\udcbb <strong>Format :<\/strong> webinaire interactif en ligne<\/p>\n\n\n\n<h3 class=\"wp-block-heading\">\ud83c\udf93 Des t\u00e9moignages d\u2019\u00e9tudiants en \u00e9tudes de sant\u00e9<\/h3>\n\n\n\n<p>Le webinaire donnera la parole \u00e0 des \u00e9tudiants actuellement engag\u00e9s dans diff\u00e9rents cursus de sant\u00e9, qui partageront leur exp\u00e9rience concr\u00e8te et r\u00e9pondront aux questions des participants :<\/p>\n\n\n\n<ul class=\"wp-block-list\">\n<li>\u00c9tudiante en premi\u00e8re ann\u00e9e de m\u00e9decine<\/li>\n\n\n\n<li>\u00c9tudiant en deuxi\u00e8me ann\u00e9e de m\u00e9decine<\/li>\n\n\n\n<li>\u00c9tudiant en quatri\u00e8me ann\u00e9e de m\u00e9decine<\/li>\n\n\n\n<li>\u00c9tudiant en sixi\u00e8me ann\u00e9e de m\u00e9decine<\/li>\n\n\n\n<li>\u00c9tudiant en premi\u00e8re ann\u00e9e de pharmacie<\/li>\n\n\n\n<li>\u00c9tudiante en troisi\u00e8me ann\u00e9e de pharmacie<\/li>\n<\/ul>\n\n\n\n<h3 class=\"wp-block-heading\">\ud83e\udded D\u00e9roul\u00e9 du webinaire<\/h3>\n\n\n\n<ul class=\"wp-block-list\">\n<li>Pr\u00e9sentation du parcours de chaque intervenant :<br \/>choix d\u2019orientation apr\u00e8s la terminale, fonctionnement des \u00e9tudes et des concours, charge de travail, sp\u00e9cialisations, stages et insertion professionnelle<\/li>\n\n\n\n<li>Temps d\u2019\u00e9change interactif sous forme de <strong>questions-r\u00e9ponses<\/strong> avec les lyc\u00e9ens, parents et enseignants<\/li>\n<\/ul>\n\n\n\n<h3 class=\"wp-block-heading\">\u2139\ufe0f Informations pratiques<\/h3>\n\n\n\n<p>Afin de garantir un format r\u00e9ellement interactif, le <strong>nombre de places est volontairement limit\u00e9<\/strong>.<br \/>Les lyc\u00e9ens disposant d\u00e9j\u00e0 d\u2019un compte <strong>Hodea<\/strong> b\u00e9n\u00e9ficient d\u2019un <strong>acc\u00e8s prioritaire<\/strong>.<\/p>\n\n\n\n<p>\ud83d\udc49 <strong>Inscription gratuite (dans la limite des places disponibles)<\/strong> :<br \/><a href=\"https:\/\/hodea.fr\/events\/11\/\">https:\/\/hodea.fr\/events\/11\/<\/a><\/p>\n\n\n\n<p>Ce webinaire s\u2019adresse :<\/p>\n\n\n\n<ul class=\"wp-block-list\">\n<li>aux \u00e9l\u00e8ves de <strong>Seconde, Premi\u00e8re et Terminale<\/strong>,<\/li>\n\n\n\n<li>\u00e0 leurs <strong>parents<\/strong>,<\/li>\n\n\n\n<li>ainsi qu\u2019au <strong>personnel d\u2019\u00e9ducation<\/strong>.<\/li>\n<\/ul>\n\n\n\n<h3 class=\"wp-block-heading\">\ud83e\udd1d Organisation<\/h3>\n\n\n\n<p>L\u2019\u00e9v\u00e9nement est organis\u00e9 par <strong>HODEA<\/strong>, une plateforme gratuite de mise en relation entre lyc\u00e9ens et \u00e9tudiants du sup\u00e9rieur issus de Grandes \u00c9coles.<br \/>Fond\u00e9e par un \u00e9tudiant d\u2019HEC et un \u00e9tudiant de CentraleSup\u00e9lec, HODEA a pour ambition de rendre l\u2019orientation post-bac <strong>plus concr\u00e8te, plus lisible et plus accessible<\/strong>.<\/p>\n\n\n\n<figure class=\"wp-block-image size-full\"><img loading=\"lazy\" decoding=\"async\" width=\"847\" height=\"220\" src=\"https:\/\/etab.ac-reunion.fr\/lyc-antoine-de-saint-exupery\/wp-content\/uploads\/sites\/59\/2026\/02\/image-5.png\" alt=\"\" class=\"wp-image-11559\" srcset=\"https:\/\/etab.ac-reunion.fr\/lyc-antoine-de-saint-exupery\/wp-content\/uploads\/sites\/59\/2026\/02\/image-5.png 847w, https:\/\/etab.ac-reunion.fr\/lyc-antoine-de-saint-exupery\/wp-content\/uploads\/sites\/59\/2026\/02\/image-5-300x78.png 300w, https:\/\/etab.ac-reunion.fr\/lyc-antoine-de-saint-exupery\/wp-content\/uploads\/sites\/59\/2026\/02\/image-5-768x199.png 768w\" sizes=\"auto, (max-width: 847px) 100vw, 847px\" \/><\/figure>\n","protected":false},"excerpt":{"rendered":"<p>\u00c0 l\u2019occasion de l\u2019ouverture de Parcoursup, nous souhaitons relayer une information susceptible d\u2019int\u00e9resser les \u00e9l\u00e8ves du lyc\u00e9e des Avirons, leurs familles ainsi que le personnel \u00e9ducatif. Un webinaire d\u00e9di\u00e9 aux \u00e9tudes de m\u00e9decine et de sant\u00e9 est organis\u00e9 afin de r\u00e9pondre aux nombreuses interrogations des lyc\u00e9ens :niveau attendu, rythme de travail, organisation des \u00e9tudes, sp\u00e9cialit\u00e9s [&hellip;]<\/p>\n","protected":false},"author":23092,"featured_media":11559,"comment_status":"closed","ping_status":"closed","sticky":false,"template":"","format":"standard","meta":{"footnotes":""},"categories":[169,193],"tags":[],"class_list":["post-11558","post","type-post","status-publish","format-standard","has-post-thumbnail","hentry","category-informations-journee-portes-ouvertes-exterieure","category-orientation-2025-2026"],"_links":{"self":[{"href":"https:\/\/etab.ac-reunion.fr\/lyc-antoine-de-saint-exupery\/wp-json\/wp\/v2\/posts\/11558","targetHints":{"allow":["GET"]}}],"collection":[{"href":"https:\/\/etab.ac-reunion.fr\/lyc-antoine-de-saint-exupery\/wp-json\/wp\/v2\/posts"}],"about":[{"href":"https:\/\/etab.ac-reunion.fr\/lyc-antoine-de-saint-exupery\/wp-json\/wp\/v2\/types\/post"}],"author":[{"embeddable":true,"href":"https:\/\/etab.ac-reunion.fr\/lyc-antoine-de-saint-exupery\/wp-json\/wp\/v2\/users\/23092"}],"replies":[{"embeddable":true,"href":"https:\/\/etab.ac-reunion.fr\/lyc-antoine-de-saint-exupery\/wp-json\/wp\/v2\/comments?post=11558"}],"version-history":[{"count":1,"href":"https:\/\/etab.ac-reunion.fr\/lyc-antoine-de-saint-exupery\/wp-json\/wp\/v2\/posts\/11558\/revisions"}],"predecessor-version":[{"id":11560,"href":"https:\/\/etab.ac-reunion.fr\/lyc-antoine-de-saint-exupery\/wp-json\/wp\/v2\/posts\/11558\/revisions\/11560"}],"wp:featuredmedia":[{"embeddable":true,"href":"https:\/\/etab.ac-reunion.fr\/lyc-antoine-de-saint-exupery\/wp-json\/wp\/v2\/media\/11559"}],"wp:attachment":[{"href":"https:\/\/etab.ac-reunion.fr\/lyc-antoine-de-saint-exupery\/wp-json\/wp\/v2\/media?parent=11558"}],"wp:term":[{"taxonomy":"category","embeddable":true,"href":"https:\/\/etab.ac-reunion.fr\/lyc-antoine-de-saint-exupery\/wp-json\/wp\/v2\/categories?post=11558"},{"taxonomy":"post_tag","embeddable":true,"href":"https:\/\/etab.ac-reunion.fr\/lyc-antoine-de-saint-exupery\/wp-json\/wp\/v2\/tags?post=11558"}],"curies":[{"name":"wp","href":"https:\/\/api.w.org\/{rel}","templated":true}]}}