{"id":11617,"date":"2026-02-13T11:26:24","date_gmt":"2026-02-13T07:26:24","guid":{"rendered":"https:\/\/etab.ac-reunion.fr\/lyc-antoine-de-saint-exupery\/?p=11617"},"modified":"2026-02-13T11:26:24","modified_gmt":"2026-02-13T07:26:24","slug":"accueil-de-notre-correspondant-italien-dans-le-cadre-derasmus","status":"publish","type":"post","link":"https:\/\/etab.ac-reunion.fr\/lyc-antoine-de-saint-exupery\/accueil-de-notre-correspondant-italien-dans-le-cadre-derasmus\/","title":{"rendered":"Accueil de notre correspondant italien dans le cadre d\u2019Erasmus"},"content":{"rendered":"\n<p><strong>Il y a un peu moins de trois semaines, j\u2019ai accueilli Alessandro, mon correspondant italien, gr\u00e2ce \u00e0 l\u2019\u00e9change Erasmus que j\u2019ai eu la chance de faire.<\/strong><\/p>\n\n\n\n<p><strong>J\u2019avais parl\u00e9 avec lui pour la premi\u00e8re fois \u00e0 peu pr\u00e8s un mois avant qu\u2019il arrive, et j\u2019ai eu la chance de m\u2019entendre tout de suite tr\u00e8s bien avec lui. Les discussions \u00e9taient fluides et il parlait tr\u00e8s bien fran\u00e7ais. Nous avons fait connaissance en parlant tr\u00e8s souvent.<\/strong><\/p>\n\n\n\n<p><strong>Et enfin, le 28 novembre, il est arriv\u00e9 \u00e0 La R\u00e9union. On lui a fait d\u00e9couvrir le Souffleur et le coucher de soleil de l\u2019\u00c9tang-Sal\u00e9. Il a tout de suite \u00e9t\u00e9 \u00e9merveill\u00e9 par la beaut\u00e9 de La R\u00e9union.<\/strong><\/p>\n\n\n\n<p><strong>Le lendemain, nous sommes partis avec J\u00e9r\u00e9mi, Federico (qui est son correspondant), Alessandro et moi \u00e0 Saint-Denis pour prendre le t\u00e9l\u00e9ph\u00e9rique afin qu\u2019ils puissent voir toute la ville, puis nous sommes all\u00e9s manger dans un buffet \u00e0 volont\u00e9 cr\u00e9ole. Le lendemain, nous sommes all\u00e9s manger dans un tr\u00e8s bon restaurant avec une vue sur Grande Anse, puis nous y sommes all\u00e9s apr\u00e8s.<\/strong><\/p>\n\n\n\n<p><strong>Le reste de la semaine, il est venu avec moi au lyc\u00e9e et nous avons fait beaucoup d\u2019activit\u00e9s, telles que le volcan, le Trou d\u2019Eau ou encore Saint-Pierre. C\u2019\u00e9tait g\u00e9nial, nous avons eu l\u2019occasion de d\u00e9couvrir beaucoup de choses et d\u2019\u00e9changer avec les Italiens. Pour ma part, je me suis tr\u00e8s bien entendu avec tout le monde et, le plus important, je me suis fait de vrais amis durant cet \u00e9change.<\/strong><\/p>\n\n\n\n<p><strong>Hugo Szatkowski, PG6<\/strong><\/p>\n\n\n\n<figure class=\"wp-block-image size-full\"><img loading=\"lazy\" decoding=\"async\" width=\"859\" height=\"904\" src=\"https:\/\/etab.ac-reunion.fr\/lyc-antoine-de-saint-exupery\/wp-content\/uploads\/sites\/59\/2026\/02\/erasmus.png\" alt=\"\" class=\"wp-image-11618\" srcset=\"https:\/\/etab.ac-reunion.fr\/lyc-antoine-de-saint-exupery\/wp-content\/uploads\/sites\/59\/2026\/02\/erasmus.png 859w, https:\/\/etab.ac-reunion.fr\/lyc-antoine-de-saint-exupery\/wp-content\/uploads\/sites\/59\/2026\/02\/erasmus-285x300.png 285w, https:\/\/etab.ac-reunion.fr\/lyc-antoine-de-saint-exupery\/wp-content\/uploads\/sites\/59\/2026\/02\/erasmus-768x808.png 768w\" sizes=\"auto, (max-width: 859px) 100vw, 859px\" \/><\/figure>\n","protected":false},"excerpt":{"rendered":"<p>Il y a un peu moins de trois semaines, j\u2019ai accueilli Alessandro, mon correspondant italien, gr\u00e2ce \u00e0 l\u2019\u00e9change Erasmus que j\u2019ai eu la chance de faire. J\u2019avais parl\u00e9 avec lui pour la premi\u00e8re fois \u00e0 peu pr\u00e8s un mois avant qu\u2019il arrive, et j\u2019ai eu la chance de m\u2019entendre tout de suite tr\u00e8s bien avec [&hellip;]<\/p>\n","protected":false},"author":23092,"featured_media":7653,"comment_status":"closed","ping_status":"closed","sticky":false,"template":"","format":"standard","meta":{"footnotes":""},"categories":[86,30],"tags":[],"class_list":["post-11617","post","type-post","status-publish","format-standard","has-post-thumbnail","hentry","category-erasmus","category-vie-du-lycee"],"_links":{"self":[{"href":"https:\/\/etab.ac-reunion.fr\/lyc-antoine-de-saint-exupery\/wp-json\/wp\/v2\/posts\/11617","targetHints":{"allow":["GET"]}}],"collection":[{"href":"https:\/\/etab.ac-reunion.fr\/lyc-antoine-de-saint-exupery\/wp-json\/wp\/v2\/posts"}],"about":[{"href":"https:\/\/etab.ac-reunion.fr\/lyc-antoine-de-saint-exupery\/wp-json\/wp\/v2\/types\/post"}],"author":[{"embeddable":true,"href":"https:\/\/etab.ac-reunion.fr\/lyc-antoine-de-saint-exupery\/wp-json\/wp\/v2\/users\/23092"}],"replies":[{"embeddable":true,"href":"https:\/\/etab.ac-reunion.fr\/lyc-antoine-de-saint-exupery\/wp-json\/wp\/v2\/comments?post=11617"}],"version-history":[{"count":2,"href":"https:\/\/etab.ac-reunion.fr\/lyc-antoine-de-saint-exupery\/wp-json\/wp\/v2\/posts\/11617\/revisions"}],"predecessor-version":[{"id":11620,"href":"https:\/\/etab.ac-reunion.fr\/lyc-antoine-de-saint-exupery\/wp-json\/wp\/v2\/posts\/11617\/revisions\/11620"}],"wp:featuredmedia":[{"embeddable":true,"href":"https:\/\/etab.ac-reunion.fr\/lyc-antoine-de-saint-exupery\/wp-json\/wp\/v2\/media\/7653"}],"wp:attachment":[{"href":"https:\/\/etab.ac-reunion.fr\/lyc-antoine-de-saint-exupery\/wp-json\/wp\/v2\/media?parent=11617"}],"wp:term":[{"taxonomy":"category","embeddable":true,"href":"https:\/\/etab.ac-reunion.fr\/lyc-antoine-de-saint-exupery\/wp-json\/wp\/v2\/categories?post=11617"},{"taxonomy":"post_tag","embeddable":true,"href":"https:\/\/etab.ac-reunion.fr\/lyc-antoine-de-saint-exupery\/wp-json\/wp\/v2\/tags?post=11617"}],"curies":[{"name":"wp","href":"https:\/\/api.w.org\/{rel}","templated":true}]}}