{"id":11625,"date":"2026-02-16T10:38:25","date_gmt":"2026-02-16T06:38:25","guid":{"rendered":"https:\/\/etab.ac-reunion.fr\/lyc-antoine-de-saint-exupery\/?p=11625"},"modified":"2026-02-16T10:38:26","modified_gmt":"2026-02-16T06:38:26","slug":"journee-portes-ouvertes-lycee-marie-curie-%f0%9f%93%85-mercredi-25-fevrier-2026%f0%9f%95%9c-de-13h30-a-17h30","status":"publish","type":"post","link":"https:\/\/etab.ac-reunion.fr\/lyc-antoine-de-saint-exupery\/journee-portes-ouvertes-lycee-marie-curie-%f0%9f%93%85-mercredi-25-fevrier-2026%f0%9f%95%9c-de-13h30-a-17h30\/","title":{"rendered":"Journ\u00e9e Portes Ouvertes \u2013 Lyc\u00e9e Marie Curie \ud83d\udcc5 Mercredi 25 f\u00e9vrier 2026\ud83d\udd5c De 13h30 \u00e0 17h30"},"content":{"rendered":"\n<p>Le <strong>Lyc\u00e9e Marie Curie<\/strong> organise sa Journ\u00e9e Portes Ouvertes et invite les \u00e9l\u00e8ves ainsi que leurs familles \u00e0 venir d\u00e9couvrir ses formations.<\/p>\n\n\n\n<h3 class=\"wp-block-heading\">\ud83d\udd2c Focus sur la fili\u00e8re STL (Sciences et Technologies de Laboratoire)<\/h3>\n\n\n\n<p>Cette \u00e9dition mettra particuli\u00e8rement \u00e0 l\u2019honneur la s\u00e9rie <strong>STL<\/strong>, destin\u00e9e notamment aux \u00e9l\u00e8ves de <strong>Seconde<\/strong> souhaitant s\u2019orienter vers une voie scientifique et technologique.<\/p>\n\n\n\n<p>Les visiteurs pourront :<\/p>\n\n\n\n<ul class=\"wp-block-list\">\n<li>D\u00e9couvrir les enseignements sp\u00e9cifiques de la fili\u00e8re<\/li>\n\n\n\n<li>Mieux comprendre les poursuites d\u2019\u00e9tudes possibles<\/li>\n\n\n\n<li>Identifier les d\u00e9bouch\u00e9s dans l\u2019enseignement sup\u00e9rieur et les secteurs professionnels concern\u00e9s<\/li>\n<\/ul>\n\n\n\n<hr class=\"wp-block-separator has-alpha-channel-opacity\" \/>\n\n\n\n<h3 class=\"wp-block-heading\">\ud83c\udf93 Formations post-bac propos\u00e9es<\/h3>\n\n\n\n<p>Les \u00e9l\u00e8ves de <strong>Terminale<\/strong> int\u00e9ress\u00e9s par une poursuite d\u2019\u00e9tudes pourront \u00e9galement d\u00e9couvrir, \u00e0 travers des pr\u00e9sentations et ateliers pratiques, les formations suivantes :<\/p>\n\n\n\n<ul class=\"wp-block-list\">\n<li><strong>DTS IMRT<\/strong> \u2013 Imagerie M\u00e9dicale et Radiologie Th\u00e9rapeutique<\/li>\n\n\n\n<li><strong>BTS ESF<\/strong> \u2013 \u00c9conomie Sociale et Familiale<\/li>\n\n\n\n<li><strong>BTS SP3S<\/strong> \u2013 Services et Prestations des Secteurs Sanitaire et Social<\/li>\n\n\n\n<li><strong>BTS Di\u00e9t\u00e9tique et Nutrition<\/strong><\/li>\n\n\n\n<li><strong>DEAS \/ DEAP<\/strong> \u2013 Dipl\u00f4mes d\u2019\u00c9tat Aide-soignant et Auxiliaire de Pu\u00e9riculture<\/li>\n\n\n\n<li><strong>CS AD<\/strong> \u2013 Mention Compl\u00e9mentaire Aide \u00e0 Domicile<\/li>\n<\/ul>\n\n\n\n<hr class=\"wp-block-separator has-alpha-channel-opacity\" \/>\n\n\n\n<h3 class=\"wp-block-heading\">\ud83d\udccc Informations pratiques<\/h3>\n\n\n\n<p>L\u2019inscription est obligatoire via le QR code pr\u00e9sent sur l\u2019affiche ou directement en ligne \u00e0 l\u2019adresse suivante :<br \/>\ud83d\udc49 <a href=\"https:\/\/forms.office.com\/e\/WKYQEKzyaG\">https:\/\/forms.office.com\/e\/WKYQEKzyaG<\/a><\/p>\n\n\n\n<p>Nous invitons les \u00e9l\u00e8ves de <strong>Seconde et de Terminale<\/strong>, ainsi que leurs parents, \u00e0 profiter de cette opportunit\u00e9 pour affiner leur projet d\u2019orientation.<\/p>\n\n\n\n<figure class=\"wp-block-image size-full\"><img loading=\"lazy\" decoding=\"async\" width=\"780\" height=\"876\" src=\"https:\/\/etab.ac-reunion.fr\/lyc-antoine-de-saint-exupery\/wp-content\/uploads\/sites\/59\/2026\/02\/image-21.png\" alt=\"\" class=\"wp-image-11626\" srcset=\"https:\/\/etab.ac-reunion.fr\/lyc-antoine-de-saint-exupery\/wp-content\/uploads\/sites\/59\/2026\/02\/image-21.png 780w, https:\/\/etab.ac-reunion.fr\/lyc-antoine-de-saint-exupery\/wp-content\/uploads\/sites\/59\/2026\/02\/image-21-267x300.png 267w, https:\/\/etab.ac-reunion.fr\/lyc-antoine-de-saint-exupery\/wp-content\/uploads\/sites\/59\/2026\/02\/image-21-768x863.png 768w\" sizes=\"auto, (max-width: 780px) 100vw, 780px\" \/><\/figure>\n","protected":false},"excerpt":{"rendered":"<p>Le Lyc\u00e9e Marie Curie organise sa Journ\u00e9e Portes Ouvertes et invite les \u00e9l\u00e8ves ainsi que leurs familles \u00e0 venir d\u00e9couvrir ses formations. \ud83d\udd2c Focus sur la fili\u00e8re STL (Sciences et Technologies de Laboratoire) Cette \u00e9dition mettra particuli\u00e8rement \u00e0 l\u2019honneur la s\u00e9rie STL, destin\u00e9e notamment aux \u00e9l\u00e8ves de Seconde souhaitant s\u2019orienter vers une voie scientifique et [&hellip;]<\/p>\n","protected":false},"author":23092,"featured_media":11626,"comment_status":"closed","ping_status":"closed","sticky":false,"template":"","format":"standard","meta":{"footnotes":""},"categories":[169,193],"tags":[],"class_list":["post-11625","post","type-post","status-publish","format-standard","has-post-thumbnail","hentry","category-informations-journee-portes-ouvertes-exterieure","category-orientation-2025-2026"],"_links":{"self":[{"href":"https:\/\/etab.ac-reunion.fr\/lyc-antoine-de-saint-exupery\/wp-json\/wp\/v2\/posts\/11625","targetHints":{"allow":["GET"]}}],"collection":[{"href":"https:\/\/etab.ac-reunion.fr\/lyc-antoine-de-saint-exupery\/wp-json\/wp\/v2\/posts"}],"about":[{"href":"https:\/\/etab.ac-reunion.fr\/lyc-antoine-de-saint-exupery\/wp-json\/wp\/v2\/types\/post"}],"author":[{"embeddable":true,"href":"https:\/\/etab.ac-reunion.fr\/lyc-antoine-de-saint-exupery\/wp-json\/wp\/v2\/users\/23092"}],"replies":[{"embeddable":true,"href":"https:\/\/etab.ac-reunion.fr\/lyc-antoine-de-saint-exupery\/wp-json\/wp\/v2\/comments?post=11625"}],"version-history":[{"count":1,"href":"https:\/\/etab.ac-reunion.fr\/lyc-antoine-de-saint-exupery\/wp-json\/wp\/v2\/posts\/11625\/revisions"}],"predecessor-version":[{"id":11627,"href":"https:\/\/etab.ac-reunion.fr\/lyc-antoine-de-saint-exupery\/wp-json\/wp\/v2\/posts\/11625\/revisions\/11627"}],"wp:featuredmedia":[{"embeddable":true,"href":"https:\/\/etab.ac-reunion.fr\/lyc-antoine-de-saint-exupery\/wp-json\/wp\/v2\/media\/11626"}],"wp:attachment":[{"href":"https:\/\/etab.ac-reunion.fr\/lyc-antoine-de-saint-exupery\/wp-json\/wp\/v2\/media?parent=11625"}],"wp:term":[{"taxonomy":"category","embeddable":true,"href":"https:\/\/etab.ac-reunion.fr\/lyc-antoine-de-saint-exupery\/wp-json\/wp\/v2\/categories?post=11625"},{"taxonomy":"post_tag","embeddable":true,"href":"https:\/\/etab.ac-reunion.fr\/lyc-antoine-de-saint-exupery\/wp-json\/wp\/v2\/tags?post=11625"}],"curies":[{"name":"wp","href":"https:\/\/api.w.org\/{rel}","templated":true}]}}