{"id":11628,"date":"2026-02-16T11:23:29","date_gmt":"2026-02-16T07:23:29","guid":{"rendered":"https:\/\/etab.ac-reunion.fr\/lyc-antoine-de-saint-exupery\/?p=11628"},"modified":"2026-02-16T11:23:29","modified_gmt":"2026-02-16T07:23:29","slug":"journee-portes-ouvertes-lycee-cluny-%f0%9f%93%85-vendredi-27-fevrier-2026%f0%9f%95%98-de-9h00-a-15h00","status":"publish","type":"post","link":"https:\/\/etab.ac-reunion.fr\/lyc-antoine-de-saint-exupery\/journee-portes-ouvertes-lycee-cluny-%f0%9f%93%85-vendredi-27-fevrier-2026%f0%9f%95%98-de-9h00-a-15h00\/","title":{"rendered":"Journ\u00e9e Portes Ouvertes \u2013 Lyc\u00e9e Cluny \ud83d\udcc5 Vendredi 27 f\u00e9vrier 2026\ud83d\udd58 De 9h00 \u00e0 15h00"},"content":{"rendered":"\n<p>Le <strong>Lyc\u00e9e Cluny de Sainte-Suzanne<\/strong> organise sa <strong>journ\u00e9e Portes Ouvertes<\/strong> le vendredi 27 f\u00e9vrier 2026.<\/p>\n\n\n\n<p>Cette journ\u00e9e permettra aux \u00e9l\u00e8ves et \u00e0 leurs familles de d\u00e9couvrir l\u2019ensemble des formations propos\u00e9es, de la <strong>3\u1d49 Pr\u00e9pa-M\u00e9tiers<\/strong> jusqu\u2019au <strong>BTS<\/strong>.<\/p>\n\n\n\n<h3 class=\"wp-block-heading\">\ud83c\udf93 Formations propos\u00e9es<\/h3>\n\n\n\n<p><strong>Voie professionnelle :<\/strong><\/p>\n\n\n\n<ul class=\"wp-block-list\">\n<li>3\u1d49 Pr\u00e9pa-M\u00e9tiers<\/li>\n\n\n\n<li>CAP Services \u00e0 la Personne<\/li>\n\n\n\n<li>CAP Vente (avec dispositif ULIS)<\/li>\n\n\n\n<li>Bac Pro Services \u00e0 la Personne<\/li>\n\n\n\n<li>Bac Pro Commerce<\/li>\n\n\n\n<li>Bac Pro Accueil<\/li>\n\n\n\n<li>Bac Pro Gestion-Administration<\/li>\n\n\n\n<li>Bac Pro Vente (sp\u00e9cialit\u00e9 vins et spiritueux \u2013 formation unique \u00e0 La R\u00e9union)<\/li>\n<\/ul>\n\n\n\n<p><strong>Enseignement sup\u00e9rieur :<\/strong><\/p>\n\n\n\n<ul class=\"wp-block-list\">\n<li>BTS Commerce International<\/li>\n\n\n\n<li>BTS N\u00e9gociation et Digitalisation de la Relation Client<\/li>\n\n\n\n<li>BTS Tourisme<\/li>\n\n\n\n<li>BTS D\u00e9veloppement et Animation des Projets Territoriaux<\/li>\n<\/ul>\n\n\n\n<hr class=\"wp-block-separator has-alpha-channel-opacity\" \/>\n\n\n\n<h3 class=\"wp-block-heading\">\ud83d\udd0e Au programme de la journ\u00e9e<\/h3>\n\n\n\n<ul class=\"wp-block-list\">\n<li>Rencontre avec les \u00e9quipes p\u00e9dagogiques<\/li>\n\n\n\n<li>\u00c9changes avec les \u00e9l\u00e8ves et \u00e9tudiants<\/li>\n\n\n\n<li>Visite des plateaux techniques<\/li>\n\n\n\n<li>Pr\u00e9sentation des projets et des parcours de formation<\/li>\n<\/ul>\n\n\n\n<p>Nous invitons les \u00e9l\u00e8ves int\u00e9ress\u00e9s, notamment ceux de <strong>3\u1d49, Seconde et Terminale<\/strong>, \u00e0 profiter de cette opportunit\u00e9 pour affiner leur projet d\u2019orientation.<\/p>\n\n\n\n<p>Pour toute information compl\u00e9mentaire, il est possible de contacter directement l\u2019\u00e9tablissement au <strong>02 62 98 06 26<\/strong>.<\/p>\n\n\n\n<p><\/p>\n","protected":false},"excerpt":{"rendered":"<p>Le Lyc\u00e9e Cluny de Sainte-Suzanne organise sa journ\u00e9e Portes Ouvertes le vendredi 27 f\u00e9vrier 2026. Cette journ\u00e9e permettra aux \u00e9l\u00e8ves et \u00e0 leurs familles de d\u00e9couvrir l\u2019ensemble des formations propos\u00e9es, de la 3\u1d49 Pr\u00e9pa-M\u00e9tiers jusqu\u2019au BTS. \ud83c\udf93 Formations propos\u00e9es Voie professionnelle : Enseignement sup\u00e9rieur : \ud83d\udd0e Au programme de la journ\u00e9e Nous invitons les \u00e9l\u00e8ves [&hellip;]<\/p>\n","protected":false},"author":23092,"featured_media":10591,"comment_status":"closed","ping_status":"closed","sticky":false,"template":"","format":"standard","meta":{"footnotes":""},"categories":[169,193],"tags":[],"class_list":["post-11628","post","type-post","status-publish","format-standard","has-post-thumbnail","hentry","category-informations-journee-portes-ouvertes-exterieure","category-orientation-2025-2026"],"_links":{"self":[{"href":"https:\/\/etab.ac-reunion.fr\/lyc-antoine-de-saint-exupery\/wp-json\/wp\/v2\/posts\/11628","targetHints":{"allow":["GET"]}}],"collection":[{"href":"https:\/\/etab.ac-reunion.fr\/lyc-antoine-de-saint-exupery\/wp-json\/wp\/v2\/posts"}],"about":[{"href":"https:\/\/etab.ac-reunion.fr\/lyc-antoine-de-saint-exupery\/wp-json\/wp\/v2\/types\/post"}],"author":[{"embeddable":true,"href":"https:\/\/etab.ac-reunion.fr\/lyc-antoine-de-saint-exupery\/wp-json\/wp\/v2\/users\/23092"}],"replies":[{"embeddable":true,"href":"https:\/\/etab.ac-reunion.fr\/lyc-antoine-de-saint-exupery\/wp-json\/wp\/v2\/comments?post=11628"}],"version-history":[{"count":1,"href":"https:\/\/etab.ac-reunion.fr\/lyc-antoine-de-saint-exupery\/wp-json\/wp\/v2\/posts\/11628\/revisions"}],"predecessor-version":[{"id":11630,"href":"https:\/\/etab.ac-reunion.fr\/lyc-antoine-de-saint-exupery\/wp-json\/wp\/v2\/posts\/11628\/revisions\/11630"}],"wp:featuredmedia":[{"embeddable":true,"href":"https:\/\/etab.ac-reunion.fr\/lyc-antoine-de-saint-exupery\/wp-json\/wp\/v2\/media\/10591"}],"wp:attachment":[{"href":"https:\/\/etab.ac-reunion.fr\/lyc-antoine-de-saint-exupery\/wp-json\/wp\/v2\/media?parent=11628"}],"wp:term":[{"taxonomy":"category","embeddable":true,"href":"https:\/\/etab.ac-reunion.fr\/lyc-antoine-de-saint-exupery\/wp-json\/wp\/v2\/categories?post=11628"},{"taxonomy":"post_tag","embeddable":true,"href":"https:\/\/etab.ac-reunion.fr\/lyc-antoine-de-saint-exupery\/wp-json\/wp\/v2\/tags?post=11628"}],"curies":[{"name":"wp","href":"https:\/\/api.w.org\/{rel}","templated":true}]}}