{"id":11631,"date":"2026-02-17T08:11:39","date_gmt":"2026-02-17T04:11:39","guid":{"rendered":"https:\/\/etab.ac-reunion.fr\/lyc-antoine-de-saint-exupery\/?p=11631"},"modified":"2026-02-18T09:04:37","modified_gmt":"2026-02-18T05:04:37","slug":"journee-portes-ouvertes-lycee-polyvalent-paul-verges-%f0%9f%93%85-samedi-21-fevrier-2026%f0%9f%95%a3-de-8h30-a-12h00%f0%9f%93%8d-saint-paul","status":"publish","type":"post","link":"https:\/\/etab.ac-reunion.fr\/lyc-antoine-de-saint-exupery\/journee-portes-ouvertes-lycee-polyvalent-paul-verges-%f0%9f%93%85-samedi-21-fevrier-2026%f0%9f%95%a3-de-8h30-a-12h00%f0%9f%93%8d-saint-paul\/","title":{"rendered":"Journ\u00e9e Portes Ouvertes \u2013 Lyc\u00e9e polyvalent Paul Verg\u00e8s \ud83d\udcc5 Samedi 21 f\u00e9vrier 2026\ud83d\udd63 De 8h30 \u00e0 12h00\ud83d\udccd Saint-Paul"},"content":{"rendered":"\n<p>Le Lyc\u00e9e Antoine de Saint-Exup\u00e9ry relaie aupr\u00e8s des \u00e9l\u00e8ves et des parents l\u2019information suivante concernant l\u2019orientation :<\/p>\n\n\n\n<p>\ud83c\udfeb Journ\u00e9e Portes Ouvertes \u2013 Lyc\u00e9e polyvalent Paul Verg\u00e8s<\/p>\n\n\n\n<p>\ud83d\udcc5 <strong>Samedi 21 f\u00e9vrier 2026<\/strong><br \/>\ud83d\udd63 <strong>De 8h30 \u00e0 12h00<\/strong><br \/>\ud83d\udccd <strong>Saint-Paul<\/strong><\/p>\n\n\n\n<p>Cette matin\u00e9e sera l\u2019occasion pour les \u00e9l\u00e8ves et leurs familles de d\u00e9couvrir les formations propos\u00e9es, d\u2019\u00e9changer avec les \u00e9quipes p\u00e9dagogiques et de s\u2019informer sur les poursuites d\u2019\u00e9tudes possibles.<\/p>\n\n\n\n<hr class=\"wp-block-separator has-alpha-channel-opacity\" \/>\n\n\n\n<h3 class=\"wp-block-heading\">\ud83d\udd27 Formations professionnelles pr\u00e9sent\u00e9es<\/h3>\n\n\n\n<p>Des vid\u00e9os de pr\u00e9sentation sont disponibles pour d\u00e9couvrir les formations suivantes :<\/p>\n\n\n\n<ul class=\"wp-block-list\">\n<li><strong>CAP Agent qualit\u00e9 de l&rsquo;eau<\/strong><br \/>\ud83d\udc49 <a href=\"https:\/\/view.genially.com\/691afa9b77d467a593e7e171\">https:\/\/view.genially.com\/691afa9b77d467a593e7e171<\/a><\/li>\n\n\n\n<li><strong>Bac Professionnel PIPAC<\/strong> (Pilote d\u2019Installations de Production Automatis\u00e9e et Conduite)<br \/>\ud83d\udc49 <a href=\"https:\/\/view.genially.com\/68d64863c2bc918d5e438cb0\">https:\/\/view.genially.com\/68d64863c2bc918d5e438cb0<\/a><\/li>\n\n\n\n<li><strong>Bac Professionnel PCEPC<\/strong> (Proc\u00e9d\u00e9s de la Chimie, de l\u2019Eau et des Papiers-Cartons)<br \/>\ud83d\udc49 <a href=\"https:\/\/view.genially.com\/691ae9ce640bb2d756270676\">https:\/\/view.genially.com\/691ae9ce640bb2d756270676<\/a><\/li>\n\n\n\n<li><\/li>\n<\/ul>\n\n\n\n<p>Nous invitons les \u00e9l\u00e8ves int\u00e9ress\u00e9s par ces formations et leurs familles \u00e0 participer \u00e0 cette matin\u00e9e d\u2019information.<\/p>\n\n\n\n<p>Pour toute question relative \u00e0 l\u2019orientation, vous pouvez vous rapprocher du service orientation du lyc\u00e9e.<\/p>\n\n\n\n<figure class=\"wp-block-image size-full\"><img loading=\"lazy\" decoding=\"async\" width=\"446\" height=\"629\" src=\"https:\/\/etab.ac-reunion.fr\/lyc-antoine-de-saint-exupery\/wp-content\/uploads\/sites\/59\/2026\/02\/image-22.png\" alt=\"\" class=\"wp-image-11632\" srcset=\"https:\/\/etab.ac-reunion.fr\/lyc-antoine-de-saint-exupery\/wp-content\/uploads\/sites\/59\/2026\/02\/image-22.png 446w, https:\/\/etab.ac-reunion.fr\/lyc-antoine-de-saint-exupery\/wp-content\/uploads\/sites\/59\/2026\/02\/image-22-213x300.png 213w\" sizes=\"auto, (max-width: 446px) 100vw, 446px\" \/><\/figure>\n\n\n\n<figure class=\"wp-block-image size-full is-resized\"><img loading=\"lazy\" decoding=\"async\" width=\"593\" height=\"824\" src=\"https:\/\/etab.ac-reunion.fr\/lyc-antoine-de-saint-exupery\/wp-content\/uploads\/sites\/59\/2026\/02\/image-26.png\" alt=\"\" class=\"wp-image-11643\" style=\"aspect-ratio:0.7196719142743749;width:436px;height:auto\" srcset=\"https:\/\/etab.ac-reunion.fr\/lyc-antoine-de-saint-exupery\/wp-content\/uploads\/sites\/59\/2026\/02\/image-26.png 593w, https:\/\/etab.ac-reunion.fr\/lyc-antoine-de-saint-exupery\/wp-content\/uploads\/sites\/59\/2026\/02\/image-26-216x300.png 216w\" sizes=\"auto, (max-width: 593px) 100vw, 593px\" \/><\/figure>\n\n\n\n<figure class=\"wp-block-image size-large is-resized\"><img loading=\"lazy\" decoding=\"async\" width=\"732\" height=\"1024\" src=\"https:\/\/etab.ac-reunion.fr\/lyc-antoine-de-saint-exupery\/wp-content\/uploads\/sites\/59\/2026\/02\/Capture-decran-2026-02-18-090125-732x1024.png\" alt=\"\" class=\"wp-image-11645\" style=\"aspect-ratio:0.7148511630428889;width:505px;height:auto\" srcset=\"https:\/\/etab.ac-reunion.fr\/lyc-antoine-de-saint-exupery\/wp-content\/uploads\/sites\/59\/2026\/02\/Capture-decran-2026-02-18-090125-732x1024.png 732w, https:\/\/etab.ac-reunion.fr\/lyc-antoine-de-saint-exupery\/wp-content\/uploads\/sites\/59\/2026\/02\/Capture-decran-2026-02-18-090125-214x300.png 214w, https:\/\/etab.ac-reunion.fr\/lyc-antoine-de-saint-exupery\/wp-content\/uploads\/sites\/59\/2026\/02\/Capture-decran-2026-02-18-090125-768x1075.png 768w, https:\/\/etab.ac-reunion.fr\/lyc-antoine-de-saint-exupery\/wp-content\/uploads\/sites\/59\/2026\/02\/Capture-decran-2026-02-18-090125.png 783w\" sizes=\"auto, (max-width: 732px) 100vw, 732px\" \/><\/figure>\n","protected":false},"excerpt":{"rendered":"<p>Le Lyc\u00e9e Antoine de Saint-Exup\u00e9ry relaie aupr\u00e8s des \u00e9l\u00e8ves et des parents l\u2019information suivante concernant l\u2019orientation : \ud83c\udfeb Journ\u00e9e Portes Ouvertes \u2013 Lyc\u00e9e polyvalent Paul Verg\u00e8s \ud83d\udcc5 Samedi 21 f\u00e9vrier 2026\ud83d\udd63 De 8h30 \u00e0 12h00\ud83d\udccd Saint-Paul Cette matin\u00e9e sera l\u2019occasion pour les \u00e9l\u00e8ves et leurs familles de d\u00e9couvrir les formations propos\u00e9es, d\u2019\u00e9changer avec les \u00e9quipes [&hellip;]<\/p>\n","protected":false},"author":23092,"featured_media":11645,"comment_status":"closed","ping_status":"closed","sticky":false,"template":"","format":"standard","meta":{"footnotes":""},"categories":[169,193],"tags":[],"class_list":["post-11631","post","type-post","status-publish","format-standard","has-post-thumbnail","hentry","category-informations-journee-portes-ouvertes-exterieure","category-orientation-2025-2026"],"_links":{"self":[{"href":"https:\/\/etab.ac-reunion.fr\/lyc-antoine-de-saint-exupery\/wp-json\/wp\/v2\/posts\/11631","targetHints":{"allow":["GET"]}}],"collection":[{"href":"https:\/\/etab.ac-reunion.fr\/lyc-antoine-de-saint-exupery\/wp-json\/wp\/v2\/posts"}],"about":[{"href":"https:\/\/etab.ac-reunion.fr\/lyc-antoine-de-saint-exupery\/wp-json\/wp\/v2\/types\/post"}],"author":[{"embeddable":true,"href":"https:\/\/etab.ac-reunion.fr\/lyc-antoine-de-saint-exupery\/wp-json\/wp\/v2\/users\/23092"}],"replies":[{"embeddable":true,"href":"https:\/\/etab.ac-reunion.fr\/lyc-antoine-de-saint-exupery\/wp-json\/wp\/v2\/comments?post=11631"}],"version-history":[{"count":2,"href":"https:\/\/etab.ac-reunion.fr\/lyc-antoine-de-saint-exupery\/wp-json\/wp\/v2\/posts\/11631\/revisions"}],"predecessor-version":[{"id":11646,"href":"https:\/\/etab.ac-reunion.fr\/lyc-antoine-de-saint-exupery\/wp-json\/wp\/v2\/posts\/11631\/revisions\/11646"}],"wp:featuredmedia":[{"embeddable":true,"href":"https:\/\/etab.ac-reunion.fr\/lyc-antoine-de-saint-exupery\/wp-json\/wp\/v2\/media\/11645"}],"wp:attachment":[{"href":"https:\/\/etab.ac-reunion.fr\/lyc-antoine-de-saint-exupery\/wp-json\/wp\/v2\/media?parent=11631"}],"wp:term":[{"taxonomy":"category","embeddable":true,"href":"https:\/\/etab.ac-reunion.fr\/lyc-antoine-de-saint-exupery\/wp-json\/wp\/v2\/categories?post=11631"},{"taxonomy":"post_tag","embeddable":true,"href":"https:\/\/etab.ac-reunion.fr\/lyc-antoine-de-saint-exupery\/wp-json\/wp\/v2\/tags?post=11631"}],"curies":[{"name":"wp","href":"https:\/\/api.w.org\/{rel}","templated":true}]}}