{"id":11795,"date":"2026-04-20T12:14:40","date_gmt":"2026-04-20T08:14:40","guid":{"rendered":"https:\/\/etab.ac-reunion.fr\/lyc-antoine-de-saint-exupery\/?p=11795"},"modified":"2026-04-20T12:14:40","modified_gmt":"2026-04-20T08:14:40","slug":"concours-academique-de-calcul-mental-kaskoko-2026","status":"publish","type":"post","link":"https:\/\/etab.ac-reunion.fr\/lyc-antoine-de-saint-exupery\/concours-academique-de-calcul-mental-kaskoko-2026\/","title":{"rendered":"Concours acad\u00e9mique de calcul mental KASKOKO 2026"},"content":{"rendered":"\n<p>Pour la quatri\u00e8me ann\u00e9e cons\u00e9cutive, le Lyc\u00e9e des Avirons a particip\u00e9 au concours acad\u00e9mique de calcul mental KASKOKO 2026 qui r\u00e9unit tous les \u00e9l\u00e8ves de l\u2019enseignement professionnel.<\/p>\n\n\n\n<ul class=\"wp-block-list\">\n<li>A l\u2019issue des diff\u00e9rentes \u00e9tapes du concours, l\u2019\u00e9l\u00e8ve <strong><u>GOURDIALSING Allan-Dennys de la classe de Tale GA-MCV <\/u><\/strong>a termin\u00e9 <strong><u>deuxi\u00e8me de la finale acad\u00e9mique<\/u><\/strong> qui s\u2019est d\u00e9roul\u00e9 le jeudi 26 mars au Lyc\u00e9e Patu de Rosemont.<\/li>\n<\/ul>\n\n\n\n<ul class=\"wp-block-list\">\n<li>Ce concours a pour but d\u2019aider les \u00e9l\u00e8ves \u00e0 ma\u00eetriser le calcul mental (addition, soustraction, multiplication, calcul avec les puissances de 10, r\u00e9solution des \u00e9quations simples, calcul alg\u00e9brique).<\/li>\n<\/ul>\n\n\n\n<ul class=\"wp-block-list\">\n<li>Il permet \u00e9galement de\u00a0:<\/li>\n<\/ul>\n\n\n\n<p>&#8211;&nbsp;&nbsp;&nbsp;&nbsp;&nbsp;&nbsp;&nbsp; Motiver les \u00e9l\u00e8ves dans l\u2019apprentissage des calculs automatis\u00e9s.<\/p>\n\n\n\n<p>&#8211;&nbsp;&nbsp;&nbsp;&nbsp;&nbsp;&nbsp;&nbsp; Valoriser les r\u00e9ussites des \u00e9l\u00e8ves du lyc\u00e9e professionnel.<\/p>\n\n\n\n<p>&#8211;&nbsp;&nbsp;&nbsp;&nbsp;&nbsp;&nbsp;&nbsp; Favoriser l\u2019installation de temps d\u00e9di\u00e9s aux automatismes dans la pratique de classe.<\/p>\n\n\n\n<p>&#8211;&nbsp;&nbsp;&nbsp;&nbsp;&nbsp;&nbsp;&nbsp; Favoriser le travail collaboratif entre \u00e9tablissements.<\/p>\n\n\n\n<ul class=\"wp-block-list\">\n<li>Les 11 classes de la section d\u2019enseignement professionnel du lyc\u00e9e (2 classes de CAP et 9 classes de BAC PRO) ont particip\u00e9 au concours en \u00e9tant r\u00e9parti en 3 groupes\u00a0:<\/li>\n<\/ul>\n\n\n\n<p>&#8211;&nbsp;&nbsp;&nbsp;&nbsp;&nbsp;&nbsp;&nbsp; PREMIER GROUPE : les \u00e9l\u00e8ves de seconde CAP et de terminale CAP<\/p>\n\n\n\n<p>&#8211;&nbsp;&nbsp;&nbsp;&nbsp;&nbsp;&nbsp;&nbsp; DEUXI\u00c8ME GROUPE : les \u00e9l\u00e8ves de seconde BAC PRO<\/p>\n\n\n\n<p>&#8211;&nbsp;&nbsp;&nbsp;&nbsp;&nbsp;&nbsp;&nbsp; TROISI\u00c8ME GROUPE : les \u00e9l\u00e8ves de premi\u00e8re et de terminale BAC PRO<\/p>\n\n\n\n<p>Les \u00e9l\u00e8ves se sont affront\u00e9s en phases qualificatives, en finale \u00e9tablissement et en finale du bassin. Pour les phases qualificatives, trois \u00e9l\u00e8ves de chaque classe ont \u00e9t\u00e9 s\u00e9lectionn\u00e9s.<\/p>\n\n\n\n<ul class=\"wp-block-list\">\n<li>A l\u2019issue de la finale \u00e9tablissement, deux \u00e9l\u00e8ves de chaque groupe ont \u00e9t\u00e9 qualifi\u00e9s pour <strong><u>la finale du bassin sud qui s\u2019est d\u00e9roul\u00e9e le mardi 24 mars au Lyc\u00e9e Roches Maigres\u00a0:<\/u><\/strong><\/li>\n<\/ul>\n\n\n\n<ul class=\"wp-block-list\">\n<li>GOURDIALSING Allan-Dennys en Tale GA-MCV<\/li>\n\n\n\n<li>LAGARRIGUE Jade en 1<sup>\u00e8re<\/sup> GA-MCV<\/li>\n\n\n\n<li>CLOTAGATIDE Toky en 2nd MRC<\/li>\n\n\n\n<li>ROUGET Romuald en 2nd GA-MRC<\/li>\n\n\n\n<li>BOYER Rudy en CAP 2 EPC<\/li>\n\n\n\n<li>DROLE Jade en CAP 2 EPC<\/li>\n<\/ul>\n\n\n\n<p><strong><u>Finale du bassin sud au Lyc\u00e9e Roches Maigres<\/u><\/strong><\/p>\n\n\n\n<ul class=\"wp-block-list\">\n<li><strong><u>L\u2019\u00e9l\u00e8ve ROUGET Romuald en 2nd GA-MRC a termin\u00e9 premier de la finale du bassin sud pour le groupement 2.<\/u><\/strong><\/li>\n<\/ul>\n\n\n\n<figure class=\"wp-block-image size-full\"><img loading=\"lazy\" decoding=\"async\" width=\"422\" height=\"760\" src=\"https:\/\/etab.ac-reunion.fr\/lyc-antoine-de-saint-exupery\/wp-content\/uploads\/sites\/59\/2026\/04\/image-5.png\" alt=\"\" class=\"wp-image-11796\" srcset=\"https:\/\/etab.ac-reunion.fr\/lyc-antoine-de-saint-exupery\/wp-content\/uploads\/sites\/59\/2026\/04\/image-5.png 422w, https:\/\/etab.ac-reunion.fr\/lyc-antoine-de-saint-exupery\/wp-content\/uploads\/sites\/59\/2026\/04\/image-5-167x300.png 167w\" sizes=\"auto, (max-width: 422px) 100vw, 422px\" \/><\/figure>\n\n\n\n<ul class=\"wp-block-list\">\n<li><strong><u>L\u2019\u00e9l\u00e8ve GOURDIALSING Allan-Dennys en Tale GA-MCV a termin\u00e9 deuxi\u00e8me de la finale du bassin sud pour le groupement 3<\/u><\/strong>.<\/li>\n<\/ul>\n\n\n\n<figure class=\"wp-block-image size-full\"><img loading=\"lazy\" decoding=\"async\" width=\"469\" height=\"728\" src=\"https:\/\/etab.ac-reunion.fr\/lyc-antoine-de-saint-exupery\/wp-content\/uploads\/sites\/59\/2026\/04\/image-6.png\" alt=\"\" class=\"wp-image-11797\" srcset=\"https:\/\/etab.ac-reunion.fr\/lyc-antoine-de-saint-exupery\/wp-content\/uploads\/sites\/59\/2026\/04\/image-6.png 469w, https:\/\/etab.ac-reunion.fr\/lyc-antoine-de-saint-exupery\/wp-content\/uploads\/sites\/59\/2026\/04\/image-6-193x300.png 193w\" sizes=\"auto, (max-width: 469px) 100vw, 469px\" \/><\/figure>\n\n\n\n<ul class=\"wp-block-list\">\n<li><strong><u>Le lyc\u00e9e Antoine de Saint-Exup\u00e9ry a termin\u00e9 deuxi\u00e8me du challenge inter-\u00e9tablissement avec quatre participants contre six pour les autres lyc\u00e9es pr\u00e9sents.<\/u><\/strong><\/li>\n<\/ul>\n\n\n\n<figure class=\"wp-block-image size-full\"><img loading=\"lazy\" decoding=\"async\" width=\"753\" height=\"409\" src=\"https:\/\/etab.ac-reunion.fr\/lyc-antoine-de-saint-exupery\/wp-content\/uploads\/sites\/59\/2026\/04\/image-7.png\" alt=\"\" class=\"wp-image-11798\" srcset=\"https:\/\/etab.ac-reunion.fr\/lyc-antoine-de-saint-exupery\/wp-content\/uploads\/sites\/59\/2026\/04\/image-7.png 753w, https:\/\/etab.ac-reunion.fr\/lyc-antoine-de-saint-exupery\/wp-content\/uploads\/sites\/59\/2026\/04\/image-7-300x163.png 300w\" sizes=\"auto, (max-width: 753px) 100vw, 753px\" \/><\/figure>\n\n\n\n<figure class=\"wp-block-image size-full\"><img loading=\"lazy\" decoding=\"async\" width=\"761\" height=\"418\" src=\"https:\/\/etab.ac-reunion.fr\/lyc-antoine-de-saint-exupery\/wp-content\/uploads\/sites\/59\/2026\/04\/image-8.png\" alt=\"\" class=\"wp-image-11799\" srcset=\"https:\/\/etab.ac-reunion.fr\/lyc-antoine-de-saint-exupery\/wp-content\/uploads\/sites\/59\/2026\/04\/image-8.png 761w, https:\/\/etab.ac-reunion.fr\/lyc-antoine-de-saint-exupery\/wp-content\/uploads\/sites\/59\/2026\/04\/image-8-300x165.png 300w\" sizes=\"auto, (max-width: 761px) 100vw, 761px\" \/><\/figure>\n\n\n\n<p><\/p>\n\n\n\n<p><strong><u>Finale acad\u00e9mique au Lyc\u00e9e Patu de Rosemont<\/u><\/strong><\/p>\n\n\n\n<figure class=\"wp-block-image size-full\"><img loading=\"lazy\" decoding=\"async\" width=\"624\" height=\"719\" src=\"https:\/\/etab.ac-reunion.fr\/lyc-antoine-de-saint-exupery\/wp-content\/uploads\/sites\/59\/2026\/04\/image-9.png\" alt=\"\" class=\"wp-image-11800\" srcset=\"https:\/\/etab.ac-reunion.fr\/lyc-antoine-de-saint-exupery\/wp-content\/uploads\/sites\/59\/2026\/04\/image-9.png 624w, https:\/\/etab.ac-reunion.fr\/lyc-antoine-de-saint-exupery\/wp-content\/uploads\/sites\/59\/2026\/04\/image-9-260x300.png 260w\" sizes=\"auto, (max-width: 624px) 100vw, 624px\" \/><\/figure>\n\n\n\n<figure class=\"wp-block-image size-large\"><img loading=\"lazy\" decoding=\"async\" width=\"1024\" height=\"562\" src=\"https:\/\/etab.ac-reunion.fr\/lyc-antoine-de-saint-exupery\/wp-content\/uploads\/sites\/59\/2026\/04\/image-10-1024x562.png\" alt=\"\" class=\"wp-image-11801\" srcset=\"https:\/\/etab.ac-reunion.fr\/lyc-antoine-de-saint-exupery\/wp-content\/uploads\/sites\/59\/2026\/04\/image-10-1024x562.png 1024w, https:\/\/etab.ac-reunion.fr\/lyc-antoine-de-saint-exupery\/wp-content\/uploads\/sites\/59\/2026\/04\/image-10-300x165.png 300w, https:\/\/etab.ac-reunion.fr\/lyc-antoine-de-saint-exupery\/wp-content\/uploads\/sites\/59\/2026\/04\/image-10-768x422.png 768w, https:\/\/etab.ac-reunion.fr\/lyc-antoine-de-saint-exupery\/wp-content\/uploads\/sites\/59\/2026\/04\/image-10.png 1146w\" sizes=\"auto, (max-width: 1024px) 100vw, 1024px\" \/><\/figure>\n\n\n\n<p><strong><br \/><\/strong><\/p>\n\n\n\n<p>Pour l\u2019\u00e9quipe Maths\/Sciences du Lyc\u00e9e des Avirons,<\/p>\n\n\n\n<p>PERIANAYAGOM Damien, r\u00e9f\u00e9rent du concours de calcul mental Kaskoko<\/p>\n","protected":false},"excerpt":{"rendered":"<p>Pour la quatri\u00e8me ann\u00e9e cons\u00e9cutive, le Lyc\u00e9e des Avirons a particip\u00e9 au concours acad\u00e9mique de calcul mental KASKOKO 2026 qui r\u00e9unit tous les \u00e9l\u00e8ves de l\u2019enseignement professionnel. &#8211;&nbsp;&nbsp;&nbsp;&nbsp;&nbsp;&nbsp;&nbsp; Motiver les \u00e9l\u00e8ves dans l\u2019apprentissage des calculs automatis\u00e9s. &#8211;&nbsp;&nbsp;&nbsp;&nbsp;&nbsp;&nbsp;&nbsp; Valoriser les r\u00e9ussites des \u00e9l\u00e8ves du lyc\u00e9e professionnel. &#8211;&nbsp;&nbsp;&nbsp;&nbsp;&nbsp;&nbsp;&nbsp; Favoriser l\u2019installation de temps d\u00e9di\u00e9s aux automatismes dans la [&hellip;]<\/p>\n","protected":false},"author":23092,"featured_media":11802,"comment_status":"closed","ping_status":"closed","sticky":false,"template":"","format":"standard","meta":{"footnotes":""},"categories":[30],"tags":[],"class_list":["post-11795","post","type-post","status-publish","format-standard","has-post-thumbnail","hentry","category-vie-du-lycee"],"_links":{"self":[{"href":"https:\/\/etab.ac-reunion.fr\/lyc-antoine-de-saint-exupery\/wp-json\/wp\/v2\/posts\/11795","targetHints":{"allow":["GET"]}}],"collection":[{"href":"https:\/\/etab.ac-reunion.fr\/lyc-antoine-de-saint-exupery\/wp-json\/wp\/v2\/posts"}],"about":[{"href":"https:\/\/etab.ac-reunion.fr\/lyc-antoine-de-saint-exupery\/wp-json\/wp\/v2\/types\/post"}],"author":[{"embeddable":true,"href":"https:\/\/etab.ac-reunion.fr\/lyc-antoine-de-saint-exupery\/wp-json\/wp\/v2\/users\/23092"}],"replies":[{"embeddable":true,"href":"https:\/\/etab.ac-reunion.fr\/lyc-antoine-de-saint-exupery\/wp-json\/wp\/v2\/comments?post=11795"}],"version-history":[{"count":1,"href":"https:\/\/etab.ac-reunion.fr\/lyc-antoine-de-saint-exupery\/wp-json\/wp\/v2\/posts\/11795\/revisions"}],"predecessor-version":[{"id":11803,"href":"https:\/\/etab.ac-reunion.fr\/lyc-antoine-de-saint-exupery\/wp-json\/wp\/v2\/posts\/11795\/revisions\/11803"}],"wp:featuredmedia":[{"embeddable":true,"href":"https:\/\/etab.ac-reunion.fr\/lyc-antoine-de-saint-exupery\/wp-json\/wp\/v2\/media\/11802"}],"wp:attachment":[{"href":"https:\/\/etab.ac-reunion.fr\/lyc-antoine-de-saint-exupery\/wp-json\/wp\/v2\/media?parent=11795"}],"wp:term":[{"taxonomy":"category","embeddable":true,"href":"https:\/\/etab.ac-reunion.fr\/lyc-antoine-de-saint-exupery\/wp-json\/wp\/v2\/categories?post=11795"},{"taxonomy":"post_tag","embeddable":true,"href":"https:\/\/etab.ac-reunion.fr\/lyc-antoine-de-saint-exupery\/wp-json\/wp\/v2\/tags?post=11795"}],"curies":[{"name":"wp","href":"https:\/\/api.w.org\/{rel}","templated":true}]}}