{"id":2562,"date":"2016-09-23T14:29:48","date_gmt":"2016-09-23T10:29:48","guid":{"rendered":"http:\/\/lycee-avirons.ac-reunion.fr\/?p=2562"},"modified":"2016-09-23T14:29:48","modified_gmt":"2016-09-23T10:29:48","slug":"elections-conseil-de-vie-lyceenne-conseil-dadministration-conseil-de-discipline","status":"publish","type":"post","link":"https:\/\/etab.ac-reunion.fr\/lyc-antoine-de-saint-exupery\/elections-conseil-de-vie-lyceenne-conseil-dadministration-conseil-de-discipline\/","title":{"rendered":"Elections Conseil de Vie lyc\u00e9enne, Conseil d&rsquo;administration, Conseil de discipline"},"content":{"rendered":"<p>Date limite des candidatures pour le CVL lundi 26\/09\/2016 17h en Vie scolaire<\/p>\n<p>Rappel : tous les \u00e9l\u00e8ves peuvent se pr\u00e9senter au CVL.<\/p>\n<p>Attention depuis cette rentr\u00e9e, seuls les \u00e9lus du CVL peuvent \u00eatre \u00e9lus au Conseil d&rsquo;Administration et au Conseil de discipline.<\/p>\n<p>L&rsquo;\u00e9lection du CVL aura lieu le mardi 27\/09\/2016 \u00a08h30 \u00e0 14h (tous les \u00e9l\u00e8ves votent)<\/p>\n<p>Les \u00e9lections du CA et du conseil de discipline auront lieu jeudi 29\/09\/2016 (les d\u00e9l\u00e9gu\u00e9s titulaires de classes et internat et les \u00e9lus titulaires et suppl\u00e9ants du CVL votent)<\/p>\n<p>Merci de votre participation citoyenne<\/p>\n","protected":false},"excerpt":{"rendered":"<p>Date limite des candidatures pour le CVL lundi 26\/09\/2016 17h en Vie scolaire Rappel : tous les \u00e9l\u00e8ves peuvent se pr\u00e9senter au CVL. Attention depuis cette rentr\u00e9e, seuls les \u00e9lus du CVL peuvent \u00eatre \u00e9lus au Conseil d&rsquo;Administration et au Conseil de discipline. L&rsquo;\u00e9lection du CVL aura lieu le mardi 27\/09\/2016 \u00a08h30 \u00e0 14h (tous [&hellip;]<\/p>\n","protected":false},"author":11876,"featured_media":0,"comment_status":"closed","ping_status":"closed","sticky":false,"template":"","format":"standard","meta":{"footnotes":""},"categories":[14,1,30,13],"tags":[],"class_list":["post-2562","post","type-post","status-publish","format-standard","hentry","category-informations","category-non-classe","category-vie-du-lycee","category-vie-scolaire"],"_links":{"self":[{"href":"https:\/\/etab.ac-reunion.fr\/lyc-antoine-de-saint-exupery\/wp-json\/wp\/v2\/posts\/2562","targetHints":{"allow":["GET"]}}],"collection":[{"href":"https:\/\/etab.ac-reunion.fr\/lyc-antoine-de-saint-exupery\/wp-json\/wp\/v2\/posts"}],"about":[{"href":"https:\/\/etab.ac-reunion.fr\/lyc-antoine-de-saint-exupery\/wp-json\/wp\/v2\/types\/post"}],"author":[{"embeddable":true,"href":"https:\/\/etab.ac-reunion.fr\/lyc-antoine-de-saint-exupery\/wp-json\/wp\/v2\/users\/11876"}],"replies":[{"embeddable":true,"href":"https:\/\/etab.ac-reunion.fr\/lyc-antoine-de-saint-exupery\/wp-json\/wp\/v2\/comments?post=2562"}],"version-history":[{"count":2,"href":"https:\/\/etab.ac-reunion.fr\/lyc-antoine-de-saint-exupery\/wp-json\/wp\/v2\/posts\/2562\/revisions"}],"predecessor-version":[{"id":2620,"href":"https:\/\/etab.ac-reunion.fr\/lyc-antoine-de-saint-exupery\/wp-json\/wp\/v2\/posts\/2562\/revisions\/2620"}],"wp:attachment":[{"href":"https:\/\/etab.ac-reunion.fr\/lyc-antoine-de-saint-exupery\/wp-json\/wp\/v2\/media?parent=2562"}],"wp:term":[{"taxonomy":"category","embeddable":true,"href":"https:\/\/etab.ac-reunion.fr\/lyc-antoine-de-saint-exupery\/wp-json\/wp\/v2\/categories?post=2562"},{"taxonomy":"post_tag","embeddable":true,"href":"https:\/\/etab.ac-reunion.fr\/lyc-antoine-de-saint-exupery\/wp-json\/wp\/v2\/tags?post=2562"}],"curies":[{"name":"wp","href":"https:\/\/api.w.org\/{rel}","templated":true}]}}